{"id":24091,"date":"2026-03-16T20:52:52","date_gmt":"2026-03-17T00:52:52","guid":{"rendered":"https:\/\/samantharadionline.com\/?p=24091"},"modified":"2026-03-16T20:52:53","modified_gmt":"2026-03-17T00:52:53","slug":"yo-cojo-mi-demanda-tranquila","status":"publish","type":"post","link":"https:\/\/samantharadionline.com\/index.php\/2026\/03\/16\/yo-cojo-mi-demanda-tranquila\/","title":{"rendered":"\u201cYo cojo mi demanda tranquila\u201d"},"content":{"rendered":"\n<p class=\"has-medium-font-size\"><em>A trav\u00e9s de una transmisi\u00f3n en vivo en Instagram, el cantante afirm\u00f3 que est\u00e1 al tanto de los temas donde suena su voz sin haber grabado con el artista que hizo el lanzamiento, pero aclar\u00f3 que comenzar\u00e1 a tomar acciones cuando esas creaciones se conviertan en \u00e9xitos<\/em><\/p>\n\n\n\n<p><strong>LD, Santo Domingo, RD<\/strong><\/p>\n\n\n\n<p id=\"m46206-46205-46207\">El&nbsp;<strong>rapero&nbsp;<\/strong>y pionero del&nbsp;<strong>g\u00e9nero urbano en Rep\u00fablica Dominicana<\/strong>&nbsp;<strong>L\u00e1piz Conciente&nbsp;<\/strong>advirti\u00f3 a los nuevos exponentes sobre el uso de los&nbsp;<strong>samples<\/strong>&nbsp;(muestra de una obra existente) en las canciones.&nbsp;<\/p>\n\n\n\n<p id=\"m46211-46210-46212\">A trav\u00e9s de una transmisi\u00f3n en vivo en Instagram, el cantante afirm\u00f3 que est\u00e1 al tanto de los temas donde suena su voz sin haber grabado con el artista que hizo el lanzamiento, pero aclar\u00f3 que comenzar\u00e1 a tomar acciones cuando esas creaciones se conviertan en \u00e9xitos.&nbsp;<\/p>\n\n\n\n<p id=\"m46216-46215-46217\">A esto,&nbsp;<strong>Tokischa&nbsp;<\/strong>respondi\u00f3 haciendo referencia a su nuevo sencillo junto a&nbsp;<strong>Ezzy R<\/strong>&nbsp;que inicia con el coro de \u00ab<strong>T\u00fa no ere&#8217; de na<\/strong>&#8216;\u00bb (2012) e incluye la misma pista.&nbsp;<\/p>\n\n\n\n<p id=\"m46221-46220-46222\">\u00abYo cojo mi demanda tranquila\u00bb, escrib\u00f3 la rapera en una historia de Instagram donde se ve cantando en vivo su tema durante su presentaci\u00f3n en el&nbsp;<strong>Picnic Festival 2026<\/strong>&nbsp;en Costa Rica, como parte de su gira \u00ab<strong>Body High Tour<\/strong>\u00ab.&nbsp;<\/p>\n\n\n\n<p id=\"m46226-46225-46227\">Adem\u00e1s, se\u00f1al\u00f3 que el gui\u00f1o al&nbsp;<strong>L\u00e1piz&nbsp;<\/strong>corresponde a un homenaje a su carrera y no a falta de talento para componer.<\/p>\n","protected":false},"excerpt":{"rendered":"<p>A trav\u00e9s de una transmisi\u00f3n en vivo en Instagram, el cantante afirm\u00f3 que est\u00e1 al<\/p>\n","protected":false},"author":1,"featured_media":24092,"comment_status":"open","ping_status":"open","sticky":false,"template":"","format":"standard","meta":{"footnotes":""},"categories":[11],"tags":[],"class_list":["post-24091","post","type-post","status-publish","format-standard","has-post-thumbnail","hentry","category-entretenimiento"],"_links":{"self":[{"href":"https:\/\/samantharadionline.com\/index.php\/wp-json\/wp\/v2\/posts\/24091","targetHints":{"allow":["GET"]}}],"collection":[{"href":"https:\/\/samantharadionline.com\/index.php\/wp-json\/wp\/v2\/posts"}],"about":[{"href":"https:\/\/samantharadionline.com\/index.php\/wp-json\/wp\/v2\/types\/post"}],"author":[{"embeddable":true,"href":"https:\/\/samantharadionline.com\/index.php\/wp-json\/wp\/v2\/users\/1"}],"replies":[{"embeddable":true,"href":"https:\/\/samantharadionline.com\/index.php\/wp-json\/wp\/v2\/comments?post=24091"}],"version-history":[{"count":1,"href":"https:\/\/samantharadionline.com\/index.php\/wp-json\/wp\/v2\/posts\/24091\/revisions"}],"predecessor-version":[{"id":24093,"href":"https:\/\/samantharadionline.com\/index.php\/wp-json\/wp\/v2\/posts\/24091\/revisions\/24093"}],"wp:featuredmedia":[{"embeddable":true,"href":"https:\/\/samantharadionline.com\/index.php\/wp-json\/wp\/v2\/media\/24092"}],"wp:attachment":[{"href":"https:\/\/samantharadionline.com\/index.php\/wp-json\/wp\/v2\/media?parent=24091"}],"wp:term":[{"taxonomy":"category","embeddable":true,"href":"https:\/\/samantharadionline.com\/index.php\/wp-json\/wp\/v2\/categories?post=24091"},{"taxonomy":"post_tag","embeddable":true,"href":"https:\/\/samantharadionline.com\/index.php\/wp-json\/wp\/v2\/tags?post=24091"}],"curies":[{"name":"wp","href":"https:\/\/api.w.org\/{rel}","templated":true}]}}