{"id":24088,"date":"2026-03-16T20:49:54","date_gmt":"2026-03-17T00:49:54","guid":{"rendered":"https:\/\/samantharadionline.com\/?p=24088"},"modified":"2026-03-16T20:49:54","modified_gmt":"2026-03-17T00:49:54","slug":"diplomaticos-de-eeuu-y-autoridades-de-rd-conversan-sobre-fuerza-de-supresion-de-pandillas-en-haiti","status":"publish","type":"post","link":"https:\/\/samantharadionline.com\/index.php\/2026\/03\/16\/diplomaticos-de-eeuu-y-autoridades-de-rd-conversan-sobre-fuerza-de-supresion-de-pandillas-en-haiti\/","title":{"rendered":"Diplom\u00e1ticos de EEUU y autoridades de RD conversan sobre Fuerza de Supresi\u00f3n de Pandillas en Hait\u00ed"},"content":{"rendered":"\n<p class=\"has-medium-font-size\"><em>El ministro de Relaciones Exteriores declar\u00f3 que la reuni\u00f3n surge luego de haber solicitado a Estados Unidos \u00abque nos dieran un estatus del despliegue de esa fuerza\u00bb en Hait\u00ed<\/em><\/p>\n\n\n\n<figure class=\"wp-block-image\"><img decoding=\"async\" src=\"https:\/\/listindiario.com\/files\/image_60_60\/uploads\/2023\/11\/24\/6560daaddb5fe.jpeg\" alt=\"Avatar del Goidy Reyes\"\/><\/figure>\n\n\n\n<p><em>\u00a0<\/em><strong>Goidy Reyes, Dajab\u00f3n, RD<\/strong><\/p>\n\n\n\n<p id=\"m25801-25800-25802\">Los embajadores de Estados Unidos en el territorio haitiano y en Rep\u00fablica Dominicana se reunieron en frontera con el Canciller Roberto \u00c1lvarez, as\u00ed como tambi\u00e9n con el Ministro de Industria, Comercio y Mypimes Eduardo Sanz Lovat\u00f3n y otros funcionarios dominicanos para conocer detalles sobre el despliegue de la nueva Fuerza de Supresi\u00f3n de Pandillas en Hait\u00ed&nbsp;<\/p>\n\n\n\n<p id=\"m25806-25805-25807\">\u00c1lvarez dijo que la nueva Fuerza de Supresi\u00f3n de Pandillas, que considera importante para pacificar Hait\u00ed, ser\u00e1 desplegada a partir del primero de abril.<\/p>\n\n\n\n<p id=\"m25811-25810-25812\">\u00abNosotros les solicitamos a Estados Unidos que nos dieran<strong>&nbsp;un estatus del despliegue de esa fuerza<\/strong>&nbsp;y ese ha sido el objetivo de esta visita hoy aqu\u00ed hasta Dajab\u00f3n. Aqu\u00ed no hab\u00eda autoridad haitiana alguna, eran solamente los funcionarios dominicanos que ven aqu\u00ed presentes y los funcionarios de la embajada de los Estados Unidos en Hait\u00ed y de la embajada en Rep\u00fablica Dominicana\u00bb, dijo Roberto.<\/p>\n\n\n\n<p id=\"m25816-25815-25817\">El ministro de Relaciones Exteriores expres\u00f3 que el&nbsp;<strong>primer batall\u00f3n del pa\u00eds Chad<\/strong>, est\u00e1 siendo entrenado en los Estados Unidos. Adem\u00e1s, sostuvo quer\u00edan saber sobre la transici\u00f3n de retirada del vecino pa\u00eds de la fuerza keniana.<\/p>\n\n\n\n<p id=\"m25821-25820-25822\">\u201cLa resoluci\u00f3n 2793 llama, establece la fuerza de cinco mil quinientos efectivos, se va a comenzar el primero de abril y la fuerza llegar\u00e1 a esos 5,500 para octubre de este a\u00f1o\u201d, explic\u00f3 el funcionario dominicano.<\/p>\n\n\n\n<p id=\"m25826-25825-25827\">El ministro&nbsp;dijo que la<strong>&nbsp;fuerza keniana se retirar\u00e1&nbsp;<\/strong>de Hait\u00ed de manera paulatina, y que no van a salir inmediatamente para que la nueva fuerza llegue y se pueda familiarizar con las posiciones del lugar.<\/p>\n","protected":false},"excerpt":{"rendered":"<p>El ministro de Relaciones Exteriores declar\u00f3 que la reuni\u00f3n surge luego de haber solicitado a<\/p>\n","protected":false},"author":1,"featured_media":24089,"comment_status":"open","ping_status":"open","sticky":false,"template":"","format":"standard","meta":{"footnotes":""},"categories":[12],"tags":[],"class_list":["post-24088","post","type-post","status-publish","format-standard","has-post-thumbnail","hentry","category-nacionales"],"_links":{"self":[{"href":"https:\/\/samantharadionline.com\/index.php\/wp-json\/wp\/v2\/posts\/24088","targetHints":{"allow":["GET"]}}],"collection":[{"href":"https:\/\/samantharadionline.com\/index.php\/wp-json\/wp\/v2\/posts"}],"about":[{"href":"https:\/\/samantharadionline.com\/index.php\/wp-json\/wp\/v2\/types\/post"}],"author":[{"embeddable":true,"href":"https:\/\/samantharadionline.com\/index.php\/wp-json\/wp\/v2\/users\/1"}],"replies":[{"embeddable":true,"href":"https:\/\/samantharadionline.com\/index.php\/wp-json\/wp\/v2\/comments?post=24088"}],"version-history":[{"count":1,"href":"https:\/\/samantharadionline.com\/index.php\/wp-json\/wp\/v2\/posts\/24088\/revisions"}],"predecessor-version":[{"id":24090,"href":"https:\/\/samantharadionline.com\/index.php\/wp-json\/wp\/v2\/posts\/24088\/revisions\/24090"}],"wp:featuredmedia":[{"embeddable":true,"href":"https:\/\/samantharadionline.com\/index.php\/wp-json\/wp\/v2\/media\/24089"}],"wp:attachment":[{"href":"https:\/\/samantharadionline.com\/index.php\/wp-json\/wp\/v2\/media?parent=24088"}],"wp:term":[{"taxonomy":"category","embeddable":true,"href":"https:\/\/samantharadionline.com\/index.php\/wp-json\/wp\/v2\/categories?post=24088"},{"taxonomy":"post_tag","embeddable":true,"href":"https:\/\/samantharadionline.com\/index.php\/wp-json\/wp\/v2\/tags?post=24088"}],"curies":[{"name":"wp","href":"https:\/\/api.w.org\/{rel}","templated":true}]}}