{"id":24085,"date":"2026-03-16T20:47:43","date_gmt":"2026-03-17T00:47:43","guid":{"rendered":"https:\/\/samantharadionline.com\/?p=24085"},"modified":"2026-03-16T20:47:43","modified_gmt":"2026-03-17T00:47:43","slug":"investigan-hecho-en-el-que-fallecio-periodista-joaquin-caraballo-martinez","status":"publish","type":"post","link":"https:\/\/samantharadionline.com\/index.php\/2026\/03\/16\/investigan-hecho-en-el-que-fallecio-periodista-joaquin-caraballo-martinez\/","title":{"rendered":"Investigan hecho en el que falleci\u00f3 periodista Joaqu\u00edn Caraballo Mart\u00ednez"},"content":{"rendered":"\n<p class=\"has-medium-font-size\"><em>El periodista transitaba abordo de motocicleta por el elevado de la avenida Luper\u00f3n<\/em><\/p>\n\n\n\n<p>LD, <strong>Santo Domingo, RD<\/strong><\/p>\n\n\n\n<p id=\"m111399-111398-111400\">La&nbsp;<strong>Polic\u00eda Nacional<\/strong>&nbsp;inform\u00f3 que, en coordinaci\u00f3n con la Direcci\u00f3n General de Seguridad de Tr\u00e1nsito y Transporte Terrestre (Digesett), abri\u00f3 una investigaci\u00f3n para esclarecer las circunstancias en que falleci\u00f3 el periodista&nbsp;<strong>Joaqu\u00edn Caraballo Mart\u00ednez.<\/strong><\/p>\n\n\n\n<p id=\"m111404-111403-111405\">Caraballo,&nbsp;de 45 a\u00f1os, falleci\u00f3 la noche del domingo a consecuencia de golpes recibidos tras sufrir una ca\u00edda mientras se desplazaba en la motocicleta TVS Racing, negra, encima del elevado de la avenida Luper\u00f3n, Distrito Nacional.<\/p>\n\n\n\n<p id=\"m111409-111408-111410\">La instituci\u00f3n precis\u00f3 que, junto con la Digesett, se realizan los levantamientos e investigaciones correspondientes en las inmediaciones del citado lugar y la avenida Independencia, para establecer de manera clara y precisa c\u00f3mo ocurri\u00f3 el tr\u00e1gico hecho.<\/p>\n\n\n\n<p id=\"m111414-111413-111415\">La Polic\u00eda Nacional indic\u00f3 que oportunamente ofrecer\u00e1 mayores detalles conforme avancen las investigaciones.<\/p>\n","protected":false},"excerpt":{"rendered":"<p>El periodista transitaba abordo de motocicleta por el elevado de la avenida Luper\u00f3n LD, Santo<\/p>\n","protected":false},"author":1,"featured_media":24086,"comment_status":"open","ping_status":"open","sticky":false,"template":"","format":"standard","meta":{"footnotes":""},"categories":[12],"tags":[],"class_list":["post-24085","post","type-post","status-publish","format-standard","has-post-thumbnail","hentry","category-nacionales"],"_links":{"self":[{"href":"https:\/\/samantharadionline.com\/index.php\/wp-json\/wp\/v2\/posts\/24085","targetHints":{"allow":["GET"]}}],"collection":[{"href":"https:\/\/samantharadionline.com\/index.php\/wp-json\/wp\/v2\/posts"}],"about":[{"href":"https:\/\/samantharadionline.com\/index.php\/wp-json\/wp\/v2\/types\/post"}],"author":[{"embeddable":true,"href":"https:\/\/samantharadionline.com\/index.php\/wp-json\/wp\/v2\/users\/1"}],"replies":[{"embeddable":true,"href":"https:\/\/samantharadionline.com\/index.php\/wp-json\/wp\/v2\/comments?post=24085"}],"version-history":[{"count":1,"href":"https:\/\/samantharadionline.com\/index.php\/wp-json\/wp\/v2\/posts\/24085\/revisions"}],"predecessor-version":[{"id":24087,"href":"https:\/\/samantharadionline.com\/index.php\/wp-json\/wp\/v2\/posts\/24085\/revisions\/24087"}],"wp:featuredmedia":[{"embeddable":true,"href":"https:\/\/samantharadionline.com\/index.php\/wp-json\/wp\/v2\/media\/24086"}],"wp:attachment":[{"href":"https:\/\/samantharadionline.com\/index.php\/wp-json\/wp\/v2\/media?parent=24085"}],"wp:term":[{"taxonomy":"category","embeddable":true,"href":"https:\/\/samantharadionline.com\/index.php\/wp-json\/wp\/v2\/categories?post=24085"},{"taxonomy":"post_tag","embeddable":true,"href":"https:\/\/samantharadionline.com\/index.php\/wp-json\/wp\/v2\/tags?post=24085"}],"curies":[{"name":"wp","href":"https:\/\/api.w.org\/{rel}","templated":true}]}}