{"id":24082,"date":"2026-03-16T20:44:56","date_gmt":"2026-03-17T00:44:56","guid":{"rendered":"https:\/\/samantharadionline.com\/?p=24082"},"modified":"2026-03-16T20:44:57","modified_gmt":"2026-03-17T00:44:57","slug":"tribunal-ordena-citacion-de-la-madre-de-antonio-espaillat-el-adn-y-obras-publicas-en-caso-jet-set","status":"publish","type":"post","link":"https:\/\/samantharadionline.com\/index.php\/2026\/03\/16\/tribunal-ordena-citacion-de-la-madre-de-antonio-espaillat-el-adn-y-obras-publicas-en-caso-jet-set\/","title":{"rendered":"Tribunal ordena citaci\u00f3n de la madre de Antonio Espaillat, el ADN y Obras P\u00fablicas en caso Jet Set"},"content":{"rendered":"\n<p class=\"has-medium-font-size\"><em>El juez Raymundo Mej\u00eda aplaz\u00f3 la audiencia preliminar para el pr\u00f3ximo 6 de abril y anunci\u00f3 que solicit\u00f3 autorizaci\u00f3n al Poder Judicial para transmitir el proceso en vivo<\/em><\/p>\n\n\n\n<figure class=\"wp-block-image\"><img decoding=\"async\" src=\"https:\/\/listindiario.com\/files\/image_60_60\/uploads\/2023\/05\/11\/645d0fa7541ad.png\" alt=\"Avatar del Ram\u00f3n Cruz Benz\u00e1n\"\/><\/figure>\n\n\n\n<p><strong><em>\u00a0<\/em>Ram\u00f3n Cruz Benz\u00e1n, Santo Domingo, RD\u00a0<\/strong><\/p>\n\n\n\n<p id=\"m57513-57512-57514\">El juez del Primer Juzgado de la Instrucci\u00f3n del Distrito Nacional,&nbsp;<strong>Raymundo Mej\u00eda<\/strong>, dispuso el aplazamiento de la audiencia preliminar por el colapso del techo de la discoteca Jet Set Club, donde perdieron la vida de 236 personas y dej\u00f3 m\u00e1s de un centenar de heridos.<\/p>\n\n\n\n<p id=\"m57518-57517-57519\">La decisi\u00f3n fue adoptada tras incluirse en el proceso la madre de Antonio Espaillat, el Ayuntamiento del Distrito Nacional y el Ministerio de Obras P\u00fablicas.<\/p>\n\n\n\n<p id=\"m57523-57522-57524\">En ese sentido, el juez orden\u00f3 la notificaci\u00f3n formal a la se\u00f1ora Ana Grecia L\u00f3pez, al Ayuntamiento del Distrito Nacional (ADN) y al Ministerio de Obras P\u00fablicas (MOPC), quienes han sido puestos en causa para que respondan por presunta&nbsp;<strong>responsabilidad civil&nbsp;<\/strong>en la tragedia.<\/p>\n\n\n\n<p id=\"m57528-57527-57529\">La audiencia fue reprogramada para el&nbsp;<strong>pr\u00f3ximo 6 de abril<\/strong>, fecha en la que las instituciones estatales deber\u00e1n comparecer para fijar su posici\u00f3n frente a las reclamaciones de las&nbsp;<strong>v\u00edctimas y sus familiares<\/strong>.<\/p>\n\n\n\n<p id=\"m57533-57532-57534\">\u00abEl tribunal tiene el deber de garantizar que todas las partes, incluyendo las demandas&nbsp;<strong>contra el ayuntamiento&nbsp;<\/strong>y el Estado, est\u00e9n debidamente citadas\u00bb, sentenci\u00f3 el magistrado Mej\u00eda, subrayando que la transparencia es vital dada la magnitud del caso.<\/p>\n\n\n\n<h3 class=\"wp-block-heading\">Defensa y log\u00edstica internacional<\/h3>\n\n\n\n<p id=\"m57538-57537-57539\">Durante la audiencia, el abogado&nbsp;<strong>Miguel Valerio<\/strong>, representante de los hermanos<strong>&nbsp;Antonio y Maribel Espaillat<\/strong>, principales implicados de la tragedia, inform\u00f3 al tribunal que la madre de sus defendidos, la se\u00f1ora L\u00f3pez, de 85 a\u00f1os de edad y que padece de Alzheimer , reside actualmente en el estado de la Florida, Estados Unidos.<\/p>\n\n\n\n<p id=\"m57543-57542-57544\">Valerio proporcion\u00f3 la direcci\u00f3n correspondiente para asegurar que las notificaciones internacionales se realicen conforme a la ley.<\/p>\n\n\n\n<p id=\"m57548-57547-57549\">El juez Mej\u00eda anunci\u00f3 que el tribunal sesionar\u00e1 los&nbsp;<strong>lunes y viernes<\/strong>, con el objetivo de evitar que la carga burocr\u00e1tica detenga el avance del juicio, as\u00ed como la complejidad del expediente y la alta cantidad de querellantes.<\/p>\n\n\n\n<p id=\"m57553-57552-57554\">Inform\u00f3 que solicit\u00f3 autorizaci\u00f3n al&nbsp;<strong>Poder Judicial<\/strong>&nbsp;para transmitir la&nbsp;<strong>audiencia preliminar en vivo<\/strong>&nbsp;desde el sal\u00f3n del Primer Tribunal Colegiado, garantizando as\u00ed el acceso a la informaci\u00f3n para toda la sociedad.<\/p>\n\n\n\n<h3 class=\"wp-block-heading\">\u00abNo ser\u00e1 un laberinto procesal\u00bb<\/h3>\n\n\n\n<p id=\"m57558-57557-57559\">El juez Raymundo Mej\u00eda reconoci\u00f3 que la cantidad de actores civiles&nbsp;<strong>dificulta el control del proceso<\/strong>, pero se mostr\u00f3 tajante en su compromiso con la celeridad.<\/p>\n\n\n\n<p id=\"m57563-57562-57564\">\u00abYo asumo la responsabilidad de avanzar. Lo que se necesita ahora es que ustedes prueben sus&nbsp;<strong>argumentos en el estrado<\/strong>. No permitir\u00e9 que este caso se convierta en un<strong>&nbsp;laberinto procesal sin salida<\/strong>\u00ab, concluy\u00f3 el magistrado.<\/p>\n\n\n\n<p id=\"m57568-57567-57569\">En la audiencia, se dieron calidades por cinco&nbsp;<strong>nuevos querellantes<\/strong>&nbsp;que constituyeron en contra de los hermanos Espaillat, acusados de los delitos de homicidio involuntario, golpes y heridas involuntarias.<\/p>\n","protected":false},"excerpt":{"rendered":"<p>El juez Raymundo Mej\u00eda aplaz\u00f3 la audiencia preliminar para el pr\u00f3ximo 6 de abril y<\/p>\n","protected":false},"author":1,"featured_media":24083,"comment_status":"open","ping_status":"open","sticky":false,"template":"","format":"standard","meta":{"footnotes":""},"categories":[12],"tags":[],"class_list":["post-24082","post","type-post","status-publish","format-standard","has-post-thumbnail","hentry","category-nacionales"],"_links":{"self":[{"href":"https:\/\/samantharadionline.com\/index.php\/wp-json\/wp\/v2\/posts\/24082","targetHints":{"allow":["GET"]}}],"collection":[{"href":"https:\/\/samantharadionline.com\/index.php\/wp-json\/wp\/v2\/posts"}],"about":[{"href":"https:\/\/samantharadionline.com\/index.php\/wp-json\/wp\/v2\/types\/post"}],"author":[{"embeddable":true,"href":"https:\/\/samantharadionline.com\/index.php\/wp-json\/wp\/v2\/users\/1"}],"replies":[{"embeddable":true,"href":"https:\/\/samantharadionline.com\/index.php\/wp-json\/wp\/v2\/comments?post=24082"}],"version-history":[{"count":1,"href":"https:\/\/samantharadionline.com\/index.php\/wp-json\/wp\/v2\/posts\/24082\/revisions"}],"predecessor-version":[{"id":24084,"href":"https:\/\/samantharadionline.com\/index.php\/wp-json\/wp\/v2\/posts\/24082\/revisions\/24084"}],"wp:featuredmedia":[{"embeddable":true,"href":"https:\/\/samantharadionline.com\/index.php\/wp-json\/wp\/v2\/media\/24083"}],"wp:attachment":[{"href":"https:\/\/samantharadionline.com\/index.php\/wp-json\/wp\/v2\/media?parent=24082"}],"wp:term":[{"taxonomy":"category","embeddable":true,"href":"https:\/\/samantharadionline.com\/index.php\/wp-json\/wp\/v2\/categories?post=24082"},{"taxonomy":"post_tag","embeddable":true,"href":"https:\/\/samantharadionline.com\/index.php\/wp-json\/wp\/v2\/tags?post=24082"}],"curies":[{"name":"wp","href":"https:\/\/api.w.org\/{rel}","templated":true}]}}