{"id":24074,"date":"2026-03-16T09:37:20","date_gmt":"2026-03-16T13:37:20","guid":{"rendered":"https:\/\/samantharadionline.com\/?p=24074"},"modified":"2026-03-16T09:37:21","modified_gmt":"2026-03-16T13:37:21","slug":"estas-elecciones-confirman-la-implantacion-de-la-extrema-derecha-y-la-izquierda-radical-en-la-sociedad-francesa","status":"publish","type":"post","link":"https:\/\/samantharadionline.com\/index.php\/2026\/03\/16\/estas-elecciones-confirman-la-implantacion-de-la-extrema-derecha-y-la-izquierda-radical-en-la-sociedad-francesa\/","title":{"rendered":"\u00abEstas elecciones confirman la implantaci\u00f3n de la extrema derecha y la izquierda radical en la sociedad francesa\u00bb"},"content":{"rendered":"\n<p class=\"has-medium-font-size\"><em>En esta primera vuelta, la extrema derecha y la izquierda radical consolidan su instalaci\u00f3n en el panorama municipal. La Agrupaci\u00f3n Nacional (RN) consigue 24 alcald\u00edas, queda segunda en 60 comunas y La Francia Insumisa logra que sus postulantes se clasifiquen para la segunda vuelta, incluso por delante de candidatos socialistas. Este domingo se registr\u00f3 la abstenci\u00f3n m\u00e1s alta en 40 a\u00f1os, a excepci\u00f3n del 2020 en plena pandemia de Covid-19. An\u00e1lisis con Federico Vacas, director de Pol\u00edtica de la encuestadora Ipsos<\/em><\/p>\n\n\n\n<p>Por: A\u00edda Palau<\/p>\n\n\n\n<p><strong>RFI: \u00bfEstamos ante una consolidaci\u00f3n duradera de la Agrupaci\u00f3n Nacional (RN) y de la Francia Insumisa (LFI)?<\/strong><\/p>\n\n\n\n<p><strong>Federico Vacas:\u00a0<\/strong>Los dos obtienen buenos resultados, pero al mismo tiempo hay que moderar un poco porque son resultados variables. Es decir, en funci\u00f3n de las ciudades y de las regiones, ha habido resultados bastante dispares. La\u00a0extrema derecha\u00a0ha conseguido triunfos importantes, simb\u00f3licos, en el sur, sobre todo, como en Perpi\u00f1\u00e1n. Ah\u00ed el candidato de RN se ha impuesto en la primera vuelta. Pero en otras ciudades grandes, a excepci\u00f3n de\u00a0Marsella, han tenido dificultades para progresar e implantarse, como en Lyon o en\u00a0Par\u00eds, por ejemplo. La Francia Insumisa obtiene muy buenos resultados a nivel global, realmente son sorprendentes, con un crecimiento muy fuerte en determinadas ciudades, como Lille o\u00a0Toulouse, y en la regi\u00f3n parisina, en las afueras de Par\u00eds. Pero tambi\u00e9n en este caso hay diferencias seg\u00fan las regiones. En Par\u00eds o Lyon han obtenido resultados m\u00e1s modestos, con lo cual es una victoria para la izquierda radical, pero no una victoria completa.<\/p>\n\n\n\n<figure class=\"wp-block-image\"><img decoding=\"async\" src=\"https:\/\/s.rfi.fr\/media\/display\/e62de7b0-212b-11f1-9432-005056a90284\/w:1024\/2026-03-07T033740Z-99285351-RC24VJAGRJCT-RTRMADP-3-FRANCE-ELECTION-PERPIGNAN.jpg\" alt=\"Louis Aliot, alcalde de Perpi\u00f1\u00e1n y candidato del partido Agrupaci\u00f3n Nacional (RN) a las elecciones municipales fue reelegido en primera vuelta este domingo. REUTERS\/Manon Cruz\"\/><figcaption class=\"wp-element-caption\">Louis Aliot, alcalde de Perpi\u00f1\u00e1n y candidato del partido Agrupaci\u00f3n Nacional (RN) a las elecciones municipales fue reelegido en primera vuelta este domingo. REUTERS\/Manon Cruz&nbsp;REUTERS &#8211; Manon Cruz<\/figcaption><\/figure>\n\n\n\n<p><strong>RFI: En el caso de Par\u00eds, el candidato de la izquierda, Emmanuel Gr\u00e9goire, ha conseguido un porcentaje mayor (38%) del que indicaban los sondeos. \u00bfC\u00f3mo se perfila el balotaje teniendo en cuenta que cinco candidatos se han clasificado?<\/strong><\/p>\n\n\n\n<p><strong>Federico Vacas:<\/strong>\u00a0Par\u00eds ha votado no solamente para las elecciones municipales, sino tambi\u00e9n de cara a las elecciones presidenciales o legislativas, claramente en favor de la izquierda. Los sondeos auguraban una elecci\u00f3n m\u00e1s peleada, esta vez con la candidata de la derecha, Rachida Dati (25%), que ten\u00eda posibilidades de obtener una victoria. Finalmente, los resultados de la primera vuelta son bastante positivos para la izquierda y para el\u00a0Partido Socialista\u00a0en particular. La segunda vuelta, efectivamente, se va a jugar en funci\u00f3n de las negociaciones y de la fusi\u00f3n de las distintas listas. Tienen tiempo hasta ma\u00f1ana (martes). Es muy dif\u00edcil, sin embargo, que la derecha consiga aliarse a la vez con el candidato de centro derecha y con la candidata de extrema derecha calificada para la segunda vuelta. Va a ser muy complicado que logre poner a todo el mundo de acuerdo en una fusi\u00f3n y quiz\u00e1s no sea una buena idea. Con lo cual hoy las cosas no est\u00e1n definidas en Par\u00eds. Pero el candidato socialista es el favorito para ganar la segunda vuelta el domingo pr\u00f3ximo.<\/p>\n\n\n\n<figure class=\"wp-block-image\"><img decoding=\"async\" src=\"https:\/\/s.rfi.fr\/media\/display\/f5153192-1ebb-11f1-84bc-005056a97e36\/w:1024\/000-A32Y8QA.jpg\" alt=\"El diputado socialista y candidato a la alcald\u00eda de Par\u00eds, Emmanuel Gr\u00e9goire, en el Cirque d'Hiver de Par\u00eds el 12 de marzo de 2026, antes de las elecciones municipales francesas.\"\/><figcaption class=\"wp-element-caption\">El diputado socialista y candidato a la alcald\u00eda de Par\u00eds, Emmanuel Gr\u00e9goire, en el Cirque d&#8217;Hiver de Par\u00eds el 12 de marzo de 2026, antes de las elecciones municipales francesas.&nbsp;AFP &#8211; MARTIN LELIEVRE<\/figcaption><\/figure>\n\n\n\n<p><strong>RFI: El centro del presidente\u00a0Emmanuel Macron\u00a0ha desaparecido casi por completo, a excepci\u00f3n de Edouard Philippe en Le Havre (44%).<\/strong><\/p>\n\n\n\n<p><strong>Federico Vacas:&nbsp;<\/strong>A nivel municipal, ya en las elecciones del 2020, el centro hab\u00eda tenido resultados muy modestos. Los resultados de ayer a la noche confirman esta tendencia. Hay muy pocos casos en los cuales las fuerzas pr\u00f3ximas a Emmanuel Macron obtienen buenos resultados. Ha sido una decepci\u00f3n que se esperaba, pero que las urnas han confirmado ayer por la noche.<\/p>\n\n\n\n<p><strong>RFI: La participaci\u00f3n ha sido muy baja, entre el 56% y el 58,5%, \u00bfc\u00f3mo se explica? \u00bfSe puede esperar mayor afluencia a las urnas el domingo que viene?<\/strong><\/p>\n\n\n\n<p><strong>Federico Vacas:&nbsp;<\/strong>S\u00ed, efectivamente, la participaci\u00f3n ha sido baja, por supuesto, bastante m\u00e1s elevada que en las elecciones del 2020, marcadas por el COVID, pero estamos ante la participaci\u00f3n m\u00e1s baja en unas elecciones municipales en las \u00faltimas d\u00e9cadas. Esto forma parte de una tendencia global. Lo vemos tambi\u00e9n de manera tendencial en las elecciones presidenciales y legislativas, con una participaci\u00f3n que retrocede de elecci\u00f3n en elecci\u00f3n. Hay una sensaci\u00f3n de una parte de la ciudadan\u00eda francesa de que estas elecciones municipales no cambian la vida cotidiana de la gente, con una buena parte de la poblaci\u00f3n que est\u00e1 muy descontenta con la situaci\u00f3n de manera general y con la clase pol\u00edtica. Ha habido contadas excepciones en algunas ciudades del norte donde hab\u00eda mucha incertidumbre. Vamos a ver qu\u00e9 pasa en esta segunda vuelta, pero evidentemente, en funci\u00f3n de qui\u00e9n movilice m\u00e1s a su electorado, esto puede jugar en favor de unos o de otros el pr\u00f3ximo domingo. &nbsp;<\/p>\n\n\n\n<p><strong>RFI: \u00bfQu\u00e9 lectura se puede hacer de estos resultados de cara a las elecciones presidenciales del a\u00f1o que viene?<\/strong><\/p>\n\n\n\n<p><strong>Federico Vacas:&nbsp;<\/strong>Por el momento es complicado sacar conclusiones con \u00fanicamente la primera vuelta. Esta primera ronda permite, en todo caso, confirmar que la extrema derecha va a ser una fuerza mayor y que, del otro lado, la izquierda radical va a tener su peso tambi\u00e9n y va a ser una fuerza pol\u00edtica con la cual va a haber que negociar o, en todo caso, que el Partido Socialista y la izquierda moderada van a tener que considerar esta fuerza de izquierda radical, porque los resultados muestran que su implantaci\u00f3n se confirma. Ahora, vamos a ver, entre hoy y ma\u00f1ana martes, cu\u00e1l es la estrategia de alianzas que tiene la izquierda moderada y en particular el Partido Socialista con la Francia Insumisa. Es una situaci\u00f3n muy delicada porque justamente la situaci\u00f3n var\u00eda en funci\u00f3n de las ciudades y, al mismo tiempo, la tonalidad que haya en los acuerdos o no acuerdos entre el Partido Socialista y la izquierda radical va a mandar un mensaje al electorado de cara a las pr\u00f3ximas elecciones presidenciales, por lo cual es muy importante no solamente esperar el resultado de la segunda vuelta municipal, sino tambi\u00e9n mirar qu\u00e9 es lo que pasa a nivel local, cu\u00e1l es el tono global de la relaci\u00f3n entre el Partido Socialista y la izquierda radical, porque esto va a condicionar, sin ninguna duda, las elecciones presidenciales del a\u00f1o pr\u00f3ximo.<\/p>\n\n\n\n<figure class=\"wp-block-image\"><img decoding=\"async\" src=\"https:\/\/s.rfi.fr\/media\/display\/1d527dfe-fe78-11f0-a510-005056a97e36\/w:1024\/000-94MA7AK.jpg\" alt=\"Jean-Luc M\u00e9lenchon, l\u00edder de la Francia Insumisa en Paris, el 30 de enero de 2026.\"\/><figcaption class=\"wp-element-caption\">Jean-Luc M\u00e9lenchon, l\u00edder de la Francia Insumisa en Paris, el 30 de enero de 2026.&nbsp;\u00a9 AFP &#8211; STEPHANE DE SAKUTIN<\/figcaption><\/figure>\n\n\n\n<p><strong>RFI: \u00bfQu\u00e9 resultado destacar\u00eda de esta primera vuelta? &nbsp;<\/strong><\/p>\n\n\n\n<p><strong>Federico Vacas:&nbsp;<\/strong>Me quedar\u00eda con el hecho de que los resultados han sido bastante dispares en funci\u00f3n de las distintas ciudades y regiones, pero si hay que retener algo, es que estas elecciones municipales confirman la implantaci\u00f3n, el peso pol\u00edtico de la extrema derecha. Aunque ya lo sab\u00edamos, tambi\u00e9n se confirma que la izquierda radical tiene un peso importante hoy en la sociedad francesa y que ser\u00e1 un actor con el que se va a tener en cuenta en las pr\u00f3ximas elecciones presidenciales del a\u00f1o pr\u00f3ximo.<\/p>\n","protected":false},"excerpt":{"rendered":"<p>En esta primera vuelta, la extrema derecha y la izquierda radical consolidan su instalaci\u00f3n en<\/p>\n","protected":false},"author":1,"featured_media":24075,"comment_status":"open","ping_status":"open","sticky":false,"template":"","format":"standard","meta":{"footnotes":""},"categories":[4],"tags":[],"class_list":["post-24074","post","type-post","status-publish","format-standard","has-post-thumbnail","hentry","category-mundiales"],"_links":{"self":[{"href":"https:\/\/samantharadionline.com\/index.php\/wp-json\/wp\/v2\/posts\/24074","targetHints":{"allow":["GET"]}}],"collection":[{"href":"https:\/\/samantharadionline.com\/index.php\/wp-json\/wp\/v2\/posts"}],"about":[{"href":"https:\/\/samantharadionline.com\/index.php\/wp-json\/wp\/v2\/types\/post"}],"author":[{"embeddable":true,"href":"https:\/\/samantharadionline.com\/index.php\/wp-json\/wp\/v2\/users\/1"}],"replies":[{"embeddable":true,"href":"https:\/\/samantharadionline.com\/index.php\/wp-json\/wp\/v2\/comments?post=24074"}],"version-history":[{"count":1,"href":"https:\/\/samantharadionline.com\/index.php\/wp-json\/wp\/v2\/posts\/24074\/revisions"}],"predecessor-version":[{"id":24076,"href":"https:\/\/samantharadionline.com\/index.php\/wp-json\/wp\/v2\/posts\/24074\/revisions\/24076"}],"wp:featuredmedia":[{"embeddable":true,"href":"https:\/\/samantharadionline.com\/index.php\/wp-json\/wp\/v2\/media\/24075"}],"wp:attachment":[{"href":"https:\/\/samantharadionline.com\/index.php\/wp-json\/wp\/v2\/media?parent=24074"}],"wp:term":[{"taxonomy":"category","embeddable":true,"href":"https:\/\/samantharadionline.com\/index.php\/wp-json\/wp\/v2\/categories?post=24074"},{"taxonomy":"post_tag","embeddable":true,"href":"https:\/\/samantharadionline.com\/index.php\/wp-json\/wp\/v2\/tags?post=24074"}],"curies":[{"name":"wp","href":"https:\/\/api.w.org\/{rel}","templated":true}]}}