{"id":24062,"date":"2026-03-16T09:24:50","date_gmt":"2026-03-16T13:24:50","guid":{"rendered":"https:\/\/samantharadionline.com\/?p=24062"},"modified":"2026-03-16T09:25:23","modified_gmt":"2026-03-16T13:25:23","slug":"procuradora-anuncia-nuevo-protocolo-sobre-escena-de-crimen-inicia-el-1-de-abril","status":"publish","type":"post","link":"https:\/\/samantharadionline.com\/index.php\/2026\/03\/16\/procuradora-anuncia-nuevo-protocolo-sobre-escena-de-crimen-inicia-el-1-de-abril\/","title":{"rendered":"Anuncian nuevo protocolo sobre escena de crimen"},"content":{"rendered":"\n<p class=\"has-medium-font-size\"><em>Yeni Berenice Reynoso, procuradora general, habla en el seminario Investigaci\u00f3n T\u00e9cnica del Ministerio P\u00fablico<\/em><\/p>\n\n\n\n<p><strong>LD, Santo Domingo. RD<\/strong><\/p>\n\n\n\n<p id=\"m38387-38386-38388\">La procuradora general de la Rep\u00fablica, Yeni Berenice Reynoso, destac\u00f3 que el Ministerio P\u00fablico avanza en la tecnificaci\u00f3n de todos sus procesos, con el objetivo de estandarizar la calidad de los servicios y facilitar la respuesta oportuna a la ciudadan\u00eda, y en ese sentido iniciar\u00e1 un Nuevo Modelo de Procesamiento de Escena de Crimen, en coordinaci\u00f3n con la Polic\u00eda Nacional.<\/p>\n\n\n\n<p id=\"m38392-38391-38393\">\u201cNo podemos nosotros quedarnos en una metodolog\u00eda de investigaci\u00f3n que no se corresponde con los tiempos actuales, y, por esta raz\u00f3n, es que, reitero, esa transformaci\u00f3n de las investigaciones es indetenible\u201d, expres\u00f3, al citar los nuevos retos en la lucha contra la criminalidad.<\/p>\n\n\n\n<p id=\"m38397-38396-38398\">\u201cNosotros no queremos plan piloto; nosotros queremos entrar al cien por ciento en todos los distritos judiciales a operar. No es ni siquiera para parecer m\u00e1s modernos, es para facilitarles a los ciudadanos la posibilidad de obtener una decisi\u00f3n de manera oportuna y de calidad\u201d, dijo.<\/p>\n\n\n\n<p id=\"m38402-38401-38403\">Reynoso hizo el planteamiento al abrir el seminario Investigaci\u00f3n T\u00e9cnica del Ministerio P\u00fablico: herramientas y nuevos desaf\u00edos para miembros del Ministerio P\u00fablico que, esta vez, se focaliz\u00f3 en servidores de la zona este del pa\u00eds.<\/p>\n\n\n\n<p id=\"m38407-38406-38408\">En la capacitaci\u00f3n, impartida a trav\u00e9s del Instituto de Educaci\u00f3n Superior Escuela Nacional del Ministerio P\u00fablico (IES-ENMP), participan integrantes del Ministerio P\u00fablico a nivel nacional. Durante su exposici\u00f3n, la procuradora general reiter\u00f3 que del trabajo de los fiscales depende la vida y la calidad de las personas, sus derechos y sus bienes.<\/p>\n\n\n\n<p id=\"m38412-38411-38413\">En la actividad educativa, realizada en la sede de la Procuradur\u00eda General de la Rep\u00fablica, particip\u00f3 el mayor general Andr\u00e9s Modesto Cruz Cruz, director de la Polic\u00eda Nacional, y \u00c1ngel Brito, director de la Escuela Nacional de la Judicatura.<\/p>\n\n\n\n<p id=\"m38417-38416-38418\">Adem\u00e1s, la rectora del IES-ENMP, Marien Montero Beard; el procurador adjunto Wilson Camacho, titular de la Direcci\u00f3n General de Persecuci\u00f3n del Ministerio P\u00fablico, y la procuradora de corte Isaura Su\u00e1rez, responsable de la Direcci\u00f3n Carrera del Ministerio P\u00fablico.<\/p>\n\n\n\n<p id=\"m38422-38421-38423\">Asimismo, el director de la Polic\u00eda Cient\u00edfica de la Polic\u00eda Nacional, coronel Fulvio Emilio Grull\u00f3n Penso, y la directora general del Instituto Nacional de Ciencias Forenses (Inacif), Sonia Lebr\u00f3n.<\/p>\n\n\n\n<p id=\"m38427-38426-38428\">Al referirse a las acciones impulsadas para garantizar un servicio de calidad a la poblaci\u00f3n, la procuradora general pidi\u00f3 a los miembros del Ministerio P\u00fablico trabajar siempre para una mayor eficiencia. \u201cLes pido a cada uno de ustedes que cuando se levanten le pongan toda la pasi\u00f3n, toda la energ\u00eda, toda la dedicaci\u00f3n a lo que ustedes hacen; porque ese trabajo, lo vale, por mucho lo vale, y piensen que de cada acci\u00f3n nuestra puede depender la vida y la calidad de vida de una persona\u201d.<\/p>\n\n\n\n<p id=\"m38432-38431-38433\">Valor\u00f3 la disposici\u00f3n de la Polic\u00eda Nacional a garantizar que sus actas de inspecci\u00f3n de la escena del crimen puedan ser entregadas a los fiscales por la v\u00eda digital, as\u00ed como al Poder Judicial por su plataforma para tramitar todas las \u00f3rdenes e instancias que se puedan depositar.<\/p>\n\n\n\n<p id=\"m38437-38436-38438\"><strong>Tecnificaci\u00f3n y transformaci\u00f3n<\/strong><\/p>\n\n\n\n<p id=\"m38442-38441-38443\">Yeni Berenice explic\u00f3 que el Ministerio P\u00fablico ha establecido la necesidad de un nuevo modelo de procesamiento de la escena el crimen. En ese orden, enfatiz\u00f3 en que el Instituto Nacional de Ciencias Forenses tiene que tecnificarse y tiene que transformarse. \u201cHemos dicho y reiterado que vamos a tener el Instituto de Ciencias Forenses m\u00e1s moderno de Iberoam\u00e9rica, el m\u00e1s tecnificado\u201d, reiter\u00f3.<\/p>\n\n\n\n<p id=\"m38447-38446-38448\">Destac\u00f3 que el Ministerio P\u00fablico se encuentran desarrollando la planificaci\u00f3n para las edificaciones de la construcci\u00f3n del Inacif central en Santo Domingo Este y en Santiago, en la avenida 27 de Febrero.<\/p>\n\n\n\n<p id=\"m38452-38451-38453\">Record\u00f3 que a partir de abril los miembros del Ministerio P\u00fablico comenzar\u00e1n a utilizar los chalecos antibalas y las c\u00e1maras digitales por instrucci\u00f3n general.<\/p>\n\n\n\n<p id=\"m38457-38456-38458\">\u201cLas c\u00e1maras corporales que ustedes van a conocer hoy sus propiedades y que ya est\u00e1n en manos del Ministerio P\u00fablico, son c\u00e1maras de \u00faltima generaci\u00f3n, lo mejor que hay en el mercado y que tiene que ver con la necesidad de aquellas actuaciones con inspecciones en el lugar del hecho\u201d, detall\u00f3.<\/p>\n\n\n\n<p id=\"m38462-38461-38463\">En la apertura del programa participaron miembros del Consejo Superior del Ministerio P\u00fablico y del Consejo Acad\u00e9mico del IES-ENMP, procuradores generales de Corte de Apelaci\u00f3n, fiscales titulares, directores de las procuradur\u00edas especializadas y miembros de los cuerpos castrenses.<\/p>\n\n\n\n<p id=\"m38467-38466-38468\">De su lado, la rectora Marien Montero Beard destac\u00f3 la importancia del programa de formaci\u00f3n. Explic\u00f3 que en este primer trimestre del a\u00f1o han sido capacitados el 26% de la matr\u00edcula de fiscales sobre la nueva normativa penal.<\/p>\n","protected":false},"excerpt":{"rendered":"<p>Yeni Berenice Reynoso, procuradora general, habla en el seminario Investigaci\u00f3n T\u00e9cnica del Ministerio P\u00fablico LD,<\/p>\n","protected":false},"author":1,"featured_media":24063,"comment_status":"open","ping_status":"open","sticky":false,"template":"","format":"standard","meta":{"footnotes":""},"categories":[12],"tags":[],"class_list":["post-24062","post","type-post","status-publish","format-standard","has-post-thumbnail","hentry","category-nacionales"],"_links":{"self":[{"href":"https:\/\/samantharadionline.com\/index.php\/wp-json\/wp\/v2\/posts\/24062","targetHints":{"allow":["GET"]}}],"collection":[{"href":"https:\/\/samantharadionline.com\/index.php\/wp-json\/wp\/v2\/posts"}],"about":[{"href":"https:\/\/samantharadionline.com\/index.php\/wp-json\/wp\/v2\/types\/post"}],"author":[{"embeddable":true,"href":"https:\/\/samantharadionline.com\/index.php\/wp-json\/wp\/v2\/users\/1"}],"replies":[{"embeddable":true,"href":"https:\/\/samantharadionline.com\/index.php\/wp-json\/wp\/v2\/comments?post=24062"}],"version-history":[{"count":2,"href":"https:\/\/samantharadionline.com\/index.php\/wp-json\/wp\/v2\/posts\/24062\/revisions"}],"predecessor-version":[{"id":24065,"href":"https:\/\/samantharadionline.com\/index.php\/wp-json\/wp\/v2\/posts\/24062\/revisions\/24065"}],"wp:featuredmedia":[{"embeddable":true,"href":"https:\/\/samantharadionline.com\/index.php\/wp-json\/wp\/v2\/media\/24063"}],"wp:attachment":[{"href":"https:\/\/samantharadionline.com\/index.php\/wp-json\/wp\/v2\/media?parent=24062"}],"wp:term":[{"taxonomy":"category","embeddable":true,"href":"https:\/\/samantharadionline.com\/index.php\/wp-json\/wp\/v2\/categories?post=24062"},{"taxonomy":"post_tag","embeddable":true,"href":"https:\/\/samantharadionline.com\/index.php\/wp-json\/wp\/v2\/tags?post=24062"}],"curies":[{"name":"wp","href":"https:\/\/api.w.org\/{rel}","templated":true}]}}