{"id":24057,"date":"2026-03-16T09:19:33","date_gmt":"2026-03-16T13:19:33","guid":{"rendered":"https:\/\/samantharadionline.com\/?p=24057"},"modified":"2026-03-16T09:19:33","modified_gmt":"2026-03-16T13:19:33","slug":"medidas-para-los-sectores-mas-vulnerables-ante-el-alza-de-los-combustibles","status":"publish","type":"post","link":"https:\/\/samantharadionline.com\/index.php\/2026\/03\/16\/medidas-para-los-sectores-mas-vulnerables-ante-el-alza-de-los-combustibles\/","title":{"rendered":"Medidas para los sectores m\u00e1s vulnerables ante el alza de los combustibles"},"content":{"rendered":"\n<p class=\"has-medium-font-size\"><em>Advirtieron que esta situaci\u00f3n puede terminar impactando toda la cadena de distribuci\u00f3n de alimentos y bienes esenciales<\/em><\/p>\n\n\n\n<p><strong>RLD, Santo Domingo, RD<\/strong><\/p>\n\n\n\n<p id=\"m22856-22855-22857\">Ante el reciente aumento de RD$ 5.00 por gal\u00f3n para las&nbsp;<strong>gasolinas regular y premium<\/strong>, as\u00ed como para el gasoil regular y \u00f3ptimo,&nbsp;el Frente de Integridad Nacional (FIN) expres\u00f3 que este incremento afecta de manera directa la econom\u00eda de las familias dominicanas y se agrava por el contexto internacional marcado por conflictos y tensiones geopol\u00edticas.<\/p>\n\n\n\n<p id=\"m22861-22860-22862\">Mediante un comunicado de prensa expresaron que el incremento sostenido de los&nbsp;<strong>precios de gasolina<\/strong>&nbsp;y otros combustibles tiene un efecto directo en el costo de la vida de los dominicanos, clasificando de urgente implementar pol\u00edticas responsables que protejan a la poblaci\u00f3n.<\/p>\n\n\n\n<p id=\"m22866-22865-22867\">Propone revisar los mecanismos de fijaci\u00f3n de precios de los&nbsp;<strong>combustibles<\/strong>, adem\u00e1s de promover mayor transparencia en la estructura de costos y desarrollar pol\u00edticas que permitan reducir la presi\u00f3n sobre los consumidores, especialmente en los sectores m\u00e1s vulnerables.<\/p>\n\n\n\n<p id=\"m22871-22870-22872\">De igual forma, el secretario general de la Federaci\u00f3n Nacional de Trabajadores del Transporte Social Cristianos (Fenattransc), Mario D\u00edaz, exigi\u00f3 con car\u00e1cter de \u201curgencia\u201d un plan de medidas que permitan enfrentar los efectos negativos y los aumentos en los precios de los derivados del&nbsp;<strong>petr\u00f3leo<\/strong>.<\/p>\n\n\n\n<p id=\"m22876-22875-22877\">\u201cEl pa\u00eds no pod\u00eda esperar a que la crisis nos sorprendiera; deb\u00edamos anticipar escenarios y tomar decisiones estrat\u00e9gicas para evitar que ese conflicto internacional desestabilizara la econom\u00eda dominicana\u201d, declar\u00f3 D\u00edaz.<\/p>\n\n\n\n<p id=\"m22881-22880-22882\">Record\u00f3 que, antes de que estallara el conflicto, ya hab\u00edan planteado la necesidad de que el<strong>&nbsp;Gabinete de Transporte<\/strong>, en coordinaci\u00f3n con el&nbsp;<strong>Ministerio de Industria, Comercio y Mipymes<\/strong>, conformara una mesa de trabajo interinstitucional, en la cual participaran t\u00e9cnicos y especialistas de las federaciones del transporte de pasajeros y de cargas, as\u00ed como representantes del sector empresarial vinculado al mercado de los combustibles.<\/p>\n\n\n\n<p id=\"m22886-22885-22887\">Aunque en principio solo se han visto afectados los derivados de este combustible f\u00f3sil, D\u00edaz advirti\u00f3 que esta situaci\u00f3n puede terminar impactando toda la cadena de distribuci\u00f3n de alimentos y bienes esenciales, recomendando la b\u00fasqueda de nuevos suplidores para garantizar nuestras fuentes de importaci\u00f3n y reducir los riesgos de desabastecimiento.<\/p>\n","protected":false},"excerpt":{"rendered":"<p>Advirtieron que esta situaci\u00f3n puede terminar impactando toda la cadena de distribuci\u00f3n de alimentos y<\/p>\n","protected":false},"author":1,"featured_media":24058,"comment_status":"open","ping_status":"open","sticky":false,"template":"","format":"standard","meta":{"footnotes":""},"categories":[10],"tags":[],"class_list":["post-24057","post","type-post","status-publish","format-standard","has-post-thumbnail","hentry","category-economica"],"_links":{"self":[{"href":"https:\/\/samantharadionline.com\/index.php\/wp-json\/wp\/v2\/posts\/24057","targetHints":{"allow":["GET"]}}],"collection":[{"href":"https:\/\/samantharadionline.com\/index.php\/wp-json\/wp\/v2\/posts"}],"about":[{"href":"https:\/\/samantharadionline.com\/index.php\/wp-json\/wp\/v2\/types\/post"}],"author":[{"embeddable":true,"href":"https:\/\/samantharadionline.com\/index.php\/wp-json\/wp\/v2\/users\/1"}],"replies":[{"embeddable":true,"href":"https:\/\/samantharadionline.com\/index.php\/wp-json\/wp\/v2\/comments?post=24057"}],"version-history":[{"count":1,"href":"https:\/\/samantharadionline.com\/index.php\/wp-json\/wp\/v2\/posts\/24057\/revisions"}],"predecessor-version":[{"id":24059,"href":"https:\/\/samantharadionline.com\/index.php\/wp-json\/wp\/v2\/posts\/24057\/revisions\/24059"}],"wp:featuredmedia":[{"embeddable":true,"href":"https:\/\/samantharadionline.com\/index.php\/wp-json\/wp\/v2\/media\/24058"}],"wp:attachment":[{"href":"https:\/\/samantharadionline.com\/index.php\/wp-json\/wp\/v2\/media?parent=24057"}],"wp:term":[{"taxonomy":"category","embeddable":true,"href":"https:\/\/samantharadionline.com\/index.php\/wp-json\/wp\/v2\/categories?post=24057"},{"taxonomy":"post_tag","embeddable":true,"href":"https:\/\/samantharadionline.com\/index.php\/wp-json\/wp\/v2\/tags?post=24057"}],"curies":[{"name":"wp","href":"https:\/\/api.w.org\/{rel}","templated":true}]}}