{"id":24053,"date":"2026-03-16T09:16:33","date_gmt":"2026-03-16T13:16:33","guid":{"rendered":"https:\/\/samantharadionline.com\/?p=24053"},"modified":"2026-03-16T09:16:34","modified_gmt":"2026-03-16T13:16:34","slug":"nueve-policias-mueren-durante-un-ataque-israeli-en-gaza","status":"publish","type":"post","link":"https:\/\/samantharadionline.com\/index.php\/2026\/03\/16\/nueve-policias-mueren-durante-un-ataque-israeli-en-gaza\/","title":{"rendered":"Nueve polic\u00edas mueren durante un ataque israel\u00ed en Gaza"},"content":{"rendered":"\n<h1 class=\"wp-block-heading\">9<\/h1>\n\n\n\n<p class=\"has-medium-font-size\"><em>La Defensa Civil de Gaza registr\u00f3 cuatro muertos en otro bombardeo israel\u00ed, en el campo de refugiados de Nuseirat, en el centro de la Franja<\/em><\/p>\n\n\n\n<figure class=\"wp-block-image\"><img decoding=\"async\" src=\"https:\/\/listindiario.com\/files\/image_60_60\/uploads\/2025\/06\/12\/684b39171bfd7.jpeg\" alt=\"Avatar del Agencia AFP\"\/><\/figure>\n\n\n\n<p><strong><em>\u00a0<\/em>Agencia AFP, Gaza, Territorios Palestinos<\/strong><\/p>\n\n\n\n<p id=\"m77570-77569-77571\">El&nbsp;<strong>Ministerio del Interior de la Franja de Gaza,<\/strong>&nbsp;gobernado por Ham\u00e1s, afirm\u00f3 que un bombardeo israel\u00ed contra un veh\u00edculo de la polic\u00eda mat\u00f3 este domingo a nueve agentes en el centro del territorio palestino, revisando al alza un balance previo de ocho decesos.<\/p>\n\n\n\n<p id=\"m77575-77574-77576\">Por su parte, la<strong>&nbsp;Defensa Civil de Gaza&nbsp;<\/strong>registr\u00f3 cuatro muertos en otro bombardeo israel\u00ed, en el campo de refugiados de Nuseirat, en el centro de la Franja.<\/p>\n\n\n\n<p id=\"m77580-77579-77581\">Interrogado por la AFP sobre estos dos bombardeos, el ej\u00e9rcito israel\u00ed indic\u00f3 que est\u00e1&nbsp;<strong>\u00abverificando\u00bb&nbsp;<\/strong>las informaciones.<\/p>\n\n\n\n<p id=\"m77585-77584-77586\">El Ministerio del Interior de&nbsp;<strong>Gaza&nbsp;<\/strong>acus\u00f3 al ej\u00e9rcito israel\u00ed de cometer un \u00abcrimen atroz esta tarde, al apuntar contra un veh\u00edculo con varios oficiales y personales\u00bb en el centro de la Franja.<\/p>\n\n\n\n<p id=\"m77590-77589-77591\">\u00abEl ataque result\u00f3 en el asesinato de nueve oficiales y personales\u00bb, indic\u00f3 el ministerio, que precis\u00f3 que todos los muertos eran polic\u00edas, entre ellos el jefe de polic\u00eda de la provincia central, el coronel Iyad Abu Yusef.<\/p>\n\n\n\n<p id=\"m77595-77594-77596\">Horas antes, el<strong>&nbsp;hospital Al Aqsa,<\/strong>&nbsp;de Deir el Balah, hab\u00eda dicho que recibi\u00f3 los cuerpos de \u00abocho m\u00e1rtires\u00bb muertos en el ataque que golpe\u00f3 la localidad de Zawaida.<\/p>\n\n\n\n<p id=\"m77600-77599-77601\">Ham\u00e1s conden\u00f3 el bombardeo y dijo que \u00abmuestra la verdadera cara de la ocupaci\u00f3n y su descartada pol\u00edtica, que busca continuar con la&nbsp;<strong>guerra genocida y aumentar la cat\u00e1strofe humanitaria en la Franja de Gaza\u00bb.<\/strong><\/p>\n\n\n\n<p id=\"m77605-77604-77606\">Los bombardeos coincidieron con una visita de una delegaci\u00f3n de Ham\u00e1s a&nbsp;<strong>El Cairo,<\/strong>&nbsp;donde se entrevist\u00f3 este domingo con el alto representante para Gaza designado por Estados Unidos, Nikolai Mladenov, seg\u00fan una fuente del movimiento islamista.<\/p>\n\n\n\n<p id=\"m77610-77609-77611\">\u00abAbordaron las violaciones, incursiones y cr\u00edmenes israel\u00edes en curso\u00bb, afirm\u00f3 la fuente.<\/p>\n\n\n\n<p id=\"m77615-77614-77616\">Israel y Ham\u00e1s se acusan mutuamente de violar el fr\u00e1gil cese el fuego que entr\u00f3 en vigor el 10 de octubre de 2025 tras dos a\u00f1os de guerra.<\/p>\n\n\n\n<p id=\"m77620-77619-77621\">Por otro lado, Israel anunci\u00f3 este domingo una reapertura parcial del cruce fronterizo de Rafah, que comunica Gaza con Egipto, para el mi\u00e9rcoles, tras el cierre impuesto el 28 de febrero al inicio de la guerra contra Ir\u00e1n.<\/p>\n\n\n\n<p id=\"m77625-77624-77626\">\u00abEl paso fronterizo de Rafah reabrir\u00e1 al tr\u00e1nsito en ambas direcciones a partir del pr\u00f3ximo mi\u00e9rcoles, solo para la circulaci\u00f3n limitada de personas\u00bb, declar\u00f3 en un comunicado el COGAT, un organismo dependiente del Ministerio de Defensa israel\u00ed y competente en asuntos civiles en los territorios palestinos ocupados.<\/p>\n","protected":false},"excerpt":{"rendered":"<p>9 La Defensa Civil de Gaza registr\u00f3 cuatro muertos en otro bombardeo israel\u00ed, en el<\/p>\n","protected":false},"author":1,"featured_media":24054,"comment_status":"open","ping_status":"open","sticky":false,"template":"","format":"standard","meta":{"footnotes":""},"categories":[4],"tags":[],"class_list":["post-24053","post","type-post","status-publish","format-standard","has-post-thumbnail","hentry","category-mundiales"],"_links":{"self":[{"href":"https:\/\/samantharadionline.com\/index.php\/wp-json\/wp\/v2\/posts\/24053","targetHints":{"allow":["GET"]}}],"collection":[{"href":"https:\/\/samantharadionline.com\/index.php\/wp-json\/wp\/v2\/posts"}],"about":[{"href":"https:\/\/samantharadionline.com\/index.php\/wp-json\/wp\/v2\/types\/post"}],"author":[{"embeddable":true,"href":"https:\/\/samantharadionline.com\/index.php\/wp-json\/wp\/v2\/users\/1"}],"replies":[{"embeddable":true,"href":"https:\/\/samantharadionline.com\/index.php\/wp-json\/wp\/v2\/comments?post=24053"}],"version-history":[{"count":1,"href":"https:\/\/samantharadionline.com\/index.php\/wp-json\/wp\/v2\/posts\/24053\/revisions"}],"predecessor-version":[{"id":24055,"href":"https:\/\/samantharadionline.com\/index.php\/wp-json\/wp\/v2\/posts\/24053\/revisions\/24055"}],"wp:featuredmedia":[{"embeddable":true,"href":"https:\/\/samantharadionline.com\/index.php\/wp-json\/wp\/v2\/media\/24054"}],"wp:attachment":[{"href":"https:\/\/samantharadionline.com\/index.php\/wp-json\/wp\/v2\/media?parent=24053"}],"wp:term":[{"taxonomy":"category","embeddable":true,"href":"https:\/\/samantharadionline.com\/index.php\/wp-json\/wp\/v2\/categories?post=24053"},{"taxonomy":"post_tag","embeddable":true,"href":"https:\/\/samantharadionline.com\/index.php\/wp-json\/wp\/v2\/tags?post=24053"}],"curies":[{"name":"wp","href":"https:\/\/api.w.org\/{rel}","templated":true}]}}