{"id":24050,"date":"2026-03-15T10:25:11","date_gmt":"2026-03-15T14:25:11","guid":{"rendered":"https:\/\/samantharadionline.com\/?p=24050"},"modified":"2026-03-15T10:25:11","modified_gmt":"2026-03-15T14:25:11","slug":"un-ataque-con-explosivos-causa-danos-en-una-escuela-judia-en-amsterdam","status":"publish","type":"post","link":"https:\/\/samantharadionline.com\/index.php\/2026\/03\/15\/un-ataque-con-explosivos-causa-danos-en-una-escuela-judia-en-amsterdam\/","title":{"rendered":"Un ataque con explosivos causa da\u00f1os en una escuela jud\u00eda en \u00c1msterdam"},"content":{"rendered":"\n<p class=\"has-medium-font-size\"><em>\u201cUn ataque deliberado contra la comunidad jud\u00eda\u201d, seg\u00fan la alcaldesa de Amsterdam.\u00a0La polic\u00eda y los\u00a0bomberos\u00a0acudieron al lugar donde se produjo una explosi\u00f3n seguida de un\u00a0incendio\u00a0que caus\u00f3 da\u00f1os leves en el exterior del edificio.La seguridad en sinagogas e instituciones jud\u00edas de la capital neerlandesa ya se hab\u00eda reforzado tras un ataque incendiario ocurrido durante la noche del viernes contra una sinagoga en el centro de R\u00f3terdam<\/em><\/p>\n\n\n\n<p><strong>Por: RFI con AFP <\/strong><\/p>\n\n\n\n<p>Una explosi\u00f3n caus\u00f3 da\u00f1os leves en una escuela jud\u00eda en \u00c1msterdam la madrugada del s\u00e1bado, en lo que la&nbsp;<strong>alcaldesa de la ciudad, Femke Halsema, describi\u00f3 como \u201cun ataque deliberado contra la comunidad jud\u00eda\u201d,&nbsp;<\/strong>en medio de crecientes preocupaciones por la<strong>&nbsp;seguridad de instituciones jud\u00edas en Europa.<\/strong><\/p>\n\n\n\n<p>La explosi\u00f3n en la escuela, ubicada en un acomodado barrio residencial en el sur de&nbsp;\u00c1msterdam, da\u00f1\u00f3 una tuber\u00eda de desag\u00fce y ennegreci\u00f3 una pared exterior, y no dej\u00f3 heridos.<\/p>\n\n\n\n<p>La polic\u00eda y los&nbsp;bomberos&nbsp;acudieron al lugar donde se produjo una explosi\u00f3n seguida de un&nbsp;incendio&nbsp;que&nbsp;<strong>caus\u00f3 da\u00f1os leves en el exterior del edificio.<\/strong><\/p>\n\n\n\n<p>Seg\u00fan las autoridades, las c\u00e1maras de vigilancia grabaron a una persona colocando y detonando el explosivo en el muro exterior de la escuela.<\/p>\n\n\n\n<p>La escuela es la \u00fanica espec\u00edficamente destinada a jud\u00edos ortodoxos en los&nbsp;Pa\u00edses Bajos&nbsp;y est\u00e1 en gran parte rodeada por un muro exterior met\u00e1lico con puntas debido a amenazas anteriores.<\/p>\n\n\n\n<p>La seguridad en sinagogas e instituciones jud\u00edas de la capital neerlandesa ya se hab\u00eda reforzado tras un ataque incendiario ocurrido durante la noche del viernes contra&nbsp;<strong>una sinagoga en el centro de R\u00f3terdam.&nbsp;<\/strong>La polic\u00eda de los Pa\u00edses Bajos arrest\u00f3 ayer a cuatro j\u00f3venes, uno de ellos menor de edad, sospechosos de la explosi\u00f3n en la sinagoga de R\u00f3terdam.<\/p>\n\n\n\n<p><\/p>\n","protected":false},"excerpt":{"rendered":"<p>\u201cUn ataque deliberado contra la comunidad jud\u00eda\u201d, seg\u00fan la alcaldesa de Amsterdam.\u00a0La polic\u00eda y los\u00a0bomberos\u00a0acudieron<\/p>\n","protected":false},"author":1,"featured_media":24051,"comment_status":"open","ping_status":"open","sticky":false,"template":"","format":"standard","meta":{"footnotes":""},"categories":[4],"tags":[],"class_list":["post-24050","post","type-post","status-publish","format-standard","has-post-thumbnail","hentry","category-mundiales"],"_links":{"self":[{"href":"https:\/\/samantharadionline.com\/index.php\/wp-json\/wp\/v2\/posts\/24050","targetHints":{"allow":["GET"]}}],"collection":[{"href":"https:\/\/samantharadionline.com\/index.php\/wp-json\/wp\/v2\/posts"}],"about":[{"href":"https:\/\/samantharadionline.com\/index.php\/wp-json\/wp\/v2\/types\/post"}],"author":[{"embeddable":true,"href":"https:\/\/samantharadionline.com\/index.php\/wp-json\/wp\/v2\/users\/1"}],"replies":[{"embeddable":true,"href":"https:\/\/samantharadionline.com\/index.php\/wp-json\/wp\/v2\/comments?post=24050"}],"version-history":[{"count":1,"href":"https:\/\/samantharadionline.com\/index.php\/wp-json\/wp\/v2\/posts\/24050\/revisions"}],"predecessor-version":[{"id":24052,"href":"https:\/\/samantharadionline.com\/index.php\/wp-json\/wp\/v2\/posts\/24050\/revisions\/24052"}],"wp:featuredmedia":[{"embeddable":true,"href":"https:\/\/samantharadionline.com\/index.php\/wp-json\/wp\/v2\/media\/24051"}],"wp:attachment":[{"href":"https:\/\/samantharadionline.com\/index.php\/wp-json\/wp\/v2\/media?parent=24050"}],"wp:term":[{"taxonomy":"category","embeddable":true,"href":"https:\/\/samantharadionline.com\/index.php\/wp-json\/wp\/v2\/categories?post=24050"},{"taxonomy":"post_tag","embeddable":true,"href":"https:\/\/samantharadionline.com\/index.php\/wp-json\/wp\/v2\/tags?post=24050"}],"curies":[{"name":"wp","href":"https:\/\/api.w.org\/{rel}","templated":true}]}}