{"id":24047,"date":"2026-03-15T10:20:09","date_gmt":"2026-03-15T14:20:09","guid":{"rendered":"https:\/\/samantharadionline.com\/?p=24047"},"modified":"2026-03-15T10:20:09","modified_gmt":"2026-03-15T14:20:09","slug":"los-guardianes-de-la-revolucion-juran-perseguir-y-matar-a-netanyahu","status":"publish","type":"post","link":"https:\/\/samantharadionline.com\/index.php\/2026\/03\/15\/los-guardianes-de-la-revolucion-juran-perseguir-y-matar-a-netanyahu\/","title":{"rendered":"Los Guardianes de la Revoluci\u00f3n juran \u00abperseguir y matar\u00bb a Netanyahu"},"content":{"rendered":"\n<p class=\"has-medium-font-size\"><em>Trump dice que a\u00fan no se dan las condiciones para un acuerdo con Ir\u00e1n.\u00a0Al menos 14 muertos en ataques israel\u00edes en varias localidades de L\u00edbano.\u00a0Ir\u00e1n asegura que su l\u00edder supremo, Mojtaba Jamene\u00ed, est\u00e1 bien y controla el pa\u00eds.\u00a0El l\u00edder no ha aparecido en p\u00fablico desde el inicio de los bombardeos de EE.UU. e Israel el pasado 28 de febrero<\/em><\/p>\n\n\n\n<p><strong>Por: RFI<\/strong> <em>con AFP y medios locales <\/em><\/p>\n\n\n\n<p>Los Guardianes de la Revoluci\u00f3n iran\u00edes juraron este domingo&nbsp;<strong>\u00abperseguir y matar\u00bb al primer ministro israel\u00ed, Benjamin Netanyahu,<\/strong>&nbsp;en el 16.\u00ba d\u00eda de la guerra de Estados Unidos e Israel contra la rep\u00fablica isl\u00e1mica. \u00abSi este criminal y asesino de ni\u00f1os sigue con vida, lo vamos a perseguir y matar con toda nuestra fuerza\u00bb, afirmaron los Guardianes en su p\u00e1gina web, Sepah News.<\/p>\n\n\n\n<p>En una entrevista en el diario&nbsp;<em>Al Araby Al Jadeed<\/em>, el ministro iran\u00ed de Exteriores, Abbas Aragchi, ha desmentido las informaciones de EE UU,&nbsp;<strong>asegurando que el nuevo l\u00edder supremo de Ir\u00e1n, Mojtaba Jamene\u00ed, est\u00e1 \u201cen buen estado de salud\u201d y \u201ccon el control total de la situaci\u00f3n\u201d.&nbsp;<\/strong>El viernes, el secretario de Defensa de EE UU, Pete Hegseth, afirm\u00f3 que Jamene\u00ed estaba \u201cherido y probablemente desfigurado\u201d por un ataque a\u00e9reo, dudando incluso de que siguiese con vida o en un estado que le permitiese dirigir el pa\u00eds. El l\u00edder no ha aparecido en p\u00fablico desde el inicio de los bombardeos de EE UU e Israel el pasado 28 de febrero.<\/p>\n\n\n\n<p>Por su parte, Trump, en una entrevista telef\u00f3nica con la NBC, ha dicho que&nbsp;<strong>Ir\u00e1n quiere llegar a un acuerdo de alto el fuego que ponga fin a los bombardeos estadounidenses e israel\u00edes, pero que \u00e9l no est\u00e1 dispuesto porque por ahora los t\u00e9rminos [de un acuerdo] no son lo suficientemente buenos\u00bb.<\/strong>&nbsp;No ha detallado qu\u00e9 terminos ser\u00edan esos, aunque s\u00ed ha se\u00f1alado que el compromiso iran\u00ed de abandonar su programa nuclear estar\u00eda entre ellos.&nbsp;<\/p>\n\n\n\n<p>Estados Unidos e Israel e Ir\u00e1n han bombardeado a diario al pa\u00eds persa, que ha respondido<strong>&nbsp;con ataques a instalaciones estadounidenses y energ\u00e9ticas en la regi\u00f3n, y el bloqueo del estrecho de Ormuz.&nbsp;<\/strong>La \u00faltima cifra oficial del n\u00famero de iran\u00edes muertos se ofreci\u00f3 el jueves 5 de marzo y se situ\u00f3 en mil 230 decesos.<\/p>\n\n\n\n<p>Mientras tanto, al menos 14 personas, entre ellas cuatro menores de edad, murieron en una serie de&nbsp;<strong>ataques israel\u00edes contra varias localidades del L\u00edbano,<\/strong>&nbsp;seg\u00fan detall\u00f3 en la ma\u00f1ana del domingo la Agencia Nacional de Noticias libanesa (NNA), que cita a las autoridades sanitarias.<\/p>\n\n\n\n<p>Seg\u00fan la agencia, siete personas murieron en un ataque de Israel contra un barrio de la localidad de Nabatieh, en el sur del pa\u00eds, entre ellas cuatro menores; otras cuatro personas murieron en un ataque en la localidad de Sid\u00f3n; y tres m\u00e1s perdieron la vida en otro bombardeo contra la localidad de Al Qatrani, tambi\u00e9n en el sur del pa\u00eds.<\/p>\n\n\n\n<p>El Ej\u00e9rcito israel\u00ed ha ordenado este domingo&nbsp;<strong>el desalojo urgente de los residentes de diversas \u00e1reas perif\u00e9ricas del distrito Dahiye (sur de Beirut),<\/strong>&nbsp;basti\u00f3n hist\u00f3rico de la milicia libanesa Hezbol\u00e1, ante nuevos ataques inminentes de sus fuerzas contra estas zonas.<\/p>\n\n\n\n<p><\/p>\n","protected":false},"excerpt":{"rendered":"<p>Trump dice que a\u00fan no se dan las condiciones para un acuerdo con Ir\u00e1n.\u00a0Al menos<\/p>\n","protected":false},"author":1,"featured_media":24048,"comment_status":"open","ping_status":"open","sticky":false,"template":"","format":"standard","meta":{"footnotes":""},"categories":[4],"tags":[],"class_list":["post-24047","post","type-post","status-publish","format-standard","has-post-thumbnail","hentry","category-mundiales"],"_links":{"self":[{"href":"https:\/\/samantharadionline.com\/index.php\/wp-json\/wp\/v2\/posts\/24047","targetHints":{"allow":["GET"]}}],"collection":[{"href":"https:\/\/samantharadionline.com\/index.php\/wp-json\/wp\/v2\/posts"}],"about":[{"href":"https:\/\/samantharadionline.com\/index.php\/wp-json\/wp\/v2\/types\/post"}],"author":[{"embeddable":true,"href":"https:\/\/samantharadionline.com\/index.php\/wp-json\/wp\/v2\/users\/1"}],"replies":[{"embeddable":true,"href":"https:\/\/samantharadionline.com\/index.php\/wp-json\/wp\/v2\/comments?post=24047"}],"version-history":[{"count":1,"href":"https:\/\/samantharadionline.com\/index.php\/wp-json\/wp\/v2\/posts\/24047\/revisions"}],"predecessor-version":[{"id":24049,"href":"https:\/\/samantharadionline.com\/index.php\/wp-json\/wp\/v2\/posts\/24047\/revisions\/24049"}],"wp:featuredmedia":[{"embeddable":true,"href":"https:\/\/samantharadionline.com\/index.php\/wp-json\/wp\/v2\/media\/24048"}],"wp:attachment":[{"href":"https:\/\/samantharadionline.com\/index.php\/wp-json\/wp\/v2\/media?parent=24047"}],"wp:term":[{"taxonomy":"category","embeddable":true,"href":"https:\/\/samantharadionline.com\/index.php\/wp-json\/wp\/v2\/categories?post=24047"},{"taxonomy":"post_tag","embeddable":true,"href":"https:\/\/samantharadionline.com\/index.php\/wp-json\/wp\/v2\/tags?post=24047"}],"curies":[{"name":"wp","href":"https:\/\/api.w.org\/{rel}","templated":true}]}}