{"id":24020,"date":"2026-03-14T08:44:48","date_gmt":"2026-03-14T12:44:48","guid":{"rendered":"https:\/\/samantharadionline.com\/?p=24020"},"modified":"2026-03-14T08:44:48","modified_gmt":"2026-03-14T12:44:48","slug":"cuba-y-ee-uu-hacia-un-cambio-mas-economico-que-politico","status":"publish","type":"post","link":"https:\/\/samantharadionline.com\/index.php\/2026\/03\/14\/cuba-y-ee-uu-hacia-un-cambio-mas-economico-que-politico\/","title":{"rendered":"Cuba y EE.UU., hacia un cambio m\u00e1s econ\u00f3mico que pol\u00edtico"},"content":{"rendered":"\n<p class=\"has-medium-font-size\"><em>Las\u00a0autoridades\u00a0cubanas\u00a0confirmaron\u00a0que\u00a0sostienen\u00a0un\u00a0di\u00e1logo\u00a0con la\u00a0administraci\u00f3n\u00a0de Donald Trump, que\u00a0hasta\u00a0ahora\u00a0ha\u00a0aplicado\u00a0una\u00a0pol\u00edtica\u00a0de\u00a0presi\u00f3n\u00a0m\u00e1xima\u00a0sobre el\u00a0r\u00e9gimen\u00a0castrista.\u00a0Un\u00a0reviro\u00a0observa el\u00a0profesor\u00a0de relaciones\u00a0internacionales de la Universidad\u00a0Internacional de la Florida, Eduardo Gamarra ha atendido a RFI.<\/em><\/p>\n\n\n\n<p><strong>Por: Raphael Mor\u00e1n<\/strong><\/p>\n\n\n\n<p>Cuba confirm\u00f3 este viernes que mantiene conversaciones con Estados Unidos, mientras inici\u00f3 la excarcelaci\u00f3n de presos pol\u00edticos como parte de un acuerdo con el Vaticano, el hist\u00f3rico mediador entre los dos pa\u00edses.&nbsp; Esas conversaciones buscan \u00absoluciones por la v\u00eda del di\u00e1logo a las diferencias bilaterales\u00bb, precis\u00f3 D\u00edaz-Canel.<\/p>\n\n\n\n<p>La&nbsp;isla&nbsp;est\u00e1&nbsp;sumida&nbsp;en&nbsp;una&nbsp;grave&nbsp;crisis&nbsp;de&nbsp;abastecimiento&nbsp;de combustible&nbsp;desde&nbsp;que no&nbsp;puede&nbsp;contar&nbsp;con el&nbsp;env\u00edo&nbsp;de&nbsp;petr\u00f3leo&nbsp;de Venezuela,&nbsp;pero&nbsp;en el&nbsp;caso&nbsp;de Cuba, la administraci\u00f3n republicana evit\u00f3 la v\u00eda militar&nbsp; y&nbsp;privilegia&nbsp;el&nbsp;di\u00e1logo.<strong>&nbsp;Un \u00abreviro\u00bb observa el&nbsp;profesor&nbsp;de Relaciones&nbsp;internacionales de la&nbsp;Universidad&nbsp;Internacional de la Florida, Eduardo Gamarra&nbsp; quien ha atendido a RFI.<\/strong><\/p>\n\n\n\n<p>\u00abLos&nbsp;republicanos&nbsp;hist\u00f3ricamente&nbsp;llamaban&nbsp;a&nbsp;todos&nbsp;aquellos&nbsp;que&nbsp;buscaban&nbsp;el&nbsp;di\u00e1logo&nbsp;con Cuba&nbsp;hacia&nbsp;una&nbsp;transici\u00f3n. Los&nbsp;denominaban&nbsp;despectivamente&nbsp;como&nbsp;dialogueros, inclusive si nos&nbsp;acordamos,&nbsp;esos&nbsp;di\u00e1logos&nbsp;llevaron&nbsp;a un&nbsp;acuerdo&nbsp;entre la&nbsp;administraci\u00f3n&nbsp;del&nbsp;presidente&nbsp;Obama y el&nbsp;r\u00e9gimen&nbsp;de Cuba.<strong>&nbsp;El&nbsp;contenido&nbsp;de los&nbsp;di\u00e1logos&nbsp;no lo&nbsp;sabemos&nbsp;en&nbsp;detalle,&nbsp;m\u00e1s&nbsp;all\u00e1&nbsp;de lo que&nbsp;Estados&nbsp;Unidos nos ha&nbsp;dicho,&nbsp;que es&nbsp;que el&nbsp;di\u00e1logo&nbsp;est\u00e1&nbsp;encaminado&nbsp;a un&nbsp;cambio&nbsp;econ\u00f3mico<\/strong>&nbsp;para de&nbsp;alguna&nbsp;manera&nbsp;levantar&nbsp;algunas&nbsp;de las&nbsp;sanciones\u00bb dice Gamarra.&nbsp;<\/p>\n\n\n\n<p>A\u00fan&nbsp;ignoramos&nbsp;los&nbsp;detalles&nbsp;de&nbsp;estos&nbsp;di\u00e1logos,&nbsp;pero&nbsp;La&nbsp;Habana&nbsp;inici\u00f3&nbsp;la&nbsp;excarcelaci\u00f3n&nbsp;de&nbsp;presos&nbsp;pol\u00edticos&nbsp;y&nbsp;anunci\u00f3&nbsp;la&nbsp;liberaci\u00f3n&nbsp;de 51 de&nbsp;ellos. \u00bfQu\u00e9&nbsp;concesiones&nbsp;podr\u00eda&nbsp;hacer&nbsp;el&nbsp;gobierno&nbsp;cubano?&nbsp;Responde&nbsp;Eduardo Gamarra. \u00abNo&nbsp;sabemos&nbsp;exactamente&nbsp;cu\u00e1ntos&nbsp;presos&nbsp;pol\u00edticos&nbsp;hay&nbsp;en Cuba,&nbsp;pero&nbsp;se&nbsp;supone&nbsp;que son&nbsp;m\u00e1s&nbsp;de 1000. Se&nbsp;anunci\u00f3&nbsp;que 56&nbsp;creo&nbsp;que han&nbsp;sido&nbsp;liberados.&nbsp;<strong>Una&nbsp;se\u00f1al&nbsp;de parte de Cuba, la&nbsp;se\u00f1al&nbsp;positiva&nbsp;ser\u00eda&nbsp;la&nbsp;liberaci\u00f3n&nbsp;de los&nbsp;presos&nbsp;pol\u00edticos,&nbsp;n\u00famero&nbsp;uno.<\/strong>&nbsp;N\u00famero&nbsp;2,&nbsp;pero&nbsp;que&nbsp;quiz\u00e1s&nbsp;n\u00famero&nbsp;uno&nbsp;es el&nbsp;cambio&nbsp;econ\u00f3mico, no la&nbsp;apertura&nbsp;de Cuba a reformas&nbsp;econ\u00f3micas.&nbsp;y&nbsp;sobre&nbsp;todo&nbsp;la&nbsp;presencia&nbsp;de&nbsp;Estados&nbsp;Unidos en el&nbsp;\u00e1mbito&nbsp;econ\u00f3mico. Esa&nbsp;es&nbsp;la&nbsp;dimensi\u00f3n&nbsp;que es&nbsp;m\u00e1s&nbsp;importante en este&nbsp;momento&nbsp;para Washington. Los&nbsp;cambios&nbsp;pol\u00edticos&nbsp;como&nbsp;tales. Si el&nbsp;modelo&nbsp;del&nbsp;CI es el&nbsp;modelo&nbsp;que&nbsp;est\u00e1n&nbsp;intentando&nbsp;perseguir,&nbsp;entonces&nbsp;no&nbsp;sabemos&nbsp;pues&nbsp;qui\u00e9n&nbsp;es el Del CI o la Del CI de Cuba,&nbsp;pero&nbsp;estar\u00e1n&nbsp;buscando&nbsp;a&nbsp;alguien&nbsp;con&nbsp;quien&nbsp;entablar&nbsp;ese&nbsp;di\u00e1logo. El&nbsp;di\u00e1logo&nbsp;hasta&nbsp;ahora, Lo que nos han&nbsp;dicho&nbsp;p\u00fablicamente&nbsp;es que ha&nbsp;sido&nbsp;con el&nbsp;nieto&nbsp;de&nbsp;Ra\u00fal&nbsp;Castro. Yo no&nbsp;tengo&nbsp;pues la&nbsp;informaci\u00f3n&nbsp;desde&nbsp;adentro,&nbsp;pero&nbsp;me&nbsp;imagino&nbsp;que&nbsp;Estados&nbsp;Unidos&nbsp;est\u00e1&nbsp;buscando&nbsp;alguien&nbsp;con&nbsp;quien&nbsp;cogobernar&nbsp;Cuba en un&nbsp;proceso&nbsp;de&nbsp;transici\u00f3n\u00bb dice Gamarra en RFI.&nbsp;<\/p>\n\n\n\n<p>&nbsp;Seg\u00fan D\u00edaz-Canel,<strong>&nbsp;los intercambios con Estados Unidos fueron facilitados por \u00abfactores internacionales\u00bb,<\/strong>&nbsp;que no precis\u00f3.<\/p>\n\n\n\n<p>&nbsp; &nbsp;El jueves, su gobierno hab\u00eda anunciado la liberaci\u00f3n anticipada de 51 prisioneros como muestra de \u00abbuena voluntad\u00bb hacia el Vaticano.<\/p>\n\n\n\n<p>&nbsp; &nbsp;Las primeras excarcelaciones tuvieron lugar este viernes. La AFP asisti\u00f3 a la llegada a su casa de Adael Leyva D\u00edaz, de 29 a\u00f1os y quien cumpl\u00eda una condena de 13.<\/p>\n\n\n\n<p>&nbsp;Tambi\u00e9n a la de Ronald Garc\u00eda S\u00e1nchez, de 33 a\u00f1os, sentenciado a 14 a\u00f1os, y vecino de D\u00edaz, en el municipio de Arroyo Naranjo, al sur de la capital.&nbsp;Ambos participaron en las hist\u00f3ricas protestas antigubernamentales que sacudieron la isla el 11 de julio de 2021.Leyva D\u00edaz, que lleg\u00f3 en un triciclo el\u00e9ctrico, fue recibido en plena calle por sus familiares. Tan pronto descendi\u00f3 del veh\u00edculo abraz\u00f3 y carg\u00f3 a su hijo. \u00abYa te tengo aqu\u00ed, se acab\u00f3 el sufrimiento\u00bb, le dijo al abrazarlo su madre Iv\u00f3n D\u00edaz.<\/p>\n","protected":false},"excerpt":{"rendered":"<p>Las\u00a0autoridades\u00a0cubanas\u00a0confirmaron\u00a0que\u00a0sostienen\u00a0un\u00a0di\u00e1logo\u00a0con la\u00a0administraci\u00f3n\u00a0de Donald Trump, que\u00a0hasta\u00a0ahora\u00a0ha\u00a0aplicado\u00a0una\u00a0pol\u00edtica\u00a0de\u00a0presi\u00f3n\u00a0m\u00e1xima\u00a0sobre el\u00a0r\u00e9gimen\u00a0castrista.\u00a0Un\u00a0reviro\u00a0observa el\u00a0profesor\u00a0de relaciones\u00a0internacionales de la Universidad\u00a0Internacional de la Florida, Eduardo<\/p>\n","protected":false},"author":1,"featured_media":24021,"comment_status":"open","ping_status":"open","sticky":false,"template":"","format":"standard","meta":{"footnotes":""},"categories":[4],"tags":[],"class_list":["post-24020","post","type-post","status-publish","format-standard","has-post-thumbnail","hentry","category-mundiales"],"_links":{"self":[{"href":"https:\/\/samantharadionline.com\/index.php\/wp-json\/wp\/v2\/posts\/24020","targetHints":{"allow":["GET"]}}],"collection":[{"href":"https:\/\/samantharadionline.com\/index.php\/wp-json\/wp\/v2\/posts"}],"about":[{"href":"https:\/\/samantharadionline.com\/index.php\/wp-json\/wp\/v2\/types\/post"}],"author":[{"embeddable":true,"href":"https:\/\/samantharadionline.com\/index.php\/wp-json\/wp\/v2\/users\/1"}],"replies":[{"embeddable":true,"href":"https:\/\/samantharadionline.com\/index.php\/wp-json\/wp\/v2\/comments?post=24020"}],"version-history":[{"count":1,"href":"https:\/\/samantharadionline.com\/index.php\/wp-json\/wp\/v2\/posts\/24020\/revisions"}],"predecessor-version":[{"id":24022,"href":"https:\/\/samantharadionline.com\/index.php\/wp-json\/wp\/v2\/posts\/24020\/revisions\/24022"}],"wp:featuredmedia":[{"embeddable":true,"href":"https:\/\/samantharadionline.com\/index.php\/wp-json\/wp\/v2\/media\/24021"}],"wp:attachment":[{"href":"https:\/\/samantharadionline.com\/index.php\/wp-json\/wp\/v2\/media?parent=24020"}],"wp:term":[{"taxonomy":"category","embeddable":true,"href":"https:\/\/samantharadionline.com\/index.php\/wp-json\/wp\/v2\/categories?post=24020"},{"taxonomy":"post_tag","embeddable":true,"href":"https:\/\/samantharadionline.com\/index.php\/wp-json\/wp\/v2\/tags?post=24020"}],"curies":[{"name":"wp","href":"https:\/\/api.w.org\/{rel}","templated":true}]}}