{"id":24007,"date":"2026-03-14T08:32:06","date_gmt":"2026-03-14T12:32:06","guid":{"rendered":"https:\/\/samantharadionline.com\/?p=24007"},"modified":"2026-03-14T08:32:07","modified_gmt":"2026-03-14T12:32:07","slug":"autoridades-de-guinea-liberan-a-piloto-dominicano","status":"publish","type":"post","link":"https:\/\/samantharadionline.com\/index.php\/2026\/03\/14\/autoridades-de-guinea-liberan-a-piloto-dominicano\/","title":{"rendered":"Autoridades de Guinea liberan a piloto dominicano"},"content":{"rendered":"\n<p class=\"has-medium-font-size\"><em>El Mirex sostuvo que desde su detenci\u00f3n, estuvo en contacto con el piloto, sus abogados y familiares, al momento que realizaron gestiones diplom\u00e1ticas para ofrecerle la debida asistencia consular<\/em><\/p>\n\n\n\n<p><strong>RLD, Santo Domingo, RD <\/strong><\/p>\n\n\n\n<p id=\"m96432-96431-96433\">El Ministerio de Relaciones Exteriores (Mirex) anunci\u00f3 que las autoridades judiciales de Guinea pusieron en libertad al piloto dominicano,&nbsp;<strong>Fabio Espinal<\/strong>&nbsp;y un colega estadounidense.<\/p>\n\n\n\n<p id=\"m96437-96436-96438\">Espinal y su compa\u00f1ero,&nbsp;<strong>Bradley Scott Schlenker<\/strong>, permanec\u00edan bajo arresto en una prisi\u00f3n en Conakri desde el 28 de diciembre de 2025.<\/p>\n\n\n\n<p id=\"m96442-96441-96443\">El Mirex sostuvo que desde su detenci\u00f3n, estuvo en contacto con el piloto, sus abogados y familiares, al momento que realizaron gestiones diplom\u00e1ticas para ofrecerle la debida asistencia consular.<\/p>\n\n\n\n<p id=\"m96447-96446-96448\">\u201cDesde su detenci\u00f3n, el Ministerio de Relaciones Exteriores estuvo en contacto con el piloto criollo, sus familiares m\u00e1s cercanos, especialmente su padre, y sus abogados en Guinea y Rep\u00fablica Dominicana. Asimismo, se realizaron gestiones&nbsp;<strong>diplom\u00e1ticas a trav\u00e9s de varias embajadas dominicanas<\/strong>, con miras a ofrecerle la debida asistencia consular, el respeto al debido proceso y la protecci\u00f3n de sus derechos fundamentales\u201d, dijo el Mirex a trav\u00e9s de un comunicado.<\/p>\n\n\n\n<p id=\"m96452-96451-96453\">Los pilotos hab\u00edan sido imputados por presunta violaci\u00f3n del espacio a\u00e9reo guineano, aterrizaje no autorizado y atentado contra la defensa nacional en Guinea.<\/p>\n","protected":false},"excerpt":{"rendered":"<p>El Mirex sostuvo que desde su detenci\u00f3n, estuvo en contacto con el piloto, sus abogados<\/p>\n","protected":false},"author":1,"featured_media":24008,"comment_status":"open","ping_status":"open","sticky":false,"template":"","format":"standard","meta":{"footnotes":""},"categories":[12],"tags":[],"class_list":["post-24007","post","type-post","status-publish","format-standard","has-post-thumbnail","hentry","category-nacionales"],"_links":{"self":[{"href":"https:\/\/samantharadionline.com\/index.php\/wp-json\/wp\/v2\/posts\/24007","targetHints":{"allow":["GET"]}}],"collection":[{"href":"https:\/\/samantharadionline.com\/index.php\/wp-json\/wp\/v2\/posts"}],"about":[{"href":"https:\/\/samantharadionline.com\/index.php\/wp-json\/wp\/v2\/types\/post"}],"author":[{"embeddable":true,"href":"https:\/\/samantharadionline.com\/index.php\/wp-json\/wp\/v2\/users\/1"}],"replies":[{"embeddable":true,"href":"https:\/\/samantharadionline.com\/index.php\/wp-json\/wp\/v2\/comments?post=24007"}],"version-history":[{"count":1,"href":"https:\/\/samantharadionline.com\/index.php\/wp-json\/wp\/v2\/posts\/24007\/revisions"}],"predecessor-version":[{"id":24009,"href":"https:\/\/samantharadionline.com\/index.php\/wp-json\/wp\/v2\/posts\/24007\/revisions\/24009"}],"wp:featuredmedia":[{"embeddable":true,"href":"https:\/\/samantharadionline.com\/index.php\/wp-json\/wp\/v2\/media\/24008"}],"wp:attachment":[{"href":"https:\/\/samantharadionline.com\/index.php\/wp-json\/wp\/v2\/media?parent=24007"}],"wp:term":[{"taxonomy":"category","embeddable":true,"href":"https:\/\/samantharadionline.com\/index.php\/wp-json\/wp\/v2\/categories?post=24007"},{"taxonomy":"post_tag","embeddable":true,"href":"https:\/\/samantharadionline.com\/index.php\/wp-json\/wp\/v2\/tags?post=24007"}],"curies":[{"name":"wp","href":"https:\/\/api.w.org\/{rel}","templated":true}]}}