{"id":24004,"date":"2026-03-14T08:29:28","date_gmt":"2026-03-14T12:29:28","guid":{"rendered":"https:\/\/samantharadionline.com\/?p=24004"},"modified":"2026-03-14T08:29:29","modified_gmt":"2026-03-14T12:29:29","slug":"mas-barcos-y-marines-para-oriente-medio","status":"publish","type":"post","link":"https:\/\/samantharadionline.com\/index.php\/2026\/03\/14\/mas-barcos-y-marines-para-oriente-medio\/","title":{"rendered":"M\u00e1s barcos y marines para Oriente Medio"},"content":{"rendered":"\n<p class=\"has-medium-font-size\"><em>Tras dos semanas de guerra, la rep\u00fablica isl\u00e1mica ha redoblado su desaf\u00edo con el lanzamiento de ataques contra pa\u00edses vecinos y mantenido un f\u00e9rreo control sobre el estrecho de Ormuz, lo que ha disparado el precio del petr\u00f3leo<\/em><\/p>\n\n\n\n<figure class=\"wp-block-image\"><img decoding=\"async\" src=\"https:\/\/listindiario.com\/files\/image_60_60\/uploads\/2025\/06\/12\/684b39171bfd7.jpeg\" alt=\"Avatar del Agencia AFP\"\/><\/figure>\n\n\n\n<p><strong><em>\u00a0<\/em>Agencia AFP, Teher\u00e1n, Ir\u00e1n<\/strong><\/p>\n\n\n\n<p id=\"m37600-37599-37601\">Explosiones masivas sacudieron este viernes Teher\u00e1n, horas despu\u00e9s de que&nbsp;<strong>Washington&nbsp;<\/strong>prometiera intensificar los bombardeos contra Ir\u00e1n y medios estadounidenses informaran del env\u00edo de m\u00e1s buques y marines a<strong>&nbsp;Oriente Medio.<\/strong><\/p>\n\n\n\n<p id=\"m37605-37604-37606\">Tras dos semanas de guerra, la rep\u00fablica isl\u00e1mica ha redoblado su desaf\u00edo con el lanzamiento de ataques contra pa\u00edses vecinos y mantenido un<strong>&nbsp;f\u00e9rreo control sobre el estrecho de Ormuz,&nbsp;<\/strong>lo que ha disparado el precio del petr\u00f3leo.<\/p>\n\n\n\n<p id=\"m37610-37609-37611\">Varios de los altos cargos iran\u00edes encabezaron m\u00e1s temprano el viernes una marcha progubernamental en Teher\u00e1n, incluso mientras se produc\u00edan explosiones.<\/p>\n\n\n\n<p id=\"m37615-37614-37616\">Los medios estatales informaron que al menos una persona muri\u00f3 en una detonaci\u00f3n cercana.<\/p>\n\n\n\n<p id=\"m37620-37619-37621\">Los manifestantes agitaban banderas y pancartas que dec\u00edan&nbsp;<strong>\u00abMuerte a Estados Unidos\u00bb&nbsp;<\/strong>y \u00abMuerte a Israel\u00bb.<\/p>\n\n\n\n<p id=\"m37625-37624-37626\">El jefe de seguridad, Al\u00ed Larijani, y el presidente, Masud Pezeshkian, que hasta ahora se hab\u00edan mantenido al margen del foco p\u00fablico, estuvieron presentes, al igual que el canciller, Ab\u00e1s Araqchi.<\/p>\n\n\n\n<p id=\"m37630-37629-37631\">Al mismo tiempo,&nbsp;<strong>Ir\u00e1n&nbsp;<\/strong>afirm\u00f3 haber lanzado misiles contra Israel, donde se reportaron ataques en las afueras de<strong>&nbsp;Tel Aviv,<\/strong>&nbsp;sin causar v\u00edctimas.<\/p>\n\n\n\n<p id=\"m37635-37634-37636\">La rep\u00fablica isl\u00e1mica est\u00e1 decidida a demostrar que saldr\u00e1 de la guerra intacta y con el control del pa\u00eds, a pesar de que su l\u00edder supremo, Al\u00ed Jamenei, fue asesinado al inicio de la campa\u00f1a israeloestadounidense el 28 de febrero.<\/p>\n\n\n\n<p id=\"m37640-37639-37641\">El hijo de Jamenei, Mojtaba Jamenei, fue designado como l\u00edder supremo de Ir\u00e1n, pero ha estado ausente de la escena p\u00fablica supuestamente debido a heridas.<\/p>\n\n\n\n<h3 class=\"wp-block-heading\">Recompensa de EEUU<\/h3>\n\n\n\n<p id=\"m37645-37644-37646\">El gobierno estadounidense anunci\u00f3 una recompensa de 10 millones de d\u00f3lares por informaci\u00f3n sobre el paradero de&nbsp;<strong>Mojtaba Jamenei&nbsp;<\/strong>y de otros nueve funcionarios iran\u00edes, incluidos el ministro del Interior y el ministro de Inteligencia.<\/p>\n\n\n\n<p id=\"m37650-37649-37651\">El presidente de Estados Unidos,&nbsp;<strong>Donald Trump,<\/strong>&nbsp;tambi\u00e9n dijo en una entrevista con Fox News Radio que Estados Unidos atacar\u00eda con dureza a Ir\u00e1n \u00abdurante la pr\u00f3xima semana\u00bb.<\/p>\n\n\n\n<p id=\"m37655-37654-37656\">Su secretario de Defensa,<strong>&nbsp;Pete Hegseth<\/strong>, declar\u00f3 en una rueda de prensa que las fuerzas estadounidenses bombardear\u00edan Ir\u00e1n m\u00e1s intensamente el viernes que en cualquier otro d\u00eda de la guerra hasta ahora.<\/p>\n\n\n\n<p id=\"m37660-37659-37661\">Israel tambi\u00e9n dijo haber lanzado una nueva oleada de ataques contra Teher\u00e1n.<\/p>\n\n\n\n<p id=\"m37665-37664-37666\">El Wall Street Journal inform\u00f3 el viernes de que Estados Unidos estaba enviando a Oriente Medio un buque de asalto anfibio y marines.<\/p>\n\n\n\n<p id=\"m37670-37669-37671\">CNN inform\u00f3 de que se trata de una Unidad Expedicionaria de&nbsp;<strong>Marines<\/strong>, que normalmente cuenta con 2.500 marines y marineros.<\/p>\n\n\n\n<p id=\"m37675-37674-37676\">Seg\u00fan el&nbsp;<strong>Pent\u00e1gono<\/strong>, Estados Unidos e Israel han atacado m\u00e1s de 15.000 objetivos en Ir\u00e1n en las \u00faltimas dos semanas.<\/p>\n\n\n\n<p id=\"m37680-37679-37681\">El ej\u00e9rcito israel\u00ed afirm\u00f3 haber llevado a cabo 7.600 ataques en el pa\u00eds, la mayor\u00eda contra su programa de misiles.<\/p>\n\n\n\n<p id=\"m37685-37684-37686\">Aun as\u00ed, Ir\u00e1n sigue combatiendo, y sus Guardianes de la Revoluci\u00f3n dijeron estar atacando a Israel en coordinaci\u00f3n con&nbsp;<strong>Hezbol\u00e1<\/strong>, su aliado en el L\u00edbano, cuya zona sur ha sufrido intensos bombardeos israel\u00edes.<\/p>\n\n\n\n<p id=\"m37690-37689-37691\">El Ministerio de Defensa de Arabia Saudita dijo el viernes que sus fuerzas hab\u00edan interceptado decenas de drones, mientras que un periodista de la AFP inform\u00f3 de una explosi\u00f3n escuchada sobre Dub\u00e1i que hizo temblar los edificios.<\/p>\n\n\n\n<p id=\"m37695-37694-37696\">Turqu\u00eda afirm\u00f3 que fuerzas de la&nbsp;<strong>OTAN&nbsp;<\/strong>derribaron un misil bal\u00edstico lanzado desde Ir\u00e1n, el tercer derribo de este tipo desde el inicio de la guerra.<\/p>\n\n\n\n<h3 class=\"wp-block-heading\">Temores por el petr\u00f3leo<\/h3>\n\n\n\n<p id=\"m37700-37699-37701\">El conflicto ha desatado la volatilidad en los mercados mundiales y ha disparado el precio del petr\u00f3leo.<\/p>\n\n\n\n<p id=\"m37705-37704-37706\">Los&nbsp;<strong>Guardianes de la Revoluci\u00f3n<\/strong>&nbsp;de Ir\u00e1n han cerrado pr\u00e1cticamente el estrat\u00e9gico estrecho de Ormuz, en el Golfo P\u00e9rsico, por donde transita el 20% del suministro petrolero mundial.<\/p>\n\n\n\n<p id=\"m37710-37709-37711\">Los datos de mercado mostraron que el precio del barril de crudo&nbsp;<strong>Brent&nbsp;<\/strong>se ha disparado m\u00e1s de un 42% desde el estallido de la guerra.<\/p>\n\n\n\n<p id=\"m37715-37714-37716\">Esto ha provocado temores de mercados y gobiernos de todo el mundo por las consecuencias para el suministro energ\u00e9tico y el aumento de la inflaci\u00f3n.<\/p>\n\n\n\n<p id=\"m37720-37719-37721\">El viernes, el petr\u00f3leo se mantuvo por encima de los 100 d\u00f3lares por barril.<\/p>\n\n\n\n<p id=\"m37725-37724-37726\">El gobierno estadounidense ha dicho que es probable que la Marina de&nbsp;<strong>Estados Unidos<\/strong>&nbsp;no pueda escoltar barcos a trav\u00e9s del estrecho, como hab\u00eda prometido Trump, hasta finales de mes.<\/p>\n\n\n\n<h3 class=\"wp-block-heading\">Racionamiento de pan<\/h3>\n\n\n\n<p id=\"m37730-37729-37731\">Mientras tanto, iran\u00edes que hablaron con la AFP bajo condici\u00f3n de anonimato describieron un panorama sombr\u00edo de ciudades en ruinas y de escasez de efectivo.<\/p>\n\n\n\n<p id=\"m37735-37734-37736\">\u00abEl pan ahora est\u00e1 racionado. La poblaci\u00f3n est\u00e1 extremadamente tensa e indignada\u00bb, dijo a la AFP una mujer de 30 a\u00f1os en Kermanshah, en el oeste de Ir\u00e1n.<\/p>\n\n\n\n<p id=\"m37740-37739-37741\">Otra mujer en la ciudad afirm\u00f3 que \u00abinnumerables\u00bb personas de Teher\u00e1n hab\u00edan acudido a refugiarse all\u00ed de los bombardeos, lo que increment\u00f3 la demanda de alimentos y de medicinas escasas, con precios \u00abque casi se han duplicado\u00bb.<\/p>\n\n\n\n<p id=\"m37745-37744-37746\">El&nbsp;<strong>Ministerio de Salud&nbsp;<\/strong>de Ir\u00e1n dijo el 8 de marzo que m\u00e1s de 1.200 personas han muerto por la guerra, una cifra que la AFP no ha podido verificar de forma independiente.<\/p>\n\n\n\n<p id=\"m37750-37749-37751\">El ej\u00e9rcito estadounidense ha perdido a 13 efectivos desde el inicio de la guerra, incluidos los seis tripulantes de un avi\u00f3n cisterna que se estrell\u00f3 en Irak tras un incidente que, seg\u00fan las autoridades, no fue causado por fuego hostil.<\/p>\n\n\n\n<p id=\"m37755-37754-37756\">En otro indicio de la extensi\u00f3n regional del conflicto, el presidente&nbsp;<strong>Emmanuel Macron&nbsp;<\/strong>anunci\u00f3 la muerte del primer soldado franc\u00e9s, en un ataque en la regi\u00f3n de Erbil, en Irak.<\/p>\n","protected":false},"excerpt":{"rendered":"<p>Tras dos semanas de guerra, la rep\u00fablica isl\u00e1mica ha redoblado su desaf\u00edo con el lanzamiento<\/p>\n","protected":false},"author":1,"featured_media":24005,"comment_status":"open","ping_status":"open","sticky":false,"template":"","format":"standard","meta":{"footnotes":""},"categories":[4],"tags":[],"class_list":["post-24004","post","type-post","status-publish","format-standard","has-post-thumbnail","hentry","category-mundiales"],"_links":{"self":[{"href":"https:\/\/samantharadionline.com\/index.php\/wp-json\/wp\/v2\/posts\/24004","targetHints":{"allow":["GET"]}}],"collection":[{"href":"https:\/\/samantharadionline.com\/index.php\/wp-json\/wp\/v2\/posts"}],"about":[{"href":"https:\/\/samantharadionline.com\/index.php\/wp-json\/wp\/v2\/types\/post"}],"author":[{"embeddable":true,"href":"https:\/\/samantharadionline.com\/index.php\/wp-json\/wp\/v2\/users\/1"}],"replies":[{"embeddable":true,"href":"https:\/\/samantharadionline.com\/index.php\/wp-json\/wp\/v2\/comments?post=24004"}],"version-history":[{"count":1,"href":"https:\/\/samantharadionline.com\/index.php\/wp-json\/wp\/v2\/posts\/24004\/revisions"}],"predecessor-version":[{"id":24006,"href":"https:\/\/samantharadionline.com\/index.php\/wp-json\/wp\/v2\/posts\/24004\/revisions\/24006"}],"wp:featuredmedia":[{"embeddable":true,"href":"https:\/\/samantharadionline.com\/index.php\/wp-json\/wp\/v2\/media\/24005"}],"wp:attachment":[{"href":"https:\/\/samantharadionline.com\/index.php\/wp-json\/wp\/v2\/media?parent=24004"}],"wp:term":[{"taxonomy":"category","embeddable":true,"href":"https:\/\/samantharadionline.com\/index.php\/wp-json\/wp\/v2\/categories?post=24004"},{"taxonomy":"post_tag","embeddable":true,"href":"https:\/\/samantharadionline.com\/index.php\/wp-json\/wp\/v2\/tags?post=24004"}],"curies":[{"name":"wp","href":"https:\/\/api.w.org\/{rel}","templated":true}]}}