{"id":23972,"date":"2026-03-13T09:55:48","date_gmt":"2026-03-13T13:55:48","guid":{"rendered":"https:\/\/samantharadionline.com\/?p=23972"},"modified":"2026-03-13T09:55:48","modified_gmt":"2026-03-13T13:55:48","slug":"salud-publica-sobre-el-doctor-fadul-debe-delimitar-el-alcance-de-su-ejercicio-pediatrico","status":"publish","type":"post","link":"https:\/\/samantharadionline.com\/index.php\/2026\/03\/13\/salud-publica-sobre-el-doctor-fadul-debe-delimitar-el-alcance-de-su-ejercicio-pediatrico\/","title":{"rendered":"Salud P\u00fablica sobre el doctor Fadul: Debe delimitar el alcance de su ejercicio pedi\u00e1trico"},"content":{"rendered":"\n<p class=\"has-medium-font-size\"><em>Salud P\u00fablica inst\u00f3 a gestionar una licencia de habilitaci\u00f3n independiente, conforme a lo establecido en el Reglamento No. 1138-03.<\/em><\/p>\n\n\n\n<p><em>\u00a0<\/em><strong>S<\/strong><strong>anto Domingo, RD<\/strong><\/p>\n\n\n\n<p id=\"m77645-77644-77646\">El&nbsp;<strong>Ministerio de Salud P\u00fablica<\/strong>&nbsp;inform\u00f3 que el doctor Ernesto Fadul debe&nbsp;<strong>delimitar el alcance del ejercicio profesional&nbsp;<\/strong>en la atenci\u00f3n de pacientes pedi\u00e1tricos, por lo que inst\u00f3 a que estos casos se manejen bajo coordinaci\u00f3n formal con especialistas en pediatr\u00eda, psic\u00f3logos, neur\u00f3logos y psiquiatras.<\/p>\n\n\n\n<p id=\"m77650-77649-77651\">La instituci\u00f3n, en una nota de prensa, se\u00f1ala la necesidad de hacerlo mediante el sistema correspondiente de interconsultas, \u00aba fin de garantizar un abordaje integral y conforme a los protocolos establecidos para la atenci\u00f3n de menores de edad\u00bb.<\/p>\n\n\n\n<p id=\"m77655-77654-77656\">Salud P\u00fablica realiz\u00f3 una verificaci\u00f3n t\u00e9cnica al consultorio del&nbsp;<strong>doctor Jos\u00e9 Ernesto Fadul Fadul<\/strong>, ubicado en el Centro de Medicina Avanzada<strong>&nbsp;Materno Infantil&nbsp;<\/strong>y Especialidades San Mart\u00edn de Porres, en la provincia de&nbsp;<strong>Santiago<\/strong>, como parte de los procesos institucionales de supervisi\u00f3n y garant\u00eda de la calidad de los servicios de salud.<\/p>\n\n\n\n<p id=\"m77660-77659-77661\">De acuerdo al documento de prensa, Salud P\u00fablica inst\u00f3 a gestionar una<strong>&nbsp;licencia de habilitaci\u00f3n independiente<\/strong>, conforme a lo establecido en el&nbsp;<strong>Reglamento No. 1138-03<\/strong>.<\/p>\n\n\n\n<p id=\"m77665-77664-77666\">\u00abLa entidad exhort\u00f3 a los prestadores de servicios de salud que brindan atenci\u00f3n a ni\u00f1os, ni\u00f1as y adolescentes con&nbsp;<strong>trastorno del espectro autista<\/strong>&nbsp;a dar cumplimiento fiel y obligatorio al protocolo oficial establecido para su atenci\u00f3n, el cual deber\u00e1 ser aplicado conforme a la normativa sanitaria nacional vigente, a fin de garantizar una atenci\u00f3n integral, segura y basada en los<strong>&nbsp;est\u00e1ndares cl\u00ednicos aprobados<\/strong>&nbsp;por la autoridad sanitaria\u00bb, indica el referido comunicado.<\/p>\n\n\n\n<p id=\"m77670-77669-77671\">Por igual se\u00f1alaron que se inform\u00f3 que la Direcci\u00f3n de Vigilancia Sanitaria, de la Direcci\u00f3n General de Medicamentos, Alimentos y Productos Sanitarios (Digemaps), realiz\u00f3 una visita de inspecci\u00f3n el pasado seis de marzo del presente a\u00f1o al consultorio de&nbsp;<strong>Fadul<\/strong>. De momento, el organismo se encuentra consolidando el informe t\u00e9cnico correspondiente, el cual incluir\u00e1 los resultados de laboratorio, los hallazgos derivados del proceso de verificaci\u00f3n y las recomendaciones pertinentes.<\/p>\n\n\n\n<ul class=\"wp-block-list\">\n<li class=\"has-larger-font-size\"><img loading=\"lazy\" decoding=\"async\" width=\"110\" height=\"110\" src=\"https:\/\/listindiario.com\/files\/image_110_110\/uploads\/2024\/04\/19\/662271c67b1d6.jpeg\" alt=\"El doctor Ernesto Fadul se mostr\u00f3 a favor de la castraci\u00f3n de violadores sexuales.\">Ministerio de Salud realiz\u00f3 supervisi\u00f3n t\u00e9cnica al consultorio del doctor Fadul<\/li>\n<\/ul>\n\n\n\n<p>Lea tambi\u00e9n<\/p>\n\n\n\n<h3 class=\"wp-block-heading\">Proceso de verificaci\u00f3n<\/h3>\n\n\n\n<p id=\"m77680-77679-77681\">El Ministerio indic\u00f3 que el proceso de evaluaci\u00f3n incluy\u00f3 dos visitas t\u00e9cnicas, la primera por parte de la Direcci\u00f3n de Habilitaci\u00f3n de Servicios y Establecimientos de Salud en coordinaci\u00f3n con la habilitaci\u00f3n regional norte, y posteriormente por un equipo del nivel central de la Direcci\u00f3n de Monitoreo y Evaluaci\u00f3n de la Calidad de los Servicios y Establecimientos de Salud.<\/p>\n\n\n\n<p id=\"m77685-77684-77686\">\u00abDurante las visitas<strong>&nbsp;se evaluaron los est\u00e1ndares de calidad&nbsp;<\/strong>de la prestaci\u00f3n de servicios del establecimiento en sentido general, constat\u00e1ndose que el&nbsp;<strong>doctor Fadul<\/strong>&nbsp;figura dentro del dosier de habilitaci\u00f3n de centros m\u00e9dicos donde ejerce como m\u00e9dico internista con habilitaci\u00f3n hasta el 2030&#8243;, se\u00f1ala el documento.<\/p>\n\n\n\n<p id=\"m77690-77689-77691\">De igual manera, Fadul figura en el dossier del Centro de Medicina Avanzada Materno Infantil y Especialidades San Mart\u00edn de Porres,<strong>&nbsp;c\u00f3digo A05775<\/strong>&nbsp;(m\u00e9dico internista), el cual se encuentra en proceso de renovaci\u00f3n de habilitaci\u00f3n.<\/p>\n\n\n\n<p id=\"m77695-77694-77696\">Las autoridades sanitarias indicaron que se dar\u00e1 seguimiento al cumplimiento de las recomendaciones emitidas en el informe t\u00e9cnico, incluyendo la gesti\u00f3n de la habilitaci\u00f3n individual del consultorio y la adecuaci\u00f3n de los procesos de atenci\u00f3n conforme a la normativa vigente.<\/p>\n","protected":false},"excerpt":{"rendered":"<p>Salud P\u00fablica inst\u00f3 a gestionar una licencia de habilitaci\u00f3n independiente, conforme a lo establecido en<\/p>\n","protected":false},"author":1,"featured_media":23973,"comment_status":"open","ping_status":"open","sticky":false,"template":"","format":"standard","meta":{"footnotes":""},"categories":[15],"tags":[],"class_list":["post-23972","post","type-post","status-publish","format-standard","has-post-thumbnail","hentry","category-salud"],"_links":{"self":[{"href":"https:\/\/samantharadionline.com\/index.php\/wp-json\/wp\/v2\/posts\/23972","targetHints":{"allow":["GET"]}}],"collection":[{"href":"https:\/\/samantharadionline.com\/index.php\/wp-json\/wp\/v2\/posts"}],"about":[{"href":"https:\/\/samantharadionline.com\/index.php\/wp-json\/wp\/v2\/types\/post"}],"author":[{"embeddable":true,"href":"https:\/\/samantharadionline.com\/index.php\/wp-json\/wp\/v2\/users\/1"}],"replies":[{"embeddable":true,"href":"https:\/\/samantharadionline.com\/index.php\/wp-json\/wp\/v2\/comments?post=23972"}],"version-history":[{"count":1,"href":"https:\/\/samantharadionline.com\/index.php\/wp-json\/wp\/v2\/posts\/23972\/revisions"}],"predecessor-version":[{"id":23974,"href":"https:\/\/samantharadionline.com\/index.php\/wp-json\/wp\/v2\/posts\/23972\/revisions\/23974"}],"wp:featuredmedia":[{"embeddable":true,"href":"https:\/\/samantharadionline.com\/index.php\/wp-json\/wp\/v2\/media\/23973"}],"wp:attachment":[{"href":"https:\/\/samantharadionline.com\/index.php\/wp-json\/wp\/v2\/media?parent=23972"}],"wp:term":[{"taxonomy":"category","embeddable":true,"href":"https:\/\/samantharadionline.com\/index.php\/wp-json\/wp\/v2\/categories?post=23972"},{"taxonomy":"post_tag","embeddable":true,"href":"https:\/\/samantharadionline.com\/index.php\/wp-json\/wp\/v2\/tags?post=23972"}],"curies":[{"name":"wp","href":"https:\/\/api.w.org\/{rel}","templated":true}]}}