{"id":23933,"date":"2026-03-12T08:38:27","date_gmt":"2026-03-12T12:38:27","guid":{"rendered":"https:\/\/samantharadionline.com\/?p=23933"},"modified":"2026-03-12T08:38:27","modified_gmt":"2026-03-12T12:38:27","slug":"error-causa-muertes-en-una-escuela-irani","status":"publish","type":"post","link":"https:\/\/samantharadionline.com\/index.php\/2026\/03\/12\/error-causa-muertes-en-una-escuela-irani\/","title":{"rendered":"Error causa muertes en una escuela iran\u00ed"},"content":{"rendered":"\n<p class=\"has-medium-font-size\"><em>Funcionarios estadounidenses dijeron al peri\u00f3dico que la investigaci\u00f3n sobre el ataque del 28 de febrero sigue en curso, pero las conclusiones preliminares atribuyen la responsabilidad a Estados Unidos.<\/em><\/p>\n\n\n\n<figure class=\"wp-block-image\"><img decoding=\"async\" src=\"https:\/\/listindiario.com\/files\/image_60_60\/uploads\/2025\/06\/12\/684b39171bfd7.jpeg\" alt=\"Avatar del Agencia AFP\"\/><\/figure>\n\n\n\n<p><strong><em>\u00a0<\/em>Agencia AFP, Washington, Estados Unidos<\/strong><\/p>\n\n\n\n<p id=\"m3667-3666-3668\">Estados Unidos fue responsable de un ataque con misiles Tomahawk contra una escuela primaria iran\u00ed debido a un error de selecci\u00f3n de objetivos, inform\u00f3 el mi\u00e9rcoles el New York Times.<\/p>\n\n\n\n<p id=\"m3672-3671-3673\">Funcionarios estadounidenses dijeron al peri\u00f3dico que la investigaci\u00f3n sobre el ataque del 28 de febrero sigue en curso, pero las conclusiones preliminares atribuyen la responsabilidad a Estados Unidos.<\/p>\n\n\n\n<p id=\"m3677-3676-3678\">El peri\u00f3dico indic\u00f3 que el ej\u00e9rcito estadounidense apuntaba contra una base iran\u00ed adyacente al edificio de la escuela, y que las coordenadas para el objetivo se fijaron con datos desactualizados.<\/p>\n\n\n\n<p id=\"m3682-3681-3683\">Ir\u00e1n inform\u00f3 que el ataque contra la escuela primaria en la ciudad sure\u00f1a de Minab dej\u00f3 m\u00e1s de 150 muertos.<\/p>\n\n\n\n<p>PUBLICIDAD<\/p>\n\n\n\n<p id=\"m3687-3686-3688\">Donald Trump sugiri\u00f3 a principios de esta semana que los propios iran\u00edes podr\u00edan haber sido responsables del hecho, pero luego declar\u00f3 que aceptar\u00eda el resultado de la investigaci\u00f3n, fuera cual fuera.<\/p>\n\n\n\n<p id=\"m3692-3691-3693\">Cuando periodistas le preguntaron el mi\u00e9rcoles por el informe del Times, Trump respondi\u00f3: \u00abNo s\u00e9 nada al respecto\u00bb.<\/p>\n\n\n\n<p id=\"m3697-3696-3698\">El diario neoyorquino se\u00f1al\u00f3 que oficiales del Centcom, el comando militar de Estados Unidos para Oriente Medio, elaboraron las coordenadas del objetivo para el ataque utilizando datos desactualizados proporcionados por la Agencia de Inteligencia de Defensa.<\/p>\n\n\n\n<h3 class=\"wp-block-heading\">datos desactualizados<\/h3>\n\n\n\n<p id=\"m3702-3701-3703\">A\u00f1adi\u00f3 que los investigadores siguen analizando por qu\u00e9 se usaron datos desactualizados en la planificaci\u00f3n del ataque y qui\u00e9n no verific\u00f3 la informaci\u00f3n.<\/p>\n\n\n\n<p id=\"m3707-3706-3708\">El peri\u00f3dico afirm\u00f3 que la escuela se encuentra en la misma manzana que edificios utilizados por las fuerzas navales de los Guardianes de la Revoluci\u00f3n, el ej\u00e9rcito ideol\u00f3gico de la rep\u00fablica isl\u00e1mica, y que el lugar donde se halla la escuela era originalmente parte de la base.<\/p>\n\n\n\n<p id=\"m3712-3711-3713\">Indic\u00f3 que el edificio que alberga la escuela hab\u00eda sido separado de la base con una valla entre 2013 y 2016.<\/p>\n\n\n\n<p id=\"m3717-3716-3718\">La AFP no ha podido acceder al lugar del ataque para verificar de forma independiente el entorno ni el balance de v\u00edctimas reportado por los medios iran\u00edes.<\/p>\n\n\n\n<p id=\"m3722-3721-3723\">El presidente iran\u00ed, Masud Pezeshkian, responsabiliz\u00f3 a Estados Unidos e Israel del ataque.<\/p>\n\n\n\n<p id=\"m3727-3726-3728\">Israel ha negado reiteradamente cualquier participaci\u00f3n o conocimiento del ataque. El secretario de Estado estadounidense, Marco Rubio, afirm\u00f3 la semana pasada que Estados Unidos no apuntar\u00eda intencionadamente contra una escuela.<\/p>\n","protected":false},"excerpt":{"rendered":"<p>Funcionarios estadounidenses dijeron al peri\u00f3dico que la investigaci\u00f3n sobre el ataque del 28 de febrero<\/p>\n","protected":false},"author":1,"featured_media":23934,"comment_status":"open","ping_status":"open","sticky":false,"template":"","format":"standard","meta":{"footnotes":""},"categories":[4],"tags":[],"class_list":["post-23933","post","type-post","status-publish","format-standard","has-post-thumbnail","hentry","category-mundiales"],"_links":{"self":[{"href":"https:\/\/samantharadionline.com\/index.php\/wp-json\/wp\/v2\/posts\/23933","targetHints":{"allow":["GET"]}}],"collection":[{"href":"https:\/\/samantharadionline.com\/index.php\/wp-json\/wp\/v2\/posts"}],"about":[{"href":"https:\/\/samantharadionline.com\/index.php\/wp-json\/wp\/v2\/types\/post"}],"author":[{"embeddable":true,"href":"https:\/\/samantharadionline.com\/index.php\/wp-json\/wp\/v2\/users\/1"}],"replies":[{"embeddable":true,"href":"https:\/\/samantharadionline.com\/index.php\/wp-json\/wp\/v2\/comments?post=23933"}],"version-history":[{"count":1,"href":"https:\/\/samantharadionline.com\/index.php\/wp-json\/wp\/v2\/posts\/23933\/revisions"}],"predecessor-version":[{"id":23935,"href":"https:\/\/samantharadionline.com\/index.php\/wp-json\/wp\/v2\/posts\/23933\/revisions\/23935"}],"wp:featuredmedia":[{"embeddable":true,"href":"https:\/\/samantharadionline.com\/index.php\/wp-json\/wp\/v2\/media\/23934"}],"wp:attachment":[{"href":"https:\/\/samantharadionline.com\/index.php\/wp-json\/wp\/v2\/media?parent=23933"}],"wp:term":[{"taxonomy":"category","embeddable":true,"href":"https:\/\/samantharadionline.com\/index.php\/wp-json\/wp\/v2\/categories?post=23933"},{"taxonomy":"post_tag","embeddable":true,"href":"https:\/\/samantharadionline.com\/index.php\/wp-json\/wp\/v2\/tags?post=23933"}],"curies":[{"name":"wp","href":"https:\/\/api.w.org\/{rel}","templated":true}]}}