{"id":23919,"date":"2026-03-11T14:40:24","date_gmt":"2026-03-11T18:40:24","guid":{"rendered":"https:\/\/samantharadionline.com\/?p=23919"},"modified":"2026-03-11T14:41:39","modified_gmt":"2026-03-11T18:41:39","slug":"el-prm-dice-que-la-gente-esta-volviendo-al-campo-a-trabajar-la-agricultura","status":"publish","type":"post","link":"https:\/\/samantharadionline.com\/index.php\/2026\/03\/11\/el-prm-dice-que-la-gente-esta-volviendo-al-campo-a-trabajar-la-agricultura\/","title":{"rendered":"La gente  se est\u00e1 volviendo al campo a trabajar la agricultura"},"content":{"rendered":"\n<p class=\"has-medium-font-size\"><em>Seg\u00fan el Frente Agropecuario del PRM, la migraci\u00f3n dentro de los campos rurales se ha detenido y eso ha llevado a que la instituci\u00f3n incorpore m\u00e1s de 900,000 mil tareas en todo el territorio nacional para ayudar con las labores correspondientes<\/em><\/p>\n\n\n\n<figure class=\"wp-block-image\"><img decoding=\"async\" src=\"https:\/\/listindiario.com\/files\/image_60_60\/uploads\/2025\/11\/03\/690930036b86b.jpeg\" alt=\"Avatar del Josu\u00e9 Batista Ram\u00edrez\"\/><\/figure>\n\n\n\n<p><strong><em>&nbsp;<\/em>Josu\u00e9 Batista Ram\u00edrez, Santo Domingo, RD<\/strong><\/p>\n\n\n\n<p id=\"m63975-63974-63976\">\u00abLa gente est\u00e1 volviendo al campo a trabajar\u00bb. Con esas palabras, el presidente del Frente Agropecuario del Partido Revolucionario Moderno (PRM),&nbsp;<strong>Eulalio Ram\u00edrez<\/strong>, asegur\u00f3 que los hijos de los<strong>&nbsp;agricultores<\/strong>&nbsp;se han interesado en volver a los campos de cultivos para trabajar en ellos.<\/p>\n\n\n\n<p id=\"m63980-63979-63981\">Ram\u00edrez coment\u00f3 que la migraci\u00f3n dentro de los campos rurales se ha detenido y eso ha llevado a que la instituci\u00f3n incorpore m\u00e1s de&nbsp;<strong>900,000 mil tareas de tierra<\/strong>&nbsp;en todo el territorio nacional para ayudar con las labores correspondientes.<\/p>\n\n\n\n<p id=\"m63985-63984-63986\">\u00abHemos incorporado 900,000 mil tareas de tierra que anteriormente estaban vac\u00edas, que las hab\u00edan&nbsp;<strong>abandonado<\/strong>, y vemos c\u00f3mo se han estado integrando a las&nbsp;<strong>labores productivas<\/strong>\u00ab, asever\u00f3 el ingeniero una rueda de prensa.<\/p>\n\n\n\n<p id=\"m63990-63989-63991\">En ese sentido, el titular de la entidad revel\u00f3 que han \u00abestado estudiando el<strong>&nbsp;desarrollo de la mano de obra<\/strong>\u00bb y eso ha llevado a que el Gobierno coloque recursos a trav\u00e9s del&nbsp;<strong>Banco de Desarrollo y Exportaciones<\/strong>&nbsp;(Bandex) para colocar los equipos necesarios.<\/p>\n\n\n\n<p id=\"m63995-63994-63996\">\u00abEl Gobierno ha dispuesto de recursos a trav\u00e9s del Bandex para financiar&nbsp;<strong>maquinarias y tecnolog\u00edas apropiadas&nbsp;<\/strong>que puedan reducir la mano de obra en la zona rural, tecnificando el campo\u00bb, dijo.<\/p>\n\n\n\n<p id=\"m64000-63999-64001\">Adem\u00e1s, habl\u00f3 sobre la creaci\u00f3n de un programa de incentivos para que las personas que han emigrado desde los campos puedan volver a reincorporarse a las actividades agropecuarias.<\/p>\n\n\n\n<h3 class=\"wp-block-heading\">constrate con opm&nbsp;<\/h3>\n\n\n\n<p id=\"m64005-64004-64006\">Sin embargo, esas declaraciones contrastan a las recolectadas por el&nbsp;<strong>Observatorio de Pol\u00edticas Migratorias<\/strong>&nbsp;(OPM), que se reuni\u00f3 el pasado lunes con productores agropecuarios del&nbsp;<strong>Cibao y la l\u00ednea Noroeste<\/strong>&nbsp;de la naci\u00f3n.<\/p>\n\n\n\n<p id=\"m64010-64009-64011\">Ah\u00ed los trabajadores comentaron sus quejas y dos de ellas fueron la falta de inter\u00e9s por parte de las&nbsp;<strong>nuevas generaciones&nbsp;<\/strong>en la agricultura, situaci\u00f3n que ha llevado a varios agricultores a&nbsp;<strong>vender sus tierras<\/strong>.<\/p>\n\n\n\n<p id=\"m64015-64014-64016\">De igual forma, revelaron que existen zonas dentro de la isla donde todav\u00eda no hay&nbsp;<strong>equipos tecnol\u00f3gicos necesarios&nbsp;<\/strong>para realizar ciertas labores y eso dificultad la sostenibilidad de los&nbsp;<strong>trabajos en los campos<\/strong>.&nbsp;<\/p>\n","protected":false},"excerpt":{"rendered":"<p>Seg\u00fan el Frente Agropecuario del PRM, la migraci\u00f3n dentro de los campos rurales se ha<\/p>\n","protected":false},"author":1,"featured_media":23921,"comment_status":"open","ping_status":"open","sticky":false,"template":"","format":"standard","meta":{"footnotes":""},"categories":[10],"tags":[],"class_list":["post-23919","post","type-post","status-publish","format-standard","has-post-thumbnail","hentry","category-economica"],"_links":{"self":[{"href":"https:\/\/samantharadionline.com\/index.php\/wp-json\/wp\/v2\/posts\/23919","targetHints":{"allow":["GET"]}}],"collection":[{"href":"https:\/\/samantharadionline.com\/index.php\/wp-json\/wp\/v2\/posts"}],"about":[{"href":"https:\/\/samantharadionline.com\/index.php\/wp-json\/wp\/v2\/types\/post"}],"author":[{"embeddable":true,"href":"https:\/\/samantharadionline.com\/index.php\/wp-json\/wp\/v2\/users\/1"}],"replies":[{"embeddable":true,"href":"https:\/\/samantharadionline.com\/index.php\/wp-json\/wp\/v2\/comments?post=23919"}],"version-history":[{"count":2,"href":"https:\/\/samantharadionline.com\/index.php\/wp-json\/wp\/v2\/posts\/23919\/revisions"}],"predecessor-version":[{"id":23922,"href":"https:\/\/samantharadionline.com\/index.php\/wp-json\/wp\/v2\/posts\/23919\/revisions\/23922"}],"wp:featuredmedia":[{"embeddable":true,"href":"https:\/\/samantharadionline.com\/index.php\/wp-json\/wp\/v2\/media\/23921"}],"wp:attachment":[{"href":"https:\/\/samantharadionline.com\/index.php\/wp-json\/wp\/v2\/media?parent=23919"}],"wp:term":[{"taxonomy":"category","embeddable":true,"href":"https:\/\/samantharadionline.com\/index.php\/wp-json\/wp\/v2\/categories?post=23919"},{"taxonomy":"post_tag","embeddable":true,"href":"https:\/\/samantharadionline.com\/index.php\/wp-json\/wp\/v2\/tags?post=23919"}],"curies":[{"name":"wp","href":"https:\/\/api.w.org\/{rel}","templated":true}]}}