{"id":23916,"date":"2026-03-11T14:38:47","date_gmt":"2026-03-11T18:38:47","guid":{"rendered":"https:\/\/samantharadionline.com\/?p=23916"},"modified":"2026-03-11T14:38:48","modified_gmt":"2026-03-11T18:38:48","slug":"misterio-es-el-paradero-del-nuevo-guia-supremo-irani-mojtaba-jamenei","status":"publish","type":"post","link":"https:\/\/samantharadionline.com\/index.php\/2026\/03\/11\/misterio-es-el-paradero-del-nuevo-guia-supremo-irani-mojtaba-jamenei\/","title":{"rendered":"Misterio es el paradero del nuevo gu\u00eda supremo iran\u00ed, Mojtaba Jamenei"},"content":{"rendered":"\n<p class=\"has-medium-font-size\"><em>El nuevo jefe del Estado iran\u00ed est\u00e1 \u00absano y salvo\u00bb, afirm\u00f3 en Telegram el mi\u00e9rcoles Yusef Pezeshkian, hijo del presidente Masud Pezeshkian y asesor del gobierno<\/em><\/p>\n\n\n\n<figure class=\"wp-block-image\"><img decoding=\"async\" src=\"https:\/\/listindiario.com\/files\/image_60_60\/uploads\/2025\/06\/12\/684b39171bfd7.jpeg\" alt=\"Avatar del Agencia AFP\"\/><\/figure>\n\n\n\n<p><strong><em>\u00a0<\/em>Agencia AFP, Par\u00eds, Francia<\/strong><\/p>\n\n\n\n<p id=\"m32801-32800-32802\">Al nuevo l\u00edder supremo, el ayatol\u00e1 Mojtaba Jamenei, no se le ha visto desde que fue nombrado la semana pasada, seguramente porque fue herido al inicio de la guerra, pero tambi\u00e9n porque representa un objetivo prioritario para Estados Unidos e Israel.<\/p>\n\n\n\n<p id=\"m32806-32805-32807\">El nuevo jefe del Estado iran\u00ed est\u00e1 \u00absano y salvo\u00bb, afirm\u00f3 en Telegram el mi\u00e9rcoles Yusef Pezeshkian, hijo del presidente Masud Pezeshkian y asesor del gobierno.<\/p>\n\n\n\n<p id=\"m32811-32810-32812\">Esta declaraci\u00f3n es la primera que hace un responsable iran\u00ed al respecto, tras varios d\u00edas de rumores sobre la suerte de Mojtaba Jamenei.<\/p>\n\n\n\n<p id=\"m32816-32815-32817\">El dirigente no ha aparecido en p\u00fablico ni ha hecho declaraciones a los medios desde que fue elegido el domingo para suceder a su padre, Al\u00ed Jamenei, que muri\u00f3 en los bombardeos de Estados Unidos e Israel el primer d\u00eda de guerra, el 28 de febrero.<\/p>\n\n\n\n<p id=\"m32821-32820-32822\">\u00abO\u00ed la noticia de que Mojtaba Jamenei hab\u00eda resultado herido. Pregunt\u00e9 a amigos que tienen contactos y me han dicho que, gracias a Dios, se encuentra sano y salvo\u00bb, escribi\u00f3 Yusef Pezeshkian.<\/p>\n\n\n\n<p id=\"m32826-32825-32827\">El religioso de 56 a\u00f1os habr\u00eda resultado herido durante el bombardeo que mat\u00f3 a su padre, su madre y su esposa. Sin embargo, no se sabe nada sobre la gravedad de las heridas.<\/p>\n\n\n\n<p id=\"m32831-32830-32832\">El embajador iran\u00ed en Chipre, Alireza Salarian, confirm\u00f3 este mi\u00e9rcoles al diario The Guardian que Jamenei \u00abresult\u00f3 herido en ese bombardeo\u00bb y apunt\u00f3 que \u00abcree\u00bb que \u00abest\u00e1 en el hospital, porque est\u00e1 herido\u00bb.<\/p>\n\n\n\n<p id=\"m32836-32835-32837\">\u00abHe o\u00eddo que tiene heridas en las piernas, la mano y el brazo\u00bb, coment\u00f3 al rotativo brit\u00e1nico.<\/p>\n\n\n\n<p id=\"m32841-32840-32842\">Seg\u00fan el diario The New York Times, que cit\u00f3 a tres funcionarios iran\u00edes, Jamenei tendr\u00eda heridas \u00absobre todo en las piernas\u00bb pero \u00abest\u00e1 a salvo en un lugar de alta seguridad, aunque con posibilidades de comunicaci\u00f3n limitadas\u00bb.<\/p>\n\n\n\n<p id=\"m32846-32845-32847\">El peri\u00f3dico tambi\u00e9n cit\u00f3 a dos responsables militares israel\u00edes que sugirieron que los servicios de inteligencia israel\u00edes estaban al tanto de esas heridas antes de que Mojtaba Jamenei fuese designado nuevo l\u00edder.<\/p>\n\n\n\n<p id=\"m32851-32850-32852\">La televisi\u00f3n estatal iran\u00ed present\u00f3 a Mojtaba Jamenei como un \u00abveterano herido de la guerra del Ramad\u00e1n\u00bb, sin dar detalles, aludiendo al conflicto actual, que estall\u00f3 durante el mes sagrado del ayuno musulm\u00e1n.<\/p>\n\n\n\n<p id=\"m32856-32855-32857\"><strong>\u00abEn un b\u00fanker\u00bb<\/strong><\/p>\n\n\n\n<p id=\"m32861-32860-32862\">Aunque de momento no se le haya visto, su cara est\u00e1 presente en numerosos carteles y pancartas en las calles de Teher\u00e1n, observaron periodistas de la AFP. En una de ellas, se le ve recibiendo simb\u00f3licamente la bandera nacional de manos de su padre, Al\u00ed, bajo la mirada del fundador de la rep\u00fablica isl\u00e1mica, Ruhollah Jomeini.<\/p>\n\n\n\n<p id=\"m32866-32865-32867\">Miles de simpatizantes del gobierno gritaron sus nombres en varias concentraciones organizadas en el centro de Teher\u00e1n, como el que se organiz\u00f3 el mi\u00e9rcoles por las exequias de responsables muertos en los bombardeos.<\/p>\n\n\n\n<p id=\"m32871-32870-32872\">Pero los gritos \u00ab\u00a1Muerte a Mojtaba!\u00bb, lanzados por la noche por vecinos an\u00f3nimos desde las ventanas, ponen de manifiesto el repudio de muchos iran\u00edes.<\/p>\n\n\n\n<p id=\"m32876-32875-32877\">Debido a su proximidad con los Guardianes de la Revoluci\u00f3n, el ej\u00e9rcito ideol\u00f3gico de la rep\u00fablica isl\u00e1mica, a Mojtaba Jamenei se lo considera conservador. Ha sido presentado como uno de los responsables de la represi\u00f3n de las distintas oleadas de manifestaciones antigubernamentales desde 2009.<\/p>\n\n\n\n<p id=\"m32881-32880-32882\">En las redes sociales, algunos iran\u00edes se preguntaban, en tono de broma: \u00ab\u00bfd\u00f3nde est\u00e1?\u00bb, especulando sobre lugares donde podr\u00eda haberse escondido para escapar a las bombas.<\/p>\n\n\n\n<p id=\"m32886-32885-32887\">Emile Hokayem, del International Institute for Strategic Studies, radicado en Londres, declar\u00f3 que supone que Jamenei \u00abpermanecer\u00e1 en un b\u00fanker durante mucho tiempo porque vio lo que le pas\u00f3 a su padre, a su esposa, a su madre: todos muertos\u00bb.<\/p>\n\n\n\n<p id=\"m32891-32890-32892\">\u00abEliminarlo r\u00e1pidamente seguramente sea una prioridad israel\u00ed. Pues, si sobrevive, se convierte en un t\u00f3tem, un testimonio de la resiliencia del sistema\u00bb, apunt\u00f3 el experto.<\/p>\n\n\n\n<p id=\"m32896-32895-32897\">Entretanto, el poder est\u00e1 personificado por otros dirigentes, como el jefe Consejo Superior de Seguridad de Ir\u00e1n, Al\u00ed Larijani, o el presidente del Parlamento, Mohammad Bagher Ghalibaf.<\/p>\n\n\n\n<p id=\"m32901-32900-32902\">Antes de que fuera elegido el domingo, el presidente estadounidense, Donald Trump, hab\u00eda advertido que \u00abno aceptaba\u00bb a Mojtaba Jamenei como l\u00edder supremo y que, sin la aprobaci\u00f3n de Washington, \u00abno durar\u00e1 mucho tiempo\u00bb.<\/p>\n","protected":false},"excerpt":{"rendered":"<p>El nuevo jefe del Estado iran\u00ed est\u00e1 \u00absano y salvo\u00bb, afirm\u00f3 en Telegram el mi\u00e9rcoles<\/p>\n","protected":false},"author":1,"featured_media":23917,"comment_status":"open","ping_status":"open","sticky":false,"template":"","format":"standard","meta":{"footnotes":""},"categories":[4],"tags":[],"class_list":["post-23916","post","type-post","status-publish","format-standard","has-post-thumbnail","hentry","category-mundiales"],"_links":{"self":[{"href":"https:\/\/samantharadionline.com\/index.php\/wp-json\/wp\/v2\/posts\/23916","targetHints":{"allow":["GET"]}}],"collection":[{"href":"https:\/\/samantharadionline.com\/index.php\/wp-json\/wp\/v2\/posts"}],"about":[{"href":"https:\/\/samantharadionline.com\/index.php\/wp-json\/wp\/v2\/types\/post"}],"author":[{"embeddable":true,"href":"https:\/\/samantharadionline.com\/index.php\/wp-json\/wp\/v2\/users\/1"}],"replies":[{"embeddable":true,"href":"https:\/\/samantharadionline.com\/index.php\/wp-json\/wp\/v2\/comments?post=23916"}],"version-history":[{"count":1,"href":"https:\/\/samantharadionline.com\/index.php\/wp-json\/wp\/v2\/posts\/23916\/revisions"}],"predecessor-version":[{"id":23918,"href":"https:\/\/samantharadionline.com\/index.php\/wp-json\/wp\/v2\/posts\/23916\/revisions\/23918"}],"wp:featuredmedia":[{"embeddable":true,"href":"https:\/\/samantharadionline.com\/index.php\/wp-json\/wp\/v2\/media\/23917"}],"wp:attachment":[{"href":"https:\/\/samantharadionline.com\/index.php\/wp-json\/wp\/v2\/media?parent=23916"}],"wp:term":[{"taxonomy":"category","embeddable":true,"href":"https:\/\/samantharadionline.com\/index.php\/wp-json\/wp\/v2\/categories?post=23916"},{"taxonomy":"post_tag","embeddable":true,"href":"https:\/\/samantharadionline.com\/index.php\/wp-json\/wp\/v2\/tags?post=23916"}],"curies":[{"name":"wp","href":"https:\/\/api.w.org\/{rel}","templated":true}]}}