{"id":23906,"date":"2026-03-11T14:29:47","date_gmt":"2026-03-11T18:29:47","guid":{"rendered":"https:\/\/samantharadionline.com\/?p=23906"},"modified":"2026-03-11T14:29:47","modified_gmt":"2026-03-11T18:29:47","slug":"en-la-derecha-europea-hay-un-temor-irracional-a-criticar-a-trump-dice-eurodiputado-espanol","status":"publish","type":"post","link":"https:\/\/samantharadionline.com\/index.php\/2026\/03\/11\/en-la-derecha-europea-hay-un-temor-irracional-a-criticar-a-trump-dice-eurodiputado-espanol\/","title":{"rendered":"\u201cEn la derecha europea hay un temor irracional a criticar a Trump\u201d, dice eurodiputado espa\u00f1ol"},"content":{"rendered":"\n<p class=\"has-medium-font-size\"><em>El eurodiputado socialista espa\u00f1ol Nacho S\u00e1nchez estuvo en entrevista con\u00a0RFI\u00a0donde denunci\u00f3 una preocupante normalizaci\u00f3n de los dobles est\u00e1ndares europeos cuando se habla de conflictos b\u00e9licos en los que est\u00e1 involucrado directa o indirectamente Estados Unidos. La guerra en Oriente Medio abre varias preguntas sobre el rol del bloque y c\u00f3mo se posiciona frente a Donald Trump.<\/em><\/p>\n\n\n\n<p><strong>Por: Paola Ariza<\/strong><\/p>\n\n\n\n<p><strong>RFI: En esta disyuntiva de lo que parece una nueva configuraci\u00f3n con Estados Unidos frente a un espacio beligerante, como es el caso en Medio Oriente, \u00bfc\u00f3mo se posiciona la Uni\u00f3n Europea? \u00bfhay consenso en el bloque?<\/strong><\/p>\n\n\n\n<p><strong>Eurodiputado Nacho S\u00e1nchez:<\/strong>&nbsp;Hay consenso sobre bastantes asuntos, aunque no sobre el hecho del ataque militar. Primero, el apoyo a la sociedad civil iran\u00ed y el absoluto desprecio y lucha contra todo lo que representa el r\u00e9gimen de los ayatol\u00e1s. Esa ha sido la t\u00f3nica un\u00e1nime de este Parlamento durante los \u00faltimos a\u00f1os.<\/p>\n\n\n\n<p>El segundo factor que hay que introducir es que se estaba negociando. Estados Unidos estaba sentado con Ir\u00e1n dos d\u00edas antes del ataque, el mediador, que era Om\u00e1n, dijo que hab\u00eda progresos significativos. El hecho de conducir una operaci\u00f3n militar cuando se est\u00e1 negociando es algo bastante sorprendente y fuera de los c\u00e1nones de la diplomacia. El ataque coordinado de Estados Unidos e Israel, seg\u00fan nuestro punto de vista, y aqu\u00ed empiezan las divergencias entre nosotros en la Uni\u00f3n Europea, es una clara brecha del derecho internacional. Yo no creo que nadie dude que esto es as\u00ed. Lo que s\u00ed parece es que hay l\u00edderes europeos y nacionales que prefieren evitar la cr\u00edtica a Estados Unidos, pero es dif\u00edcil considerar de otra manera el ataque militar coordinado. Es una brecha, es una violaci\u00f3n del derecho internacional y as\u00ed tiene que ser considerada.<\/p>\n\n\n\n<p><strong>RFI: Usted hablaba que entre esos desacuerdos est\u00e1 el tema de las bases militares. \u00bfCu\u00e1l es la visi\u00f3n de la Uni\u00f3n Europea frente al uso de estas bases que se encuentran en territorio europeo, cuando sabemos que son al menos 270, casi la mitad de las que tiene Estados Unidos en el extranjero?<\/strong><\/p>\n\n\n\n<p>Esas son decisiones nacionales. No es una competencia de la Uni\u00f3n Europea y aqu\u00ed estamos en la diatriba actual sobre hasta qu\u00e9 punto la Comisi\u00f3n Europea puede actuar en pol\u00edtica exterior, pero los acuerdos que cada pa\u00eds tenga con Estados Unidos en relaci\u00f3n con sus bases est\u00e1n regulados y son competencia de cada pa\u00eds. Por tanto, no puede haber una pol\u00edtica europea conjunta para decidir sobre las bases. Las bases est\u00e1n cubiertas por acuerdos internacionales que son bilaterales. En el caso de Espa\u00f1a, el presidente Pedro S\u00e1nchez ha decidido que esas bases no deb\u00edan ser utilizadas para reforzar el ataque a Ir\u00e1n y, sin embargo, mi pa\u00eds s\u00ed que ha se puesto a disposici\u00f3n de Chipre y ha enviado un barco. Tenemos una instalaci\u00f3n Patriot desde hace 12 a\u00f1os en la frontera de Turqu\u00eda con Siria y, por tanto, estamos cumpliendo con nuestras obligaciones derivadas tanto de la OTAN como de la Uni\u00f3n Europea en materia de solidaridad.<\/p>\n\n\n\n<p><strong>El hecho que otras naciones como Italia, Francia o Alemania, no hagan lo mismo que Espa\u00f1a, \u00bfmuestra m\u00e1s cercan\u00eda con Estados Unidos o un apoyo al conflicto?<\/strong><\/p>\n\n\n\n<p>No se trata de eso. Creo, en el caso de los l\u00edderes europeos o nacionales que no han sido demasiado expl\u00edcitos en su solidaridad con Espa\u00f1a, no creo que sea porque se consideren m\u00e1s solidarios con Estados Unidos. En el espectro de la derecha europea hay un temor irracional a criticar a Trump. Ese es el freno y por eso el discurso de ayer de Von der Leyen y muchos discursos que se viven en Bruselas ponen todo el peso en la respuesta militar de Ir\u00e1n, olvidando que el inicio de las actividades no ha sido Ir\u00e1n, sino que ha sido Estados Unidos e Israel. Pero yo lo que creo que hay no es tanto una distancia de Espa\u00f1a y una cercan\u00eda a Estados Unidos, sino un miedo cerval a criticar p\u00fablicamente al presidente de Estados Unidos y eso da una mala impresi\u00f3n de la Uni\u00f3n Europea.<\/p>\n\n\n\n<p><strong>Usted evocaba un doble discurso en la Uni\u00f3n Europea, que incluso lo vimos esta semana con la presidenta del bloque Ursula von der Leyen, que dice que nos debemos adaptar a un mundo ca\u00f3tico, pero luego dice que se debe respetar el derecho internacional y que Europa aboga por la paz desde su creaci\u00f3n. En concreto, \u00bfqu\u00e9 piensan hacer para que estos principios se cumplan?<\/strong><\/p>\n\n\n\n<p>Nosotros lo que pedimos es coherencia. Yo lo digo de esta manera, el c\u00e1ncer de la pol\u00edtica exterior europea son los dobles est\u00e1ndares y el Sur global lo nota. El Sur global no nos cree porque hemos predicado en Naciones Unidas y en el mundo y hemos pedido solidaridad a todo el mundo para que juzgara cr\u00edticamente la invasi\u00f3n rusa y nos callamos cuando el ejercicio de autodefensa de Israel super\u00f3 cualquier tipo de proporcionalidad en la destrucci\u00f3n completa de Gaza. Y ahora ese mismo doble est\u00e1ndar se expone. Yo no s\u00e9 si lo que propone la se\u00f1ora Von der Leyen es entrar en la era del cinismo. No lo s\u00e9. Hoy parece que ha rectificado.<\/p>\n\n\n\n<p>&nbsp;Me alegro de que volvamos a entender que, si no hay derecho internacional, estamos en la ley del m\u00e1s fuerte. y eso a quien no interesa es a los civiles, a los que no tienen un gran ej\u00e9rcito, un gran poder, una posici\u00f3n geopol\u00edtica. Les interesa un mundo con normas, les interesa un mundo regido por el derecho internacional, y esta idea de que el mundo ha cambiado definitivamente me parece prematura. No sabemos qu\u00e9 puede pasar en Estados Unidos con otra administraci\u00f3n, pero en cualquier caso nuestros tratados fundacionales de la Uni\u00f3n Europea dicen claramente cu\u00e1les son los principios de nuestra pol\u00edtica exterior. La democracia, los derechos humanos, el derecho internacional y del multilateralismo es una obligaci\u00f3n constitucional.<\/p>\n","protected":false},"excerpt":{"rendered":"<p>El eurodiputado socialista espa\u00f1ol Nacho S\u00e1nchez estuvo en entrevista con\u00a0RFI\u00a0donde denunci\u00f3 una preocupante normalizaci\u00f3n de<\/p>\n","protected":false},"author":1,"featured_media":23907,"comment_status":"open","ping_status":"open","sticky":false,"template":"","format":"standard","meta":{"footnotes":""},"categories":[4],"tags":[],"class_list":["post-23906","post","type-post","status-publish","format-standard","has-post-thumbnail","hentry","category-mundiales"],"_links":{"self":[{"href":"https:\/\/samantharadionline.com\/index.php\/wp-json\/wp\/v2\/posts\/23906","targetHints":{"allow":["GET"]}}],"collection":[{"href":"https:\/\/samantharadionline.com\/index.php\/wp-json\/wp\/v2\/posts"}],"about":[{"href":"https:\/\/samantharadionline.com\/index.php\/wp-json\/wp\/v2\/types\/post"}],"author":[{"embeddable":true,"href":"https:\/\/samantharadionline.com\/index.php\/wp-json\/wp\/v2\/users\/1"}],"replies":[{"embeddable":true,"href":"https:\/\/samantharadionline.com\/index.php\/wp-json\/wp\/v2\/comments?post=23906"}],"version-history":[{"count":1,"href":"https:\/\/samantharadionline.com\/index.php\/wp-json\/wp\/v2\/posts\/23906\/revisions"}],"predecessor-version":[{"id":23908,"href":"https:\/\/samantharadionline.com\/index.php\/wp-json\/wp\/v2\/posts\/23906\/revisions\/23908"}],"wp:featuredmedia":[{"embeddable":true,"href":"https:\/\/samantharadionline.com\/index.php\/wp-json\/wp\/v2\/media\/23907"}],"wp:attachment":[{"href":"https:\/\/samantharadionline.com\/index.php\/wp-json\/wp\/v2\/media?parent=23906"}],"wp:term":[{"taxonomy":"category","embeddable":true,"href":"https:\/\/samantharadionline.com\/index.php\/wp-json\/wp\/v2\/categories?post=23906"},{"taxonomy":"post_tag","embeddable":true,"href":"https:\/\/samantharadionline.com\/index.php\/wp-json\/wp\/v2\/tags?post=23906"}],"curies":[{"name":"wp","href":"https:\/\/api.w.org\/{rel}","templated":true}]}}