{"id":23901,"date":"2026-03-11T08:24:26","date_gmt":"2026-03-11T12:24:26","guid":{"rendered":"https:\/\/samantharadionline.com\/?p=23901"},"modified":"2026-03-11T08:25:00","modified_gmt":"2026-03-11T12:25:00","slug":"adp-respalda-propuesta-de-regular-uso-de-celulares-en-las-aulas","status":"publish","type":"post","link":"https:\/\/samantharadionline.com\/index.php\/2026\/03\/11\/adp-respalda-propuesta-de-regular-uso-de-celulares-en-las-aulas\/","title":{"rendered":"Regular el uso de celulares en las aulas"},"content":{"rendered":"\n<p class=\"has-medium-font-size\"><em>El presidente de la ADP, Eduardo Hidalgo, destac\u00f3 que desde hace tiempo se han manifestado para que plantee la iniciativa de un reglamento que regule el uso de redes sociales dentro de los centros educativos para evitar la distracci\u00f3n y comportamientos inapropiados en los estudiantes.<\/em><\/p>\n\n\n\n<p><strong>Rosa Luna,\u00a0Hensy Mart\u00ednez, Santo Domingo, RD<\/strong><\/p>\n\n\n\n<p id=\"m78983-78982-78984\">La<strong>&nbsp;Asociaci\u00f3n Dominicana de Profesores&nbsp;<\/strong>(<strong>ADP<\/strong>) respald\u00f3 lo propuesto por el&nbsp;<strong>Ministerio de Educaci\u00f3n<\/strong>&nbsp;sobre la regulaci\u00f3n de acceso a celulares por estudiantes en el aula. Igual posici\u00f3n, manifest\u00f3 la filial del gremio en Santiago.<\/p>\n\n\n\n<p id=\"m78988-78987-78989\">El&nbsp;<strong>presidente de la ADP<\/strong>,<strong>&nbsp;Eduardo Hidalgo<\/strong>, destac\u00f3 que desde hace tiempo se han manifestado para que plantee la iniciativa de un reglamento que regule el uso de redes sociales dentro de los centros educativos para evitar la distracci\u00f3n y comportamientos inapropiados en los estudiantes.<\/p>\n\n\n\n<p id=\"m78993-78992-78994\">\u201cComo hemos manifestado recientemente, la ADP es partidaria de regular el acceso a las redes sociales en el entorno&nbsp;<strong>educativo nacional&nbsp;<\/strong>para los ni\u00f1os, ni\u00f1as y adolescentes menores de edad debido a que la protecci\u00f3n de los menores es una prioridad constitucional que debe ser tutelada por el Estado, la familia y la sociedad\u201d, destac\u00f3 Hidalgo al ser contactado por este medio.<\/p>\n\n\n\n<p id=\"m78998-78997-78999\">El presidente del gremio asegur\u00f3 que en resonancia con el C\u00f3digo del Menor y la Constituci\u00f3n de la Rep\u00fablica Dominicana se podr\u00edan dise\u00f1ar un mecanismo para regular el uso de los dispositivos electr\u00f3nicos y as\u00ed los ni\u00f1os no se enfrenten a da\u00f1os y riesgos asociados al uso desmedido de la tecnolog\u00eda.<\/p>\n\n\n\n<ul class=\"wp-block-list\">\n<li class=\"has-larger-font-size\"><img loading=\"lazy\" decoding=\"async\" width=\"110\" height=\"110\" src=\"https:\/\/listindiario.com\/files\/image_110_110\/files\/fp\/uploads\/2025\/05\/05\/681958808e91b.r_d.213-148.jpeg\" alt=\"Luis Miguel de Camps, ministro de Educaci\u00f3n.\">Educaci\u00f3n propondr\u00e1 reglamento para evitar el uso de celulares en horas de clases<\/li>\n<\/ul>\n\n\n\n<p><strong>Lea tambi\u00e9n<\/strong><\/p>\n\n\n\n<p id=\"m79008-79007-79009\">\u201cAhora bien, la ADP considera que no se busca prohibir las herramientas tecnol\u00f3gicas como las tabletas y computadoras entregadas por el Ministerio de Educaci\u00f3n como instrumentos de apoyo al proceso pedag\u00f3gico, pero deben ser debidamente restringidas para el ocio digital y uso de redes sociales\u201d, manifest\u00f3.<\/p>\n\n\n\n<p id=\"m79013-79012-79014\">Resalt\u00f3 que el Ministerio de Educaci\u00f3n debe poner sobre la mesa del di\u00e1logo su propuesta para que el gremio pueda evaluarla y sugerir las iniciativas de lugar para que juntos logren alejar a los estudiantes del da\u00f1o que podr\u00eda provocar en ellos el uso de celulares.<\/p>\n\n\n\n<p id=\"m79018-79017-79019\">\u201cSin embargo, esperaremos que el ministro de Educaci\u00f3n,<strong>&nbsp;Luis Miguel de Camps<\/strong>, someta la propuesta de reglamento ante el Consejo Nacional de&nbsp;<strong>Educaci\u00f3n&nbsp;<\/strong>para analizarlo y hacer nuestras debidas recomendaciones y ponderaciones de lugar\u201d, agreg\u00f3.<\/p>\n\n\n\n<figure class=\"wp-block-image\" id=\"m79023-79022-79024\"><img decoding=\"async\" src=\"https:\/\/listindiario.com\/files\/vertical_main_image\/uploads\/2026\/03\/10\/69b0ce80a8bb2.png\" alt=\"Imagen ilustra a un ni\u00f1o usando un celular en la escuela.\"\/><figcaption class=\"wp-element-caption\">Imagen ilustra a un ni\u00f1o usando un celular en la escuela.Fuente externa<\/figcaption><\/figure>\n\n\n\n<p id=\"m79035-79034-79036\">Se recuerda que la&nbsp;<strong>ADP&nbsp;<\/strong>se ha pronunciado al respecto, en una primera instancia destac\u00f3 que el&nbsp;<strong>avance tecnol\u00f3gico&nbsp;<\/strong>debe estar alineado con la l\u00f3gica pedag\u00f3gica. Al respecto, Hidalgo plante\u00f3 que se deben implementar restricciones t\u00e9cnicas para evitar que los estudiantes accedan a plataformas de entretenimiento durante la jornada escolar.<\/p>\n\n\n\n<p id=\"m79040-79039-79041\">Adem\u00e1s, Hidalgo hizo una distinci\u00f3n clara: no se busca prohibir las herramientas, sino filtrar su contenido. Precis\u00f3 que las tabletas y computadoras entregadas por el Ministerio de Educaci\u00f3n deben ser instrumentos de estudio debidamente restringidos para el ocio digital.<\/p>\n\n\n\n<h3 class=\"wp-block-heading\">filial santiago<\/h3>\n\n\n\n<p id=\"m79045-79044-79046\">Asimismo, la ADP, filial Santiago, valor\u00f3 de manera positiva las declaraciones del ministro de Educaci\u00f3n,&nbsp;<strong>Luis Miguel de Camps<\/strong>, quien anunci\u00f3 que presentar\u00e1 ante el Consejo Nacional de Educaci\u00f3n un reglamento para regular el uso de dispositivos m\u00f3viles en las aulas.<\/p>\n\n\n\n<p id=\"m79050-79049-79051\">En declaraciones ofrecidas a&nbsp;<strong>List\u00edn Diario,<\/strong>&nbsp;Miguel Jorge, presidente de la filial Santiago, consider\u00f3 que esta iniciativa representa un avance significativo tanto en el \u00e1mbito acad\u00e9mico como en materia de seguridad dentro de los centros educativos.<\/p>\n\n\n\n<p id=\"m79055-79054-79056\">\u201cLos aparatos celulares son un distractor para el quehacer educativo cotidiano, porque mientras el maestro est\u00e1 tratando de explicar y guiar el di\u00e1logo en el grupo de trabajo, los estudiantes est\u00e1n distra\u00eddos con el aparato\u201d, expres\u00f3.<\/p>\n\n\n\n<p id=\"m79060-79059-79061\">En ese sentido, Jorge indic\u00f3 que la regulaci\u00f3n del uso de estos dispositivos en el entorno escolar resulta pertinente para mejorar el proceso de ense\u00f1anza-aprendizaje.<\/p>\n\n\n\n<p id=\"m79065-79064-79066\">No obstante, sostuvo que la tecnolog\u00eda puede convertirse en una herramienta \u00fatil dentro del aula si su uso se integra de manera adecuada en la&nbsp;<strong>planificaci\u00f3n pedag\u00f3gica<\/strong>.<\/p>\n\n\n\n<p id=\"m79070-79069-79071\">\u201cEl uso de la tecnolog\u00eda en los centros educativos debe formar parte de la planificaci\u00f3n que realiza el maestro y de las actividades acad\u00e9micas que desarrolla el&nbsp;<strong>centro educativo<\/strong>\u201d, puntualiz\u00f3.<\/p>\n\n\n\n<p id=\"m79075-79074-79076\">A pesar de los retos que podr\u00eda implicar la regulaci\u00f3n del uso de celulares en las aulas, Jorge considera que la medida puede implementarse con \u00e9xito si se realiza con el acompa\u00f1amiento adecuado de las partes involucradas.<\/p>\n\n\n\n<p id=\"m79080-79079-79081\">El dirigente entiende que deben establecerse mecanismos que permitan mantener la comunicaci\u00f3n entre las escuelas y las familias sin afectar el proceso educativo.<\/p>\n\n\n\n<p id=\"m79085-79084-79086\">\u201cHay mecanismos que se pueden crear para mantener una comunicaci\u00f3n constante y oportuna con las familias, de manera que se garantice la integridad de los ni\u00f1os, ni\u00f1as y adolescentes dentro y fuera del \u00e1mbito escolar\u201d, se\u00f1al\u00f3.<\/p>\n\n\n\n<p id=\"m79090-79089-79091\">En ese sentido, enfatiz\u00f3 la importancia de fortalecer el v\u00ednculo entre comunidad, familia y escuela como una v\u00eda para mejorar la&nbsp;<strong>educaci\u00f3n&nbsp;<\/strong>y reducir los niveles de<strong>&nbsp;violencia en la sociedad<\/strong>.<\/p>\n\n\n\n<p id=\"m79095-79094-79096\">\u201cNaturalmente, comunidad, familia y escuela tienen que ir de la mano para que podamos avanzar en todos los \u00e1mbitos, tanto en lo educativo como en la reducci\u00f3n de los niveles de violencia que vive la sociedad\u201d, expres\u00f3.<\/p>\n\n\n\n<p id=\"m79100-79099-79101\">Asimismo, Jorge indic\u00f3 que otro aspecto fundamental para mejorar el sistema educativo es la revisi\u00f3n del curr\u00edculo escolar, el cual, a su juicio, debe adaptarse a la realidad dominicana.<\/p>\n\n\n\n<p id=\"m79105-79104-79106\">\u201cEl curr\u00edculo tiene que reforzarse y readecuarse en funci\u00f3n de la realidad dominicana. Uno de los problemas es que en m\u00faltiples ocasiones se han hecho copias mal hechas de curr\u00edculos de otras naciones que tienen contextos distintos, lo que ha generado debilidades en nuestro&nbsp;<strong>sistema educativo<\/strong>\u201d, afirm\u00f3.<\/p>\n\n\n\n<p id=\"m79110-79109-79111\">El dirigente a\u00f1adi\u00f3 que el Ministerio de Educaci\u00f3n debe atender y resolver diversas situaciones pendientes dentro del sistema, con el objetivo de fortalecer la calidad del proceso educativo en el pa\u00eds.<\/p>\n\n\n\n<p id=\"m79115-79114-79116\">El dirigente gremial tambi\u00e9n&nbsp;<strong>manifest\u00f3 preocupaci\u00f3n por los desaf\u00edos<\/strong>&nbsp;que representa el uso de tel\u00e9fonos celulares en materia de seguridad dentro de los centros educativos.<\/p>\n\n\n\n<p id=\"m79120-79119-79121\">Seg\u00fan explic\u00f3, en muchas ocasiones estos dispositivos son utilizados para difundir situaciones internas de las escuelas sin el debido contexto, lo que puede generar reacciones inadecuadas desde el exterior.<\/p>\n\n\n\n<p id=\"m79125-79124-79126\">\u201cHay situaciones que pueden resolverse dentro del \u00e1mbito escolar, pero el estudiante que tiene un tel\u00e9fono lo primero que hace es llamar a sus padres o a otras personas para comunicar lo que ocurre, y muchas veces no lo transmite de la manera adecuada\u201d, se\u00f1al\u00f3.<\/p>\n\n\n\n<p id=\"m79130-79129-79131\">Finalmente, Jorge advirti\u00f3 que estas comunicaciones pueden provocar respuestas externas que agraven los conflictos dentro de los centros educativos.<\/p>\n\n\n\n<p id=\"m79135-79134-79136\">\u201cLa llamada muchas veces es al grupo del que el estudiante forma parte en su comunidad y entonces de all\u00e1 para ac\u00e1 viene una respuesta que se traduce en ejercicio de violencia verbal y en otros casos de&nbsp;<strong>violencia f\u00edsica<\/strong>&nbsp;en contra de los docentes o de otro&nbsp;<strong>estudiante<\/strong>\u201d concluy\u00f3.<\/p>\n","protected":false},"excerpt":{"rendered":"<p>El presidente de la ADP, Eduardo Hidalgo, destac\u00f3 que desde hace tiempo se han manifestado<\/p>\n","protected":false},"author":1,"featured_media":23902,"comment_status":"open","ping_status":"open","sticky":false,"template":"","format":"standard","meta":{"footnotes":""},"categories":[12],"tags":[],"class_list":["post-23901","post","type-post","status-publish","format-standard","has-post-thumbnail","hentry","category-nacionales"],"_links":{"self":[{"href":"https:\/\/samantharadionline.com\/index.php\/wp-json\/wp\/v2\/posts\/23901","targetHints":{"allow":["GET"]}}],"collection":[{"href":"https:\/\/samantharadionline.com\/index.php\/wp-json\/wp\/v2\/posts"}],"about":[{"href":"https:\/\/samantharadionline.com\/index.php\/wp-json\/wp\/v2\/types\/post"}],"author":[{"embeddable":true,"href":"https:\/\/samantharadionline.com\/index.php\/wp-json\/wp\/v2\/users\/1"}],"replies":[{"embeddable":true,"href":"https:\/\/samantharadionline.com\/index.php\/wp-json\/wp\/v2\/comments?post=23901"}],"version-history":[{"count":2,"href":"https:\/\/samantharadionline.com\/index.php\/wp-json\/wp\/v2\/posts\/23901\/revisions"}],"predecessor-version":[{"id":23904,"href":"https:\/\/samantharadionline.com\/index.php\/wp-json\/wp\/v2\/posts\/23901\/revisions\/23904"}],"wp:featuredmedia":[{"embeddable":true,"href":"https:\/\/samantharadionline.com\/index.php\/wp-json\/wp\/v2\/media\/23902"}],"wp:attachment":[{"href":"https:\/\/samantharadionline.com\/index.php\/wp-json\/wp\/v2\/media?parent=23901"}],"wp:term":[{"taxonomy":"category","embeddable":true,"href":"https:\/\/samantharadionline.com\/index.php\/wp-json\/wp\/v2\/categories?post=23901"},{"taxonomy":"post_tag","embeddable":true,"href":"https:\/\/samantharadionline.com\/index.php\/wp-json\/wp\/v2\/tags?post=23901"}],"curies":[{"name":"wp","href":"https:\/\/api.w.org\/{rel}","templated":true}]}}