{"id":23895,"date":"2026-03-11T08:19:09","date_gmt":"2026-03-11T12:19:09","guid":{"rendered":"https:\/\/samantharadionline.com\/?p=23895"},"modified":"2026-03-11T08:19:10","modified_gmt":"2026-03-11T12:19:10","slug":"proponen-nueva-modalidad-de-petrocaribe-ante-conflicto-en-medio-oriente","status":"publish","type":"post","link":"https:\/\/samantharadionline.com\/index.php\/2026\/03\/11\/proponen-nueva-modalidad-de-petrocaribe-ante-conflicto-en-medio-oriente\/","title":{"rendered":"Proponen nueva modalidad de Petrocaribe ante conflicto en Medio Oriente"},"content":{"rendered":"\n<p class=\"has-medium-font-size\"><em>Fern\u00e1ndez plante\u00f3 que junto a productores de la regi\u00f3n como Colombia, Venezuela, Brasil, M\u00e9xico y Ecuador, se podr\u00eda crear un mecanismo de colaboraci\u00f3n y solidaridad<\/em><\/p>\n\n\n\n<p><strong>Santo Domingo, RD<\/strong><\/p>\n\n\n\n<p id=\"m83440-83439-83441\">El expresidente\u00a0<strong>Leonel Fern\u00e1ndez\u00a0<\/strong>afirm\u00f3 que de llegar a escalar, la\u00a0<strong>crisis en Medio Oriente<\/strong>\u00a0representa un gran desaf\u00edo para Rep\u00fablica Dominicana, por lo que abog\u00f3 por buscar una respuesta regional.<\/p>\n\n\n\n<p id=\"m83445-83444-83446\">Fern\u00e1ndez plante\u00f3 que junto a productores de la regi\u00f3n como Colombia, Venezuela, Brasil, M\u00e9xico y Ecuador, se podr\u00eda crear un mecanismo de colaboraci\u00f3n y solidaridad.<\/p>\n\n\n\n<p id=\"m83450-83449-83451\">\u201cSe podr\u00eda pensar en una nueva modalidad de&nbsp;<strong>Petrocaribe&nbsp;<\/strong>o en aquellos productores: Colombia es productor, Venezuela es pa\u00eds productor, Brasil es una pa\u00eds productor, Ecuador es un pa\u00eds productor\u2026 Se puede crear un mecanismo de que te pago el 50% de la factura en lo inmediato y el otro 50% en una tasa de inter\u00e9s muy baja\u201d, estableci\u00f3 el presidente del partido&nbsp;<strong>Fuerza del Pueblo&nbsp;<\/strong>en una entrevista con el periodista Roberto Cavada, en la Emisi\u00f3n Estelar de Telenoticias, por Telesistema, Canal 11.<\/p>\n\n\n\n<p id=\"m83455-83454-83456\">Con este m\u00e9todo, Fern\u00e1ndez sostiene que, no pierde el pa\u00eds productor\/exportador, y permite que los dem\u00e1s \u201cpodamos sobrevivir, y sobre esa base yo creo que podemos buscar una soluci\u00f3n\u201d.<\/p>\n\n\n\n<p id=\"m83460-83459-83461\">Ante esto, se\u00f1al\u00f3 que no existe soluci\u00f3n nacional a un problema de car\u00e1cter global, por lo que considera que el pa\u00eds puede jugar un rol de liderazgo apelando a ese mecanismo; con una convocatoria a los pa\u00edses de la regi\u00f3n y encontrar una soluci\u00f3n a largo plazo.<\/p>\n\n\n\n<p id=\"m83465-83464-83466\">\u201cNo hay soluci\u00f3n nacional a un problema de car\u00e1cter global, eso no existe\u201d, apunt\u00f3 el exmandatario.<\/p>\n\n\n\n<h3 class=\"wp-block-heading\">Escudo de las Am\u00e9ricas<\/h3>\n\n\n\n<p id=\"m83470-83469-83471\">El exgobernante tambi\u00e9n se refiri\u00f3 a la reciente cumbre<strong>\u00a0Escudo de las Am\u00e9ricas<\/strong>, encabezada por el presidente de los Estados Unidos,\u00a0<strong>Donald Trump<\/strong>, y que cont\u00f3 con la asistencia del jefe del Estado dominicano,\u00a0<strong>Luis Abinader<\/strong>.<\/p>\n\n\n\n<p id=\"m83475-83474-83476\">Fern\u00e1ndez sostuvo que este encuentro \u201cviene a suplir la falta que tuvimos con la no celebraci\u00f3n de la Cumbre de Las Am\u00e9ricas\u201d, la cual fue pospuesta en 2025.<\/p>\n\n\n\n<p id=\"m83480-83479-83481\">Al referirse al convenio sobre el combate al narcotr\u00e1fico, consider\u00f3 que es de relevancia para el pa\u00eds, debido a que es un tema que requiere coordinaci\u00f3n entre los pa\u00edses que son productores, los pa\u00edses v\u00edctimas y los que sirven de tr\u00e1nsito<\/p>\n\n\n\n<p id=\"m83485-83484-83486\">\u201cYo pienso que eso corresponde con una necesidad de nuestro pueblo porque en el momento que ya se puede hacer transacciones con el pago de especies, se ha creado un mercado de consumo en distintos sectores sociales, en especial en los barrios pobres de las grandes ciudades y eso nos permitir\u00eda enfrentar\u201d, afirm\u00f3 Fern\u00e1ndez.<\/p>\n\n\n\n<p id=\"m83490-83489-83491\">Asimismo, sostuvo que \u201csi ese fue el motivo del encuentro, como se anunci\u00f3 el convenio hay que acogerlo con benepl\u00e1cito porque va a contribuir evitar uno de los flagelos que mayor incide relativamente en el desarrollo de nuestros pueblos\u201d.<\/p>\n","protected":false},"excerpt":{"rendered":"<p>Fern\u00e1ndez plante\u00f3 que junto a productores de la regi\u00f3n como Colombia, Venezuela, Brasil, M\u00e9xico y<\/p>\n","protected":false},"author":1,"featured_media":23896,"comment_status":"open","ping_status":"open","sticky":false,"template":"","format":"standard","meta":{"footnotes":""},"categories":[10],"tags":[],"class_list":["post-23895","post","type-post","status-publish","format-standard","has-post-thumbnail","hentry","category-economica"],"_links":{"self":[{"href":"https:\/\/samantharadionline.com\/index.php\/wp-json\/wp\/v2\/posts\/23895","targetHints":{"allow":["GET"]}}],"collection":[{"href":"https:\/\/samantharadionline.com\/index.php\/wp-json\/wp\/v2\/posts"}],"about":[{"href":"https:\/\/samantharadionline.com\/index.php\/wp-json\/wp\/v2\/types\/post"}],"author":[{"embeddable":true,"href":"https:\/\/samantharadionline.com\/index.php\/wp-json\/wp\/v2\/users\/1"}],"replies":[{"embeddable":true,"href":"https:\/\/samantharadionline.com\/index.php\/wp-json\/wp\/v2\/comments?post=23895"}],"version-history":[{"count":1,"href":"https:\/\/samantharadionline.com\/index.php\/wp-json\/wp\/v2\/posts\/23895\/revisions"}],"predecessor-version":[{"id":23897,"href":"https:\/\/samantharadionline.com\/index.php\/wp-json\/wp\/v2\/posts\/23895\/revisions\/23897"}],"wp:featuredmedia":[{"embeddable":true,"href":"https:\/\/samantharadionline.com\/index.php\/wp-json\/wp\/v2\/media\/23896"}],"wp:attachment":[{"href":"https:\/\/samantharadionline.com\/index.php\/wp-json\/wp\/v2\/media?parent=23895"}],"wp:term":[{"taxonomy":"category","embeddable":true,"href":"https:\/\/samantharadionline.com\/index.php\/wp-json\/wp\/v2\/categories?post=23895"},{"taxonomy":"post_tag","embeddable":true,"href":"https:\/\/samantharadionline.com\/index.php\/wp-json\/wp\/v2\/tags?post=23895"}],"curies":[{"name":"wp","href":"https:\/\/api.w.org\/{rel}","templated":true}]}}