{"id":23889,"date":"2026-03-11T08:09:25","date_gmt":"2026-03-11T12:09:25","guid":{"rendered":"https:\/\/samantharadionline.com\/?p=23889"},"modified":"2026-03-11T08:09:26","modified_gmt":"2026-03-11T12:09:26","slug":"dudas-de-que-kast-pueda-concretar-deportaciones-masivas-en-tres-meses","status":"publish","type":"post","link":"https:\/\/samantharadionline.com\/index.php\/2026\/03\/11\/dudas-de-que-kast-pueda-concretar-deportaciones-masivas-en-tres-meses\/","title":{"rendered":"Dudas de que Kast pueda concretar deportaciones masivas en tres meses"},"content":{"rendered":"\n<p class=\"has-medium-font-size\"><em>El ultraderechista Jos\u00e9 Antonio Kast se posesiona este mi\u00e9rcoles marcando un cambio pol\u00edtico dr\u00e1stico con relaci\u00f3n al presidente saliente de izquierda Gabriel Boric. Entre las primeras medidas que planea tomar Kast figura aplicar una pol\u00edtica de mano dura contra la migraci\u00f3n irregular que ofrezca resultados r\u00e1pidos, una iniciativa que analiz\u00f3 para RFI Adriana Paloera, directora acad\u00e9mica del Centro de Estudios Migratorios de la Universidad de Santiago de Chile.<\/em><\/p>\n\n\n\n<p><strong>Por: Rapha\u00ebl Mor\u00e1n<\/strong><\/p>\n\n\n\n<p>La militarizaci\u00f3n de la frontera norte ser\u00e1 uno de los primeros gestos de Kast como nuevo presidente para combatir la migraci\u00f3n irregular. El mandatario prometi\u00f3 la construcci\u00f3n de vallas, zanjas y muros de varios metros en las fronteras del pa\u00eds, junto con el uso de drones y cercos electrificados.<\/p>\n\n\n\n<p>Hace unas semanas, este admirador del exdictador Augusto Pinochet lanz\u00f3 un llamado a los 300.000 migrantes indocumentados: \u201cLes hemos se\u00f1alado a los inmigrantes irregulares que les quedan, a partir de hoy, 63 d\u00edas para dejar nuestro pa\u00eds y tener la posibilidad de volver con todos sus papeles en regla\u201d.<\/p>\n\n\n\n<p>Sin embargo, expulsar masivamente a los migrantes en situaci\u00f3n irregular parece poco realista, indica Adriana Paloera, directora acad\u00e9mica del Centro de Estudios Migratorios de la Universidad de Santiago de Chile:<\/p>\n\n\n\n<p>\u00abMe parece que esto va a ser un proceso mucho m\u00e1s largo de lo se\u00f1alado por Kast cuando era candidato. \u00c9l aseguraba que en unos tres meses tendr\u00edan solucionado el problema de la inmigraci\u00f3n. Pero, teniendo en cuenta la cantidad de personas indocumentadas \u2014m\u00e1s de 300.000\u2014, uno se pregunta qu\u00e9 mecanismos se pondr\u00e1n en marcha para que esas personas abandonen el pa\u00eds. A partir de la petici\u00f3n del nuevo presidente, es casi inviable porque estas personas no tienen recursos. Tambi\u00e9n me parece importante se\u00f1alar, en especial en el caso venezolano, que en ese pa\u00eds todav\u00eda no ha cambiado nada [tras la operaci\u00f3n de captura de Macuro]. Entonces, las personas no saldr\u00e1n de Chile si no ven modificaciones, por ejemplo, en su pa\u00eds de origen\u00bb.<\/p>\n\n\n\n<h2 class=\"wp-block-heading\"><strong>\u00bfSer\u00e1 posible limitar los servicios de salud a los migrantes?&nbsp;<\/strong><\/h2>\n\n\n\n<p>Kast propone tambi\u00e9n que los migrantes indocumentados tengan acceso limitado a los servicios de salud, una medida que esta especialista observa con preocupaci\u00f3n.<\/p>\n\n\n\n<p>\u00abSer\u00eda un retroceso respecto de lo que se\u00f1ala nuestra legislaci\u00f3n, que garantiza la posibilidad de acceso de la poblaci\u00f3n migrante a la atenci\u00f3n p\u00fablica. Me parece que, para llevar a cabo lo que propone Kast, ser\u00eda necesaria una modificaci\u00f3n de la ley con un enfoque m\u00e1s autoritario. No s\u00e9 si un decreto presidencial permitir\u00eda hacerlo\u00bb, puntualiza Paloera.<\/p>\n\n\n\n<p>Durante su campa\u00f1a electoral, Jos\u00e9 Antonio Kast indic\u00f3 adem\u00e1s que su gobierno sancionar\u00e1 a las ONG que, seg\u00fan \u00e9l, fomenten la migraci\u00f3n irregular, as\u00ed como a cualquier persona que arriende una vivienda a migrantes indocumentados.<\/p>\n\n\n\n<p>\u00bfObtendr\u00e1 el gobierno de Kast la mayor\u00eda necesaria para reformar las leyes migratorias y tipificar como delito el ingreso irregular al territorio chileno?<\/p>\n\n\n\n<p>\u00abLa composici\u00f3n de ambas c\u00e1maras qued\u00f3 algo m\u00e1s cargada hacia los sectores conservadores. Hay grupos que pueden inclinar la balanza hacia la criminalizaci\u00f3n de la inmigraci\u00f3n irregular, pero tambi\u00e9n existen otros que se oponen\u00bb, concluye Paloera.<\/p>\n\n\n\n<p>Durante su campa\u00f1a electoral, Jos\u00e9 Antonio Kast indic\u00f3 tambi\u00e9n que su gobierno sancionar\u00e1 a las ONG que fomenten la migraci\u00f3n irregular y a cualquier persona que arriende una vivienda a migrantes indocumentados.<\/p>\n","protected":false},"excerpt":{"rendered":"<p>El ultraderechista Jos\u00e9 Antonio Kast se posesiona este mi\u00e9rcoles marcando un cambio pol\u00edtico dr\u00e1stico con<\/p>\n","protected":false},"author":1,"featured_media":23890,"comment_status":"open","ping_status":"open","sticky":false,"template":"","format":"standard","meta":{"footnotes":""},"categories":[4],"tags":[],"class_list":["post-23889","post","type-post","status-publish","format-standard","has-post-thumbnail","hentry","category-mundiales"],"_links":{"self":[{"href":"https:\/\/samantharadionline.com\/index.php\/wp-json\/wp\/v2\/posts\/23889","targetHints":{"allow":["GET"]}}],"collection":[{"href":"https:\/\/samantharadionline.com\/index.php\/wp-json\/wp\/v2\/posts"}],"about":[{"href":"https:\/\/samantharadionline.com\/index.php\/wp-json\/wp\/v2\/types\/post"}],"author":[{"embeddable":true,"href":"https:\/\/samantharadionline.com\/index.php\/wp-json\/wp\/v2\/users\/1"}],"replies":[{"embeddable":true,"href":"https:\/\/samantharadionline.com\/index.php\/wp-json\/wp\/v2\/comments?post=23889"}],"version-history":[{"count":1,"href":"https:\/\/samantharadionline.com\/index.php\/wp-json\/wp\/v2\/posts\/23889\/revisions"}],"predecessor-version":[{"id":23891,"href":"https:\/\/samantharadionline.com\/index.php\/wp-json\/wp\/v2\/posts\/23889\/revisions\/23891"}],"wp:featuredmedia":[{"embeddable":true,"href":"https:\/\/samantharadionline.com\/index.php\/wp-json\/wp\/v2\/media\/23890"}],"wp:attachment":[{"href":"https:\/\/samantharadionline.com\/index.php\/wp-json\/wp\/v2\/media?parent=23889"}],"wp:term":[{"taxonomy":"category","embeddable":true,"href":"https:\/\/samantharadionline.com\/index.php\/wp-json\/wp\/v2\/categories?post=23889"},{"taxonomy":"post_tag","embeddable":true,"href":"https:\/\/samantharadionline.com\/index.php\/wp-json\/wp\/v2\/tags?post=23889"}],"curies":[{"name":"wp","href":"https:\/\/api.w.org\/{rel}","templated":true}]}}