{"id":23883,"date":"2026-03-11T08:02:40","date_gmt":"2026-03-11T12:02:40","guid":{"rendered":"https:\/\/samantharadionline.com\/?p=23883"},"modified":"2026-03-11T08:02:41","modified_gmt":"2026-03-11T12:02:41","slug":"kast-a-la-presidencia-con-la-promesa-de-deportar-a-340-000-migrantes","status":"publish","type":"post","link":"https:\/\/samantharadionline.com\/index.php\/2026\/03\/11\/kast-a-la-presidencia-con-la-promesa-de-deportar-a-340-000-migrantes\/","title":{"rendered":"Kast  a la presidencia  con la promesa de deportar a 340.000 migrantes"},"content":{"rendered":"\n<p class=\"has-medium-font-size\"><em>El ultraderechista Jos\u00e9 Antonio Kast asume este mi\u00e9rcoles la presidencia de Chile con la promesa de impulsar un gobierno \u00abde emergencia\u00bb centrado en la seguridad y en una estricta pol\u00edtica migratoria, incluido un ambicioso plan de deportaciones. Con informaci\u00f3n de nuestra corresponsal en Santiago, Yasna Musa<\/em><\/p>\n\n\n\n<p><strong>Por: RFI<\/strong><\/p>\n\n\n\n<p>El presidente saliente, Gabriel Boric, entregar\u00e1 la banda presidencial a Kast ante un r\u00e9cord de invitados nacionales e internacionales que asistir\u00e1n al Congreso Nacional. Entre ellos estar\u00e1n los presidentes de Argentina, Bolivia y Ecuador, as\u00ed como la l\u00edder opositora venezolana Mar\u00eda Corina Machado. Entre los ausentes destacan el secretario de Estado de Estados Unidos, Marco Rubio, y el presidente de El Salvador, Nayib Bukele.<\/p>\n\n\n\n<p>Tambi\u00e9n estaba prevista la visita de Lula da Silva, quien anunci\u00f3 el martes que no asistir\u00eda por \u00abproblemas de agenda\u00bb. Sin embargo, la prensa brasile\u00f1a apunta a que su ausencia estar\u00eda relacionada con la presencia confirmada del senador Fl\u00e1vio Bolsonaro, hijo del expresidente Jair Bolsonaro.<\/p>\n\n\n\n<p>Para llegar a la presidencia, Kast se gan\u00f3 el favor de parte importante del electorado prometiendo enfrentar de manera frontal la criminalidad y deportar a cerca de 340.000 migrantes irregulares, en su mayor\u00eda venezolanos. \u00abEste gobierno gener\u00f3 caos, desorden e inseguridad. Y nosotros vamos a ir a la inversa\u00bb, afirm\u00f3 durante la campa\u00f1a.<\/p>\n\n\n\n<p>En la opini\u00f3n p\u00fablica predomina la percepci\u00f3n de que Chile es un \u00abpa\u00eds tomado por el crimen\u00bb debido al aumento de delitos en los \u00faltimos a\u00f1os, aunque las cifras siguen por debajo de las de otros pa\u00edses sudamericanos. Kast fue electo en medio de una ola conservadora que avanza en Am\u00e9rica Latina y tras el segundo triunfo electoral de Trump.<\/p>\n\n\n\n<p>La \u00faltima semana estuvo marcada por las diferencias entre Boric y Kast respecto de la pol\u00edtica exterior, en particular sobre un proyecto de inversi\u00f3n chino para la construcci\u00f3n de un cable de fibra \u00f3ptica entre Hong Kong y la regi\u00f3n de Valpara\u00edso. El gobierno de Estados Unidos observa con recelo la iniciativa, lo que ha tensado las relaciones entre Washington y Santiago.<\/p>\n\n\n\n<p>No obstante, ambos mandatarios acordaron dejar atr\u00e1s las fricciones y retomar las conversaciones, asegurando que deb\u00edan estar a la altura de la ceremonia de traspaso de mando de este mi\u00e9rcoles.<\/p>\n","protected":false},"excerpt":{"rendered":"<p>El ultraderechista Jos\u00e9 Antonio Kast asume este mi\u00e9rcoles la presidencia de Chile con la promesa<\/p>\n","protected":false},"author":1,"featured_media":23884,"comment_status":"open","ping_status":"open","sticky":false,"template":"","format":"standard","meta":{"footnotes":""},"categories":[4],"tags":[],"class_list":["post-23883","post","type-post","status-publish","format-standard","has-post-thumbnail","hentry","category-mundiales"],"_links":{"self":[{"href":"https:\/\/samantharadionline.com\/index.php\/wp-json\/wp\/v2\/posts\/23883","targetHints":{"allow":["GET"]}}],"collection":[{"href":"https:\/\/samantharadionline.com\/index.php\/wp-json\/wp\/v2\/posts"}],"about":[{"href":"https:\/\/samantharadionline.com\/index.php\/wp-json\/wp\/v2\/types\/post"}],"author":[{"embeddable":true,"href":"https:\/\/samantharadionline.com\/index.php\/wp-json\/wp\/v2\/users\/1"}],"replies":[{"embeddable":true,"href":"https:\/\/samantharadionline.com\/index.php\/wp-json\/wp\/v2\/comments?post=23883"}],"version-history":[{"count":1,"href":"https:\/\/samantharadionline.com\/index.php\/wp-json\/wp\/v2\/posts\/23883\/revisions"}],"predecessor-version":[{"id":23885,"href":"https:\/\/samantharadionline.com\/index.php\/wp-json\/wp\/v2\/posts\/23883\/revisions\/23885"}],"wp:featuredmedia":[{"embeddable":true,"href":"https:\/\/samantharadionline.com\/index.php\/wp-json\/wp\/v2\/media\/23884"}],"wp:attachment":[{"href":"https:\/\/samantharadionline.com\/index.php\/wp-json\/wp\/v2\/media?parent=23883"}],"wp:term":[{"taxonomy":"category","embeddable":true,"href":"https:\/\/samantharadionline.com\/index.php\/wp-json\/wp\/v2\/categories?post=23883"},{"taxonomy":"post_tag","embeddable":true,"href":"https:\/\/samantharadionline.com\/index.php\/wp-json\/wp\/v2\/tags?post=23883"}],"curies":[{"name":"wp","href":"https:\/\/api.w.org\/{rel}","templated":true}]}}