{"id":23880,"date":"2026-03-11T07:59:54","date_gmt":"2026-03-11T11:59:54","guid":{"rendered":"https:\/\/samantharadionline.com\/?p=23880"},"modified":"2026-03-11T07:59:55","modified_gmt":"2026-03-11T11:59:55","slug":"crean-hodio-un-instrumento-para-monitorear-los-discursos-de-odio-en-la-web","status":"publish","type":"post","link":"https:\/\/samantharadionline.com\/index.php\/2026\/03\/11\/crean-hodio-un-instrumento-para-monitorear-los-discursos-de-odio-en-la-web\/","title":{"rendered":"Crean HODIO, un instrumento para monitorear los \u201cdiscursos de odio\u201d en la web"},"content":{"rendered":"\n<p class=\"has-medium-font-size\"><em>El gobierno espa\u00f1ol anunci\u00f3 la creaci\u00f3n de una herramienta que medir\u00e1 la presencia de \u00abdiscursos de odio\u00bb en las plataformas digitales y pedir\u00e1 responsabilidades a quienes los permitan, explic\u00f3 este mi\u00e9rcoles su presidente, Pedro S\u00e1nchez<\/em><\/p>\n\n\n\n<p><strong>Por: RFI con AFP<\/strong><\/p>\n\n\n\n<p>Esta herramienta, bautizada HODIO, \u00abva a permitir medir de forma sistem\u00e1tica la presencia, evoluci\u00f3n y el alcance de los discursos de odio en las plataformas digitales\u00bb, asegur\u00f3 S\u00e1nchez durante su intervenci\u00f3n en el I Foro contra el odio celebrado en Madrid.<\/p>\n\n\n\n<p>El instrumento se vehicular\u00e1 a trav\u00e9s del Observatorio espa\u00f1ol del racismo y la xenofobia y contar\u00e1 \u00abcon criterios acad\u00e9micos reconocidos\u00bb, seg\u00fan indic\u00f3 el jefe del gobierno de izquierdas espa\u00f1ol, muy cr\u00edtico en los \u00faltimos meses con los propietarios de las grandes plataformas digitales.<\/p>\n\n\n\n<p>La Huella del Odio y la Polarizaci\u00f3n (HODIO), su nombre completo, analizar\u00e1 \u00abla presencia de discursos de odio y polarizaci\u00f3n en las principales redes sociales utilizadas en Espa\u00f1a\u00bb y generar\u00e1 un informe semestral con un ranking para seguir la evoluci\u00f3n en cada plataforma, seg\u00fan indica el Observatorio en su p\u00e1gina web.<\/p>\n\n\n\n<p>\u00abVamos a exponer p\u00fablicamente los resultados para que todo el mundo sepa qui\u00e9n frena el odio, qui\u00e9n mira hacia otro lado y qui\u00e9n hace negocio con el odio\u00bb, explic\u00f3 S\u00e1nchez, durante su intervenci\u00f3n, en la que volvi\u00f3 a se\u00f1alar a los \u00abtecnoligarcas\u00bb.<\/p>\n\n\n\n<p>\u00abEl objetivo es muy claro: sacar el odio de la sombra, hacerlo visible, exigir responsabilidades a quienes no act\u00faan\u00bb, agreg\u00f3 recordando que los considerados como delitos de odio aumentaron un 41% en la \u00faltima d\u00e9cada en Espa\u00f1a.<\/p>\n\n\n\n<p>El l\u00edder socialista reiter\u00f3 igualmente que la \u00abtecnolog\u00eda es poder\u00bb y consider\u00f3 que \u00abel entorno digital no puede ser un espacio sin reglas\u00bb.<\/p>\n\n\n\n<p>\u00abA partir de ahora, creo que las redes sociales tendr\u00e1n que rendir cuentas p\u00fablicamente por cada contenido de odio que permitan\u00bb, asegur\u00f3.<\/p>\n\n\n\n<p>S\u00e1nchez anunci\u00f3 el mes pasado una serie de medidas para reforzar el control en las redes sociales, entre las que se inclu\u00eda la voluntad de prohibir el acceso a los menores de 16 a\u00f1os a estas plataformas.<\/p>\n\n\n\n<p>Poco despu\u00e9s, el gobierno espa\u00f1ol pidi\u00f3 a la fiscal\u00eda que investigara a X, Meta y TikTok por la creaci\u00f3n de im\u00e1genes pornogr\u00e1ficas infantiles con inteligencia artificial (IA), en l\u00ednea con otras acciones tambi\u00e9n adoptadas en otros pa\u00edses.<\/p>\n","protected":false},"excerpt":{"rendered":"<p>El gobierno espa\u00f1ol anunci\u00f3 la creaci\u00f3n de una herramienta que medir\u00e1 la presencia de \u00abdiscursos<\/p>\n","protected":false},"author":1,"featured_media":23881,"comment_status":"open","ping_status":"open","sticky":false,"template":"","format":"standard","meta":{"footnotes":""},"categories":[4],"tags":[],"class_list":["post-23880","post","type-post","status-publish","format-standard","has-post-thumbnail","hentry","category-mundiales"],"_links":{"self":[{"href":"https:\/\/samantharadionline.com\/index.php\/wp-json\/wp\/v2\/posts\/23880","targetHints":{"allow":["GET"]}}],"collection":[{"href":"https:\/\/samantharadionline.com\/index.php\/wp-json\/wp\/v2\/posts"}],"about":[{"href":"https:\/\/samantharadionline.com\/index.php\/wp-json\/wp\/v2\/types\/post"}],"author":[{"embeddable":true,"href":"https:\/\/samantharadionline.com\/index.php\/wp-json\/wp\/v2\/users\/1"}],"replies":[{"embeddable":true,"href":"https:\/\/samantharadionline.com\/index.php\/wp-json\/wp\/v2\/comments?post=23880"}],"version-history":[{"count":1,"href":"https:\/\/samantharadionline.com\/index.php\/wp-json\/wp\/v2\/posts\/23880\/revisions"}],"predecessor-version":[{"id":23882,"href":"https:\/\/samantharadionline.com\/index.php\/wp-json\/wp\/v2\/posts\/23880\/revisions\/23882"}],"wp:featuredmedia":[{"embeddable":true,"href":"https:\/\/samantharadionline.com\/index.php\/wp-json\/wp\/v2\/media\/23881"}],"wp:attachment":[{"href":"https:\/\/samantharadionline.com\/index.php\/wp-json\/wp\/v2\/media?parent=23880"}],"wp:term":[{"taxonomy":"category","embeddable":true,"href":"https:\/\/samantharadionline.com\/index.php\/wp-json\/wp\/v2\/categories?post=23880"},{"taxonomy":"post_tag","embeddable":true,"href":"https:\/\/samantharadionline.com\/index.php\/wp-json\/wp\/v2\/tags?post=23880"}],"curies":[{"name":"wp","href":"https:\/\/api.w.org\/{rel}","templated":true}]}}