{"id":23859,"date":"2026-03-10T09:15:15","date_gmt":"2026-03-10T13:15:15","guid":{"rendered":"https:\/\/samantharadionline.com\/?p=23859"},"modified":"2026-03-10T09:15:17","modified_gmt":"2026-03-10T13:15:17","slug":"los-verdes-derrotan-a-la-cdu-de-merz-en-elecciones-regionales","status":"publish","type":"post","link":"https:\/\/samantharadionline.com\/index.php\/2026\/03\/10\/los-verdes-derrotan-a-la-cdu-de-merz-en-elecciones-regionales\/","title":{"rendered":"Los Verdes derrotan a la CDU de Merz en elecciones regionales"},"content":{"rendered":"\n<p class=\"has-medium-font-size\"><em>El Partido Verde se impuso este domingo a los conservadores de la CDU, liderados a nivel nacional por el jefe de gobierno Friedrich Merz, en las elecciones regionales de Baden\u2011Wurtemberg, seg\u00fan los primeros sondeos.\u00a0Con informaci\u00f3n de nuestro corresponsal en Berl\u00edn, Sergio Correa.<\/em><\/p>\n\n\n\n<p><strong>Por: RFI<\/strong><\/p>\n\n\n\n<p>\u00abFue una victoria muy estrecha para los Verdes\u00bb, informa nuestro corresponsal en Berl\u00edn, Sergio Correa. \u00abBaden\u2011Wurtemberg, uno de los estados m\u00e1s pr\u00f3speros de Alemania y sede de empresas como Mercedes\u2011Benz, Porsche o Bosch, no esperaba un vuelco de este tipo. Para muchos analistas, el resultado refleja el descontento con la pol\u00edtica exterior de Merz, marcada por la cautela ante una posible confrontaci\u00f3n con el presidente estadounidense Donald Trump\u00bb.<\/p>\n\n\n\n<p>Merz afirm\u00f3 tras conocerse los sondeos que \u00abel rev\u00e9s electoral no modificar\u00e1 su l\u00ednea pol\u00edtica\u00bb.<\/p>\n\n\n\n<p>De acuerdo con una encuesta de la cadena p\u00fablica ZDF, los Verdes obtendr\u00edan un 31% de los votos, frente al 30,5% de la CDU. El sondeo de ARD eleva el apoyo a los Verdes al 32% y sit\u00faa a los conservadores en un 29%. En ambos casos, la ultraderechista AfD duplica su resultado de 2021 y asciende al tercer puesto con un 18%.<\/p>\n\n\n\n<p>\u00abLos socialdem\u00f3cratas rozan la exclusi\u00f3n del parlamento regional, lo que evidencia su profunda crisis nacional, mientras que la AfD se consolida como tercera fuerza. Con seis elecciones regionales previstas este a\u00f1o, el panorama pol\u00edtico alem\u00e1n podr\u00eda transformarse por completo\u00bb, a\u00f1ade Correa.<\/p>\n\n\n\n<p>Estos comicios eran vistos como una prueba clave para Merz en una regi\u00f3n industrial en dificultades y apenas un a\u00f1o despu\u00e9s de su ajustada victoria federal. A nivel nacional, la AfD compite con la CDU por el liderazgo en las encuestas, por lo que el tropiezo en Baden\u2011Wurtemberg supone una se\u00f1al de alarma. El viernes, Merz particip\u00f3 en un mitin en apoyo al candidato regional de la CDU, donde defendi\u00f3 sus esfuerzos para \u00abreducir la llegada irregular de migrantes\u00bb.<\/p>\n\n\n\n<p>El pr\u00f3ximo 22 de marzo, los conservadores buscar\u00e1n imponerse a los socialdem\u00f3cratas en Renania\u2011Palatinado. Un buen resultado all\u00ed podr\u00eda darles impulso de cara a las decisivas elecciones de septiembre en los estados del este, donde la AfD lidera los sondeos.<\/p>\n","protected":false},"excerpt":{"rendered":"<p>El Partido Verde se impuso este domingo a los conservadores de la CDU, liderados a<\/p>\n","protected":false},"author":1,"featured_media":23861,"comment_status":"open","ping_status":"open","sticky":false,"template":"","format":"standard","meta":{"footnotes":""},"categories":[4],"tags":[],"class_list":["post-23859","post","type-post","status-publish","format-standard","has-post-thumbnail","hentry","category-mundiales"],"_links":{"self":[{"href":"https:\/\/samantharadionline.com\/index.php\/wp-json\/wp\/v2\/posts\/23859","targetHints":{"allow":["GET"]}}],"collection":[{"href":"https:\/\/samantharadionline.com\/index.php\/wp-json\/wp\/v2\/posts"}],"about":[{"href":"https:\/\/samantharadionline.com\/index.php\/wp-json\/wp\/v2\/types\/post"}],"author":[{"embeddable":true,"href":"https:\/\/samantharadionline.com\/index.php\/wp-json\/wp\/v2\/users\/1"}],"replies":[{"embeddable":true,"href":"https:\/\/samantharadionline.com\/index.php\/wp-json\/wp\/v2\/comments?post=23859"}],"version-history":[{"count":1,"href":"https:\/\/samantharadionline.com\/index.php\/wp-json\/wp\/v2\/posts\/23859\/revisions"}],"predecessor-version":[{"id":23862,"href":"https:\/\/samantharadionline.com\/index.php\/wp-json\/wp\/v2\/posts\/23859\/revisions\/23862"}],"wp:featuredmedia":[{"embeddable":true,"href":"https:\/\/samantharadionline.com\/index.php\/wp-json\/wp\/v2\/media\/23861"}],"wp:attachment":[{"href":"https:\/\/samantharadionline.com\/index.php\/wp-json\/wp\/v2\/media?parent=23859"}],"wp:term":[{"taxonomy":"category","embeddable":true,"href":"https:\/\/samantharadionline.com\/index.php\/wp-json\/wp\/v2\/categories?post=23859"},{"taxonomy":"post_tag","embeddable":true,"href":"https:\/\/samantharadionline.com\/index.php\/wp-json\/wp\/v2\/tags?post=23859"}],"curies":[{"name":"wp","href":"https:\/\/api.w.org\/{rel}","templated":true}]}}