{"id":23856,"date":"2026-03-10T09:11:29","date_gmt":"2026-03-10T13:11:29","guid":{"rendered":"https:\/\/samantharadionline.com\/?p=23856"},"modified":"2026-03-10T09:11:30","modified_gmt":"2026-03-10T13:11:30","slug":"el-laberinto-judicial-con-funcionarios-del-actual-gobierno","status":"publish","type":"post","link":"https:\/\/samantharadionline.com\/index.php\/2026\/03\/10\/el-laberinto-judicial-con-funcionarios-del-actual-gobierno\/","title":{"rendered":"El laberinto judicial con funcionarios del actual Gobierno"},"content":{"rendered":"\n<p class=\"has-medium-font-size\"><em>Mientras algunos de estos procesos han concluido en descargos judiciales, otros permanecen en fases cr\u00edticas de instrucci\u00f3n, poniendo a prueba la promesa de \u00abjusticia independiente\u00bb que ha sido el eje central del discurso del gobierno actual<\/em><\/p>\n\n\n\n<p><strong>Ram\u00f3n Cruz Benz\u00e1n, SANTO DOMINGO, RD<\/strong><\/p>\n\n\n\n<p id=\"m69067-69066-69068\">Desde el ascenso al poder del\u00a0<strong>Partido Revolucionario Moderno\u00a0<\/strong>(<strong>PRM<\/strong>) en 2020, bajo la bandera del \u00abCambio\u00bb y la transparencia, la administraci\u00f3n ha enfrentado una serie de turbulencias debido a presuntos actos de\u00a0<strong>corrupci\u00f3n administrativa<\/strong>.<\/p>\n\n\n\n<p id=\"m69072-69071-69073\">Lo que comenz\u00f3 con casos aislados de funcionarios de alto perfil, ha evolucionado hacia una compleja red de investigaciones que abarcan desde el tr\u00e1fico de influencias hasta operaciones de&nbsp;<strong>narcotr\u00e1fico<\/strong>, seguridad nacional y social, como el reciente y sonado caso del<strong>&nbsp;Seguro Nacional de Salud<\/strong>&nbsp;(<strong>Senasa<\/strong>).<\/p>\n\n\n\n<p id=\"m69077-69076-69078\">Mientras algunos de estos procesos han concluido en descargos judiciales, otros permanecen en fases cr\u00edticas de instrucci\u00f3n, poniendo a prueba la promesa de \u00abjusticia independiente\u00bb que ha sido el eje central del discurso del gobierno actual.<\/p>\n\n\n\n<p id=\"m69082-69081-69083\">El inicio de la gesti\u00f3n del presidente&nbsp;<strong>Luis Abinader<\/strong>&nbsp;fue sacudido r\u00e1pidamente por cuestionamientos sobre el patrimonio y la \u00e9tica en la funci\u00f3n p\u00fablica.<\/p>\n\n\n\n<p id=\"m69087-69086-69088\">Varios funcionarios han sido destituidos administrativamente, interrogados e investigados, sin que la Procuradur\u00eda Especializada de Persecuci\u00f3n de la&nbsp;<strong>Corrupci\u00f3n Administrativa<\/strong>&nbsp;(<strong>PEPCA<\/strong>) logre, en muchos de estos casos, presentar acusaci\u00f3n.<\/p>\n\n\n\n<p id=\"m69092-69091-69093\">Seg\u00fan registros recientes de la Direcci\u00f3n General de \u00c9tica e Integridad Gubernamental (DIGEIG), se han remitido m\u00e1s de 300 expedientes de diversas jerarqu\u00edas al Ministerio P\u00fablico para investigaci\u00f3n desde 2020 hasta la fecha. Esto refleja una pol\u00edtica de \u00abpuertas abiertas\u00bb para las auditor\u00edas, aunque con resultados judiciales mixtos.<\/p>\n\n\n\n<p id=\"m69097-69096-69098\">Cuando el presidente&nbsp;<strong>Abinader&nbsp;<\/strong>asumi\u00f3 el poder en 2020, su promesa de una \u00abProcuradur\u00eda Independiente\u00bb se convirti\u00f3 en la piedra angular de su capital pol\u00edtico.&nbsp;<\/p>\n\n\n\n<p id=\"m69102-69101-69103\">Tras seis a\u00f1os de gesti\u00f3n, el balance de los casos que involucran a sus propios funcionarios revela una realidad agridulce: mientras la sanci\u00f3n administrativa (la destituci\u00f3n) funciona con una rapidez quir\u00fargica, la sanci\u00f3n penal (la condena) parece atrapada en los laberintos del viejo&nbsp;<strong>sistema procesal<\/strong>.<\/p>\n\n\n\n<p id=\"m69107-69106-69108\">El patr\u00f3n ha sido consistente: ante cualquier ruido medi\u00e1tico o informe de la DIGEIG, el Ejecutivo ha optado por el cese inmediato. Desde\u00a0<strong>Kimberly Taveras<\/strong>\u00a0hasta el reciente caso en el\u00a0<strong>ITLA<\/strong>, la se\u00f1al es clara: \u00abEn este gobierno no hay vacas sagradas\u00bb.<\/p>\n\n\n\n<p id=\"m69112-69111-69113\">Sin embargo, la sociedad dominicana empieza a preguntarse si la destituci\u00f3n es un castigo suficiente o simplemente una forma de \u00absacar el problema de la vista p\u00fablica\u00bb mientras algunos expedientes se enfr\u00edan en los archivos de la PEPCA.<\/p>\n\n\n\n<p id=\"m69117-69116-69118\"><strong>Kimberly Taveras<\/strong>, primera titular del Ministerio de la Juventud designada por&nbsp;<strong>Abinader<\/strong>, se convirti\u00f3 en el primer gran golpe a la imagen del tren gubernamental.<\/p>\n\n\n\n<figure class=\"wp-block-image\" id=\"m69122-69121-69123\"><img decoding=\"async\" src=\"https:\/\/listindiario.com\/files\/vertical_main_image\/files\/fp\/uploads\/2021\/11\/08\/643203ccc80ab.r_d.114-23.jpeg\" alt=\"Kimberly Taveras\"\/><figcaption class=\"wp-element-caption\">Kimberly Taveras envuelta en caso de corrupci\u00f3n administrativa.<\/figcaption><\/figure>\n\n\n\n<p id=\"m69134-69133-69135\">Tras una investigaci\u00f3n period\u00edstica sobre su declaraci\u00f3n jurada, renunci\u00f3 al cargo, posici\u00f3n que ocup\u00f3 desde el 16 de agosto de 2020 hasta el 9 de diciembre.<\/p>\n\n\n\n<p id=\"m69139-69138-69140\">El ministerio p\u00fablico a\u00fan mantiene bajo la lupa sus contratos previos con ayuntamientos.<\/p>\n\n\n\n<p id=\"m69144-69143-69145\">Mientras que&nbsp;<strong>Luz del Alba Jim\u00e9nez<\/strong>, sucesora de Taveras, fue destituida por presuntas irregularidades en procesos de compras tecnol\u00f3gicas, tras denuncias de la DIGEIG.<\/p>\n\n\n\n<p id=\"m69149-69148-69150\">Desde el 9 de diciembre de 2020 hasta el 5 de diciembre de 2021 fue ministra de la Juventud, tras ser nombrada por el presidente Abinader mediante el&nbsp;<strong>decreto n\u00famero 694-20<\/strong>&nbsp;y posicionada el 14 de diciembre del mismo a\u00f1o.<\/p>\n\n\n\n<h3 class=\"wp-block-heading\">Operaci\u00f3n 13<\/h3>\n\n\n\n<p id=\"m69154-69153-69155\"><strong>Luis Maisichell Dicent<\/strong>, administrador de la Loter\u00eda Nacional, fue el primer director de alto nivel procesado judicialmente por un fraude sin precedentes en un sorteo televisado.<\/p>\n\n\n\n<p id=\"m69159-69158-69160\">Aunque posteriormente fue descargado y confirmada la decisi\u00f3n por la Segunda Sala Penal de la&nbsp;<strong>Suprema Corte de Justicia<\/strong>, tras una sentencia inicial, el caso sigue siendo un referente de la vulnerabilidad institucional.<\/p>\n\n\n\n<p id=\"m69164-69163-69165\">El a\u00f1o 2021 a\u00f1o se caracteriz\u00f3 por la reiteraci\u00f3n de faltas en sectores espec\u00edficos y el crimen organizado en la pol\u00edtica, como ocurri\u00f3 con la Operaci\u00f3n Falc\u00f3n, que implic\u00f3 el arresto de funcionarios como Juan Maldonado Castro (Comunidad Digna) y salpic\u00f3 a varios legisladores oficialistas por presunto lavado de activos provenientes del narcotr\u00e1fico.<\/p>\n\n\n\n<p id=\"m69169-69168-69170\">Entre ellos, el exdiputado<strong>&nbsp;H\u00e9ctor Feliz<\/strong>&nbsp;(Pirr\u00edn), representante de Pedernales; la exdiputada Faustina Guerrero Cabrera, de El Seibo, y el exdiputado Nelson Rafael Marmolejos Gil, para lo cual fue designado un juez de instrucci\u00f3n especial de la Suprema Corte de Justicia, como control de las investigaciones que lleva a cabo el ministerio p\u00fablico.<\/p>\n\n\n\n<p id=\"m69174-69173-69175\">2022 &#8211; 2023: Denuncias administrativas de alto perfil<\/p>\n\n\n\n<h3 class=\"wp-block-heading\">Caso Roberto Fulcar (MINERD)<\/h3>\n\n\n\n<p id=\"m69179-69178-69180\">Tras su salida del Ministerio de Educaci\u00f3n, se depositaron denuncias sobre la&nbsp;<strong>licitaci\u00f3n de libros digitales<\/strong>&nbsp;y otros procesos. El expediente se encuentra en manos de los fiscales de la PEPCA.<\/p>\n\n\n\n<h3 class=\"wp-block-heading\">Caso Ad\u00e1n Peguero (Inposdom)<\/h3>\n\n\n\n<p id=\"m69184-69183-69185\">Fue interrogado en m\u00faltiples ocasiones por la PEPCA debido a denuncias de irregularidades en contratos con la empresa Mia Cargo. Result\u00f3 suspendido y posteriormente destituido.<\/p>\n\n\n\n<h3 class=\"wp-block-heading\">Caso Neney Cabrera (PROPEEP)<\/h3>\n\n\n\n<p id=\"m69189-69188-69190\">Investigado tras el esc\u00e1ndalo del programa \u00abPinta tu Barrio\u00bb, donde se denunciaron irregularidades en la adjudicaci\u00f3n de contratos a empresas presuntamente inexistentes. Cabrera renunci\u00f3 tras los cuestionamientos.<\/p>\n\n\n\n<h3 class=\"wp-block-heading\">M\u00e9rido Torres (Titulaci\u00f3n de Terrenos)<\/h3>\n\n\n\n<p id=\"m69194-69193-69195\">Solicit\u00f3 licencia y fue investigado tras ser mencionado en el expediente de la Operaci\u00f3n Calamar (aunque este caso principal involucra a la gesti\u00f3n anterior, su menci\u00f3n gener\u00f3 una investigaci\u00f3n administrativa interna).<\/p>\n\n\n\n<h3 class=\"wp-block-heading\">Acuario Nacional<\/h3>\n\n\n\n<p id=\"m69199-69198-69200\">Su exdirectora\u00a0<strong>Caso Ad\u00e1n Peguero<\/strong>\u00a0(<strong>Inposdom<\/strong>) fue remitida a investigaci\u00f3n tras auditor\u00edas que revelaron mala administraci\u00f3n y faltas \u00e9ticas graves.<\/p>\n\n\n\n<h3 class=\"wp-block-heading\">Lisandro Macarrulla<\/h3>\n\n\n\n<p id=\"m69204-69203-69205\">El ministro de la Presidencia primero solicit\u00f3 licencia y luego renunci\u00f3 al cargo. Esto, tras la vinculaci\u00f3n indirecta de su hijo en el caso de corrupci\u00f3n administrativa denominado Operaci\u00f3n Medusa.<\/p>\n\n\n\n<figure class=\"wp-block-image\" id=\"m69209-69208-69210\"><img decoding=\"async\" src=\"https:\/\/listindiario.com\/files\/vertical_main_image\/uploads\/2025\/08\/20\/68a66c1886df3.jpeg\" alt=\"Lisandro Macarrulla, exministro de la Presidencia.\"\/><figcaption class=\"wp-element-caption\">Lisandro Macarrulla, exministro de la Presidencia.List\u00edn Diario<\/figcaption><\/figure>\n\n\n\n<h3 class=\"wp-block-heading\">Caso Inabie<\/h3>\n\n\n\n<p id=\"m69221-69220-69222\"><strong>V\u00edctor Castro<\/strong>, destituido como director ejecutivo del&nbsp;<strong>Instituto Nacional de Bienestar Estudiantil<\/strong>&nbsp;(<strong>Inabie<\/strong>), en medio de un esc\u00e1ndalo por presuntas irregularidades en procesos de contrataci\u00f3n relacionados con la alimentaci\u00f3n escolar y la compra de \u00fatiles.<\/p>\n\n\n\n<p id=\"m69226-69225-69227\">Cecilio Rodr\u00edguez, tambi\u00e9n separado del Inabie, por supuestas irregularidades en la adjudicaci\u00f3n de raciones escolares.<\/p>\n\n\n\n<h3 class=\"wp-block-heading\">Desfalco en Agricultura<\/h3>\n\n\n\n<p id=\"m69231-69230-69232\">En este caso fueron vinculados Julio Enrique Dom\u00ednguez Solano y Antonio Jos\u00e9 Paredes, quienes fueron condenados a tres a\u00f1os de prisi\u00f3n, tras ser hallados culpables de malversar fondos por m\u00e1s de tres millones 800 mil pesos en el Ministerio de Agricultura, mediante transferencias il\u00edcitas, utilizando el usuario de NetBanking, que estaba asignado al Viceministerio Administrativo y Financiero del Ministerio de Agricultura, en los a\u00f1os 2021 y 2022.&nbsp;<\/p>\n\n\n\n<p id=\"m69236-69235-69237\">Paredes Elizondo, colabor\u00f3 con el Ministerio P\u00fablico y admiti\u00f3 los hechos en el tribunal.<\/p>\n\n\n\n<h3 class=\"wp-block-heading\">El Caso Camale\u00f3n<\/h3>\n\n\n\n<p id=\"m69241-69240-69242\">El esc\u00e1ndalo de la red de sem\u00e1foros, que involucra a\u00a0<strong>Hugo Beras<\/strong>, exdirector del Instituto Nacional de Tr\u00e1nsito y Transporte Terrestre (<strong>Intrant<\/strong>), y del empresario Jochi G\u00f3mez, propietario de la empresa Transcore Latam.<\/p>\n\n\n\n<figure class=\"wp-block-image\" id=\"m69246-69245-69247\"><img decoding=\"async\" src=\"https:\/\/listindiario.com\/files\/vertical_main_image\/files\/fp\/uploads\/2024\/10\/08\/6705f11ec045b.r_d.901-882.jpeg\" alt=\"Hugo Beras, exdirector del Intrant\"\/><figcaption class=\"wp-element-caption\">Hugo Beras, exdirector del IntrantJorge Mart\u00ednez<\/figcaption><\/figure>\n\n\n\n<p id=\"m69258-69257-69259\">Las acusaciones de irregularidades en un contrato de modernizaci\u00f3n tecnol\u00f3gica han puesto en tela de juicio los controles de Compras y Contrataciones en sectores estrat\u00e9gicos.<\/p>\n\n\n\n<p id=\"m69263-69262-69264\">A finales de 2025, el Ministerio P\u00fablico present\u00f3 acusaci\u00f3n formal por&nbsp;<strong>corrupci\u00f3n<\/strong>, terrorismo tecnol\u00f3gico y estafa, el caso se encuentra en juicio preliminar.<\/p>\n\n\n\n<h3 class=\"wp-block-heading\">Caso Santiago Hazim (Senasa)<\/h3>\n\n\n\n<p id=\"m69268-69267-69269\">Investigado hacia finales de 2025 por supuestos manejos irregulares en la administraci\u00f3n de seguros de salud, incluyendo deudas millonarias y d\u00e9ficit en la entidad.<\/p>\n\n\n\n<p id=\"m69273-69272-69274\">En la actualidad se encuentra cumpliendo prisi\u00f3n preventiva junto a seis de sus colaboradores cercanos, mientras que otros tres se encuentran bajo arresto domiciliario luego de conocerse medida de coerci\u00f3n en su contra.<\/p>\n\n\n\n<figure class=\"wp-block-image\" id=\"m69278-69277-69279\"><img decoding=\"async\" src=\"https:\/\/listindiario.com\/files\/vertical_main_image\/files\/fp\/uploads\/2025\/12\/11\/693b69b753dd3.r_d.744-421.jpeg\" alt=\"Santiago Hazim, exdirector de Senasa\"\/><figcaption class=\"wp-element-caption\">Santiago Hazim, exdirector de SenasaJorge Mart\u00ednez<\/figcaption><\/figure>\n\n\n\n<h3 class=\"wp-block-heading\">Caso ITLA<\/h3>\n\n\n\n<p id=\"m69290-69289-69291\"><strong>Rafael F\u00e9lix<\/strong>, recientemente destituido en enero de 2026. Se han reportado denuncias sobre supuestos descuentos irregulares a los salarios de empleados, lo que ha generado un nuevo expediente bajo revisi\u00f3n de la Direcci\u00f3n de \u00c9tica para su posible env\u00edo a la Procuradur\u00eda General de la Rep\u00fablica.<\/p>\n\n\n\n<p id=\"m69295-69294-69296\">La C\u00e1mara de Cuentas ha sido, hist\u00f3ricamente, el \u00abcuello de botella\u00bb de la justicia dominicana.<\/p>\n\n\n\n<p id=\"m69300-69299-69301\">Sin informes periciales robustos, el Ministerio P\u00fablico se presenta ante los jueces con narrativas poderosas pero con pruebas documentales que los abogados defensores logran desmantelar con facilidad.<\/p>\n","protected":false},"excerpt":{"rendered":"<p>Mientras algunos de estos procesos han concluido en descargos judiciales, otros permanecen en fases cr\u00edticas<\/p>\n","protected":false},"author":1,"featured_media":23857,"comment_status":"open","ping_status":"open","sticky":false,"template":"","format":"standard","meta":{"footnotes":""},"categories":[12],"tags":[],"class_list":["post-23856","post","type-post","status-publish","format-standard","has-post-thumbnail","hentry","category-nacionales"],"_links":{"self":[{"href":"https:\/\/samantharadionline.com\/index.php\/wp-json\/wp\/v2\/posts\/23856","targetHints":{"allow":["GET"]}}],"collection":[{"href":"https:\/\/samantharadionline.com\/index.php\/wp-json\/wp\/v2\/posts"}],"about":[{"href":"https:\/\/samantharadionline.com\/index.php\/wp-json\/wp\/v2\/types\/post"}],"author":[{"embeddable":true,"href":"https:\/\/samantharadionline.com\/index.php\/wp-json\/wp\/v2\/users\/1"}],"replies":[{"embeddable":true,"href":"https:\/\/samantharadionline.com\/index.php\/wp-json\/wp\/v2\/comments?post=23856"}],"version-history":[{"count":1,"href":"https:\/\/samantharadionline.com\/index.php\/wp-json\/wp\/v2\/posts\/23856\/revisions"}],"predecessor-version":[{"id":23858,"href":"https:\/\/samantharadionline.com\/index.php\/wp-json\/wp\/v2\/posts\/23856\/revisions\/23858"}],"wp:featuredmedia":[{"embeddable":true,"href":"https:\/\/samantharadionline.com\/index.php\/wp-json\/wp\/v2\/media\/23857"}],"wp:attachment":[{"href":"https:\/\/samantharadionline.com\/index.php\/wp-json\/wp\/v2\/media?parent=23856"}],"wp:term":[{"taxonomy":"category","embeddable":true,"href":"https:\/\/samantharadionline.com\/index.php\/wp-json\/wp\/v2\/categories?post=23856"},{"taxonomy":"post_tag","embeddable":true,"href":"https:\/\/samantharadionline.com\/index.php\/wp-json\/wp\/v2\/tags?post=23856"}],"curies":[{"name":"wp","href":"https:\/\/api.w.org\/{rel}","templated":true}]}}