{"id":23853,"date":"2026-03-10T09:07:30","date_gmt":"2026-03-10T13:07:30","guid":{"rendered":"https:\/\/samantharadionline.com\/?p=23853"},"modified":"2026-03-10T09:08:38","modified_gmt":"2026-03-10T13:08:38","slug":"opm-escucha-preocupaciones-productores-agropecuarios-del-cibao-y-linea-noroeste","status":"publish","type":"post","link":"https:\/\/samantharadionline.com\/index.php\/2026\/03\/10\/opm-escucha-preocupaciones-productores-agropecuarios-del-cibao-y-linea-noroeste\/","title":{"rendered":"OPM escucha preocupaciones productores agropecuarios del Cibao y L\u00ednea Noroeste"},"content":{"rendered":"\n<p class=\"has-medium-font-size\"><em>Sin dar entrada a rodeos o titubeos, los agrarios expresaron con firmeza la importancia socioecon\u00f3mica de su labor para la econom\u00eda del pa\u00eds, destacando que la producci\u00f3n de banano representa un 92% de las exportaciones del pa\u00eds, que aportan un 27% del arroz que se produce y el 41% del tabaco<\/em><\/p>\n\n\n\n<p><strong>Nalphy Mart\u00ednez, Santo Domingo, RD<\/strong><\/p>\n\n\n\n<p id=\"m35141-35140-35142\">En el marco de las 15 medidas anunciadas por el Gobierno para regular la migraci\u00f3n, el&nbsp;<strong>Observatorio de Pol\u00edticas Migratorias&nbsp;<\/strong>(<strong>OPM<\/strong>)se reuni\u00f3 este lunes con representantes del&nbsp;<strong>sector agropecuario del Cibao y la l\u00ednea Noroeste del pa\u00eds<\/strong>&nbsp;para abordar los desaf\u00edos econ\u00f3micos y sociales que enfrentan en la vida rural.<\/p>\n\n\n\n<p id=\"m35146-35145-35147\">Sin dar entrada a rodeos o titubeos, los agrarios expresaron con firmeza la importancia socioecon\u00f3mica de su labor para la econom\u00eda del pa\u00eds, destacando que la producci\u00f3n de banano representa un 92% de las exportaciones del pa\u00eds, que aportan un 27% del arroz que se produce y el 41% del tabaco.<\/p>\n\n\n\n<p id=\"m35151-35150-35152\">En cuanto a ganader\u00eda destacaron que el Noroeste, es la Cuenca Lechera del pa\u00eds, pero que tambi\u00e9n es la capital del casabe y en pl\u00e1tanos, ocupa el tercer lugar en producci\u00f3n, equivalente al 7%.<\/p>\n\n\n\n<p id=\"m35156-35155-35157\">La producci\u00f3n nacional no hace competencia a la falta de apoyo t\u00e9cnico, impacto del clima y falta de mano de obra regularizada que enfrentan.<\/p>\n\n\n\n<p id=\"m35161-35160-35162\">En la reuni\u00f3n de trabajo con el OPM, dirigida a dar seguimiento al cumplimiento de las<strong>&nbsp;medidas de pol\u00edticas migratorias<\/strong>&nbsp;referentes al sector que representan, participaron Luc\u00eda Mercedes G\u00f3mez y Jaime de la Rosa, parte de la directiva de la&nbsp;<strong>Asociaci\u00f3n de Productores de Pl\u00e1tanos y Frutos<\/strong>&nbsp;Menores de Monte Cristi-Valverde Mao(Aplamonte); Mart\u00edn Pe\u00f1a, director ejecutivo de la&nbsp;<strong>Asociaci\u00f3n Dominicana de Productores de Banano<\/strong>&nbsp;(<strong>Adobanano<\/strong>); Gil Blas, presidente de Adobanano y Salvador Est\u00e9vez, productor bananero.<\/p>\n\n\n\n<p id=\"m35166-35165-35167\">A la mesa tambi\u00e9n se sumaron Diomary Dur\u00e1n, parte de la&nbsp;<strong>Asociaci\u00f3n de Productores de Casabe&nbsp;<\/strong>(<strong>Asoprocasar<\/strong>), Franklin Espinal, presidente de la<strong>&nbsp;Federaci\u00f3n de Ganaderos<\/strong>&nbsp;(<strong>Fedegana<\/strong>) e Iv\u00e1n T\u00edo Pimentel, expresidente de la&nbsp;<strong>Federaci\u00f3n Nacional de Arroceros<\/strong><\/p>\n\n\n\n<p id=\"m35171-35170-35172\">El Observatorio de Pol\u00edticas Migratorias, estuvo representado por el presidente de la<strong>&nbsp;Comisi\u00f3n Ejecutiva y director de List\u00edn Diario, Miguel Franjul<\/strong>; Alliet Ortega, Feliciano Lacen y Jacinto Pichardo, miembros de la comisi\u00f3n, as\u00ed como Federico Jobine Rijo, Miguel Franjul hijo, Igor bucarrely y Doris Pantale\u00f3n, integrantes del Comit\u00e9 T\u00e9cnico.<\/p>\n\n\n\n<figure class=\"wp-block-image\" id=\"m35176-35175-35177\"><img decoding=\"async\" src=\"https:\/\/listindiario.com\/files\/vertical_main_image\/uploads\/2026\/03\/09\/69af7a0e7e8a2.jpeg\" alt=\"Productores del Cibao y L\u00ednea Noroeste ofrecen detalles sobre las problem\u00e1ticas que le afectan a miembros del OPM.\"\/><figcaption class=\"wp-element-caption\">Productores del Cibao y L\u00ednea Noroeste ofrecen detalles sobre las problem\u00e1ticas que le afectan a miembros del OPM.RAUL ASENCIO<\/figcaption><\/figure>\n\n\n\n<h3 class=\"wp-block-heading\">los j\u00f3venes no se interesan<\/h3>\n\n\n\n<p id=\"m35188-35187-35189\">De la Rosa cont\u00f3 que aun cuando el mundo actual se inclina por las maravillas y comodidades que ofrece la tecnolog\u00eda, existen zonas r\u00fasticas del pa\u00eds donde todav\u00eda se practica la mano de obra en la agricultura y \u00e9sta a\u00fan no puede ser reemplazada por la ciencia.<\/p>\n\n\n\n<p id=\"m35193-35192-35194\">\u201cSin mano de obra no hay&nbsp;<strong>agricultura&nbsp;<\/strong>y sin agricultura no hay alimento\u201d, reforz\u00f3 con la preocupaci\u00f3n latente de que el cansancio est\u00e1 llegando a la gente del campo y el relevo generacional no se interesa por este oficio, dejando la&nbsp;<strong>incertidumbre&nbsp;<\/strong>a lugar.<\/p>\n\n\n\n<p id=\"m35198-35197-35199\">Como consecuencia, las manos para alimentar a los animales, preparar el suelo, sembrar, controlar las plagas o cosechar se vuelven escasas, causando p\u00e9rdidas irreparables en este sector.<\/p>\n\n\n\n<h3 class=\"wp-block-heading\">la tecnolog\u00eda cuesta<\/h3>\n\n\n\n<p id=\"m35203-35202-35204\">Asimismo, denunciaron que, aun cuando un adecuado asesoramiento t\u00e9cnico resulta vital para optimizar recursos, mejorar la calidad de los cultivos y aumentar la rentabilidad, la realidad es otra, llevando a muchos agropecuarios a \u201cdesencantarse\u201d y vender sus terrenos.<\/p>\n\n\n\n<p id=\"m35208-35207-35209\">Si bien es cierto la existencia de programas para innovar en las t\u00e9cnicas de cultivo, Iv\u00e1n T\u00edo Pimentel, expresidente de la Federaci\u00f3n Nacional de Arroceros, revel\u00f3 que esto resulta inviable debido a que muchos productores, en este caso de arroz, poseen menos de tres hect\u00e1reas, haci\u00e9ndolos menos competitivos e impidi\u00e9ndoles comprar maquinaria o tractores para sus labores, ya sea por temas de accesibilidad o conocimiento.<\/p>\n\n\n\n<p id=\"m35213-35212-35214\">\u201cLa tecnolog\u00eda cuesta y toma tiempo cambiar la estructura de los productores\u201d, enfatiz\u00f3.<\/p>\n\n\n\n<p id=\"m35218-35217-35219\">Con estas deficiencias expuestas, argumentaron que, como consecuencia, los planes del Estado como \u201c<strong>Hambre Cero al 2028<\/strong>\u201d no pasar\u00e1n de ser solo declaraciones pol\u00edticas sin contar con el respaldo suficiente para darle a la producci\u00f3n nacional los elementos que realmente necesita y as\u00ed garantizar la seguridad alimentaria, protecci\u00f3n empresarial y mejores precios para los consumidores.<\/p>\n\n\n\n<h3 class=\"wp-block-heading\">el opm<\/h3>\n\n\n\n<p id=\"m35223-35222-35224\">El Observatorio de Pol\u00edticas Migratorias (OPM), cumpliendo con las responsabilidades que les fueron asignadas mediante el&nbsp;<strong>decreto 215-25 del 20&nbsp;<\/strong>de abril del 2025, ha sostenido reuniones con los diferentes sectores involucrado en el cumplimiento de las 15 medidas de control migratorioestablecidas por el gobierno en abril del 2025. Adem\u00e1s de realizar misiones de campo para verificar los avances en la aplicaci\u00f3n de las mismas.<\/p>\n\n\n\n<p id=\"m35228-35227-35229\">Fue creado como un espacio de intercambio ciudadano orientado a fortalecer la vigilancia organizada, la transparencia y participaci\u00f3n de la sociedad civil en el dise\u00f1o, monitoreo y evaluaci\u00f3n de las&nbsp;<strong>pol\u00edticas migratorias del Estado dominicano<\/strong>.<\/p>\n","protected":false},"excerpt":{"rendered":"<p>Sin dar entrada a rodeos o titubeos, los agrarios expresaron con firmeza la importancia socioecon\u00f3mica<\/p>\n","protected":false},"author":1,"featured_media":23855,"comment_status":"open","ping_status":"open","sticky":false,"template":"","format":"standard","meta":{"footnotes":""},"categories":[10],"tags":[],"class_list":["post-23853","post","type-post","status-publish","format-standard","has-post-thumbnail","hentry","category-economica"],"_links":{"self":[{"href":"https:\/\/samantharadionline.com\/index.php\/wp-json\/wp\/v2\/posts\/23853","targetHints":{"allow":["GET"]}}],"collection":[{"href":"https:\/\/samantharadionline.com\/index.php\/wp-json\/wp\/v2\/posts"}],"about":[{"href":"https:\/\/samantharadionline.com\/index.php\/wp-json\/wp\/v2\/types\/post"}],"author":[{"embeddable":true,"href":"https:\/\/samantharadionline.com\/index.php\/wp-json\/wp\/v2\/users\/1"}],"replies":[{"embeddable":true,"href":"https:\/\/samantharadionline.com\/index.php\/wp-json\/wp\/v2\/comments?post=23853"}],"version-history":[{"count":1,"href":"https:\/\/samantharadionline.com\/index.php\/wp-json\/wp\/v2\/posts\/23853\/revisions"}],"predecessor-version":[{"id":23854,"href":"https:\/\/samantharadionline.com\/index.php\/wp-json\/wp\/v2\/posts\/23853\/revisions\/23854"}],"wp:featuredmedia":[{"embeddable":true,"href":"https:\/\/samantharadionline.com\/index.php\/wp-json\/wp\/v2\/media\/23855"}],"wp:attachment":[{"href":"https:\/\/samantharadionline.com\/index.php\/wp-json\/wp\/v2\/media?parent=23853"}],"wp:term":[{"taxonomy":"category","embeddable":true,"href":"https:\/\/samantharadionline.com\/index.php\/wp-json\/wp\/v2\/categories?post=23853"},{"taxonomy":"post_tag","embeddable":true,"href":"https:\/\/samantharadionline.com\/index.php\/wp-json\/wp\/v2\/tags?post=23853"}],"curies":[{"name":"wp","href":"https:\/\/api.w.org\/{rel}","templated":true}]}}