{"id":23837,"date":"2026-03-10T08:55:19","date_gmt":"2026-03-10T12:55:19","guid":{"rendered":"https:\/\/samantharadionline.com\/?p=23837"},"modified":"2026-03-10T08:55:19","modified_gmt":"2026-03-10T12:55:19","slug":"solicitan-24-permisos-para-excursiones-escolares","status":"publish","type":"post","link":"https:\/\/samantharadionline.com\/index.php\/2026\/03\/10\/solicitan-24-permisos-para-excursiones-escolares\/","title":{"rendered":"Solicitan 24 permisos para excursiones escolares"},"content":{"rendered":"\n<p class=\"has-medium-font-size\"><em>De acuerdo al informe de la Regional de Educaci\u00f3n 08 de Santiago, firmado por su director Pedro Pablo Marte, en el a\u00f1o escolar 2023-2024 recibieron 19 permisos de colegios.<\/em><\/p>\n\n\n\n<figure class=\"wp-block-image\"><img decoding=\"async\" src=\"https:\/\/listindiario.com\/files\/image_60_60\/uploads\/2023\/05\/11\/645cf84d86d11.png\" alt=\"Avatar del Indira V\u00e1squez\"\/><\/figure>\n\n\n\n<p><strong><em>\u00a0<\/em>Indira V\u00e1squez, Santiago, RD<\/strong><\/p>\n\n\n\n<p id=\"m110510-110509-110511\">La muerte de la ni\u00f1a de 11 a\u00f1os<strong>\u00a0Stephora Anne-Mircie Joseph<\/strong>\u00a0durante una<strong>\u00a0excursi\u00f3n escolar<\/strong>\u00a0en Santiago puso de relieve la debilidad en los mecanismos de control sobre las salidas educativas organizadas por colegios privados.<\/p>\n\n\n\n<p id=\"m110515-110514-110516\">\u00bfPero es este un caso aislado?, esta es la pregunta que se hizo&nbsp;<strong>List\u00edn Diario<\/strong>&nbsp;y por la cual solicit\u00f3 v\u00eda la&nbsp;<strong>Ley de Libre Acceso a la Informaci\u00f3n P\u00fablica<\/strong>&nbsp;los permisos que fueron otorgados a colegios de Santiago para excursiones en los a\u00f1os escolares 2023-2024, 2024-2025 y los otorgados en el a\u00f1o escolar vigente.<\/p>\n\n\n\n<figure class=\"wp-block-image\" id=\"m110520-110519-110521\"><img decoding=\"async\" src=\"https:\/\/listindiario.com\/files\/vertical_main_image\/files\/fp\/uploads\/2025\/12\/05\/69338c229da1c.r_d.343-363.jpeg\" alt=\"La estudiante Stephora, de 11 a\u00f1os, muri\u00f3 en una excursi\u00f3n de un colegio.\"\/><figcaption class=\"wp-element-caption\">La muerte de la ni\u00f1a de 11 a\u00f1os Stephora Anne-Mircie Joseph durante una excursi\u00f3n escolar en Santiago<\/figcaption><\/figure>\n\n\n\n<h3 class=\"wp-block-heading\">2023<\/h3>\n\n\n\n<p id=\"m110532-110531-110533\">De acuerdo al informe de la Regional de Educaci\u00f3n 08 de Santiago, firmado por su director Pedro Pablo Marte, en el a\u00f1o escolar 2023-2024 recibieron 19 solicitudes de permisos de centros educativos privados para salidas escolares; tres de ellos para secundaria y 16 para inicial y primaria; ocho para m\u00e1s de 100 estudiantes.<\/p>\n\n\n\n<p id=\"m110537-110536-110538\">En el nivel inicial y primaria los destinos fueron en Moca una granja JD Dominican Farm y la Casa Museo del Presidente Ram\u00f3n C\u00e1ceres; en Santiago el Jard\u00edn Bot\u00e1nico y el Telef\u00e9rico; en Salcedo, el Museo de las Hermanas Mirabal y Eco parque La Paz en Ojo de Agua; en Puerto Plata, la F\u00e1brica de Chocolate del Oro, el Museo del \u00c1mbar, Fortaleza San Felipe, el Santuario Iglesia del Primer Mundo, Ruinas La Isabela y la Casa Museo Gregorio Luper\u00f3n.<\/p>\n\n\n\n<p id=\"m110542-110541-110543\">Los colegios que en ese per\u00edodo obtuvieron los permisos para las giras fueron Mi Beb\u00e9, Chikitos, Nube de Luz, Mar\u00eda Rosa Cruz, Episcopal La Anunciaci\u00f3n, Evang\u00e9lico Isa\u00edas Enmanuel, el Centro Pedag\u00f3gico Exea y el Centro educativo Mundo del Saber.<\/p>\n\n\n\n<p id=\"m110547-110546-110548\">En el nivel secundario los tres destinos fueron la Fortaleza San Felipe, el Museo Gregorio Luper\u00f3n, el Museo del \u00c1mbar y Fun City, todos ellos en Puerto Plata, cuyo permiso fue otorgado al Colegio Superaci\u00f3n.<\/p>\n\n\n\n<h3 class=\"wp-block-heading\">2024<\/h3>\n\n\n\n<p id=\"m110552-110551-110553\">En el a\u00f1o escolar 2024-2025 las solicitud de permisos disminuy\u00f3 considerablemente, ya que apenas cinco centros educativos solicitaron permisos para excursiones fuera de las aulas, a diferencia de 16, el a\u00f1o anterior. De los permisos tres fueron para nivel primario y dos para nivel secundario.<\/p>\n\n\n\n<p id=\"m110557-110556-110558\">En el nivel primario los solicitantes fueron el Centro Pedag\u00f3gico Eslabones Universal al Museo Hermanas Mirabal, a la Casa Museo del Presidente Ram\u00f3n C\u00e1ceres y al Parque Infantil La Canqui\u00f1a en Salcedo y Moca, respectivamente.<\/p>\n\n\n\n<p id=\"m110562-110561-110563\">El&nbsp;<strong>Colegio Casa Cuna Mis Pasitos<\/strong>&nbsp;a la Finca Ceveo y el Colegio Episcopal La Anunciaci\u00f3n a la Casa Museo del Presidente Horacio V\u00e1squez, La Casa Museo del Presidente Ram\u00f3n C\u00e1ceres y la Granja JD en Tamboril y Moca respectivamente.<\/p>\n\n\n\n<p id=\"m110567-110566-110568\">En este<strong>&nbsp;a\u00f1o escolar&nbsp;<\/strong>solo dos centros educativos solicitaron permisos para excursiones el colegio Isa\u00edas Enmanuel y el Episcopal La Anunciaci\u00f3n.<\/p>\n\n\n\n<p id=\"m110572-110571-110573\">Este panorama contrasta mucho con la situaci\u00f3n real de los colegios, ya que al consultar padres de los principales colegios de<strong>&nbsp;Santiago<\/strong>&nbsp;estos explican que sus hijos han asistido a diferentes giras educativas, pero los mismos no cuentan con los permisos de lugar, y para muestra un bot\u00f3n el paseo escolar donde falleci\u00f3 Stephora.<\/p>\n\n\n\n<h3 class=\"wp-block-heading\">falta de aplicaci\u00f3n de las normas&nbsp;<\/h3>\n\n\n\n<p id=\"m110577-110576-110578\">Cuando preguntamos a las autoridades del ministerio de educaci\u00f3n los centros educativos privados de&nbsp;<strong>Santiago&nbsp;<\/strong>que hab\u00edan sido sancionados, la falta y el a\u00f1o; estos se limitaron a explicar s\u00f3lo el caso del&nbsp;<strong>Colegio Da Vinci<\/strong>&nbsp;que fue suspendido y provisionalmente cerrado hasta que concluyan las investigaciones. De modo tal que ning\u00fan otro centro fue cerrado por esas causas, de acuerdo a la informaci\u00f3n proporcionada.<\/p>\n\n\n\n<p id=\"m110582-110581-110583\">Esto pese a que de acuerdo con la&nbsp;<strong>Orden Departamental 09-2009&nbsp;<\/strong>del Ministerio de Educaci\u00f3n, las instituciones educativas est\u00e1n obligadas a gestionar permisos oficiales antes de realizar cualquier actividad o salida fuera del recinto escolar.&nbsp;<\/p>\n\n\n\n<p id=\"m110587-110586-110588\">La normativa establece que los centros deben notificar y solicitar autorizaci\u00f3n a las autoridades educativas correspondientes, presentando informaci\u00f3n detallada sobre el lugar a visitar, la fecha de la excursi\u00f3n, la cantidad de estudiantes participantes y las medidas de seguridad previstas.<\/p>\n\n\n\n<p id=\"m110592-110591-110593\">Otra de las preguntas es cu\u00e1les permisos fueron rechazados, pero la misma tampoco obtuvo respuesta de las autoridades, solo se limitaron a decir no aplica.<\/p>\n\n\n\n<h3 class=\"wp-block-heading\">da vinci&nbsp;<\/h3>\n\n\n\n<p id=\"m110597-110596-110598\">En el caso de este centro no se especific\u00f3 si desde el 2020 hab\u00edan solicitado permisos, a pesar de que se realiz\u00f3 la pregunta, ya que este centro educativo se encuentra en un proceso legal, por lo que han limitado esta informaci\u00f3n hasta que concluya.<\/p>\n\n\n\n<h3 class=\"wp-block-heading\">alerta&nbsp;<\/h3>\n\n\n\n<p id=\"m110602-110601-110603\">Todo este panorama es preocupante, ya que implica que los centros educativos de Santiago han realizado excursiones escolares sin solicitar los permisos de lugar, por lo que nadie los ha fiscalizado, ni ha verificado las condiciones m\u00ednimas de seguridad para los estudiantes, ni que los lugares a los que sean trasladados los estudiantes est\u00e9n permitidos por la norma. Ante todo esto s\u00f3lo queda una inquietud qui\u00e9n se responsabiliza por la seguridad de los estudiantes cuando viajan en excursiones escolares sin autorizaci\u00f3n, una respuesta que debe dar el ministerio de educaci\u00f3n.<\/p>\n\n\n\n<p>Permisos&nbsp;<\/p>\n\n\n\n<h3 class=\"wp-block-heading\">Cantidad de colegios<\/h3>\n\n\n\n<p><strong>En Santiago.<\/strong><br>Para el a\u00f1o 2023 Santiago contaba con m\u00e1s de 150 colegios, la mayor\u00eda ubicado en el Distrito Educativo 08-03 de Santiago Sureste con 72 colegios de acuerdo al Sigerd. Tomando en cuenta la cantidad de permisos solicitados y el total de los centros educativos privados de la regional a penas un 11% solicita las autorizaciones de lugar para excursiones con estudiantes fuera del entorno educativo, en el listado no figura ninguno de los colegios tradicionales de esta ciudad.<\/p>\n","protected":false},"excerpt":{"rendered":"<p>De acuerdo al informe de la Regional de Educaci\u00f3n 08 de Santiago, firmado por su<\/p>\n","protected":false},"author":1,"featured_media":23838,"comment_status":"open","ping_status":"open","sticky":false,"template":"","format":"standard","meta":{"footnotes":""},"categories":[12],"tags":[],"class_list":["post-23837","post","type-post","status-publish","format-standard","has-post-thumbnail","hentry","category-nacionales"],"_links":{"self":[{"href":"https:\/\/samantharadionline.com\/index.php\/wp-json\/wp\/v2\/posts\/23837","targetHints":{"allow":["GET"]}}],"collection":[{"href":"https:\/\/samantharadionline.com\/index.php\/wp-json\/wp\/v2\/posts"}],"about":[{"href":"https:\/\/samantharadionline.com\/index.php\/wp-json\/wp\/v2\/types\/post"}],"author":[{"embeddable":true,"href":"https:\/\/samantharadionline.com\/index.php\/wp-json\/wp\/v2\/users\/1"}],"replies":[{"embeddable":true,"href":"https:\/\/samantharadionline.com\/index.php\/wp-json\/wp\/v2\/comments?post=23837"}],"version-history":[{"count":1,"href":"https:\/\/samantharadionline.com\/index.php\/wp-json\/wp\/v2\/posts\/23837\/revisions"}],"predecessor-version":[{"id":23839,"href":"https:\/\/samantharadionline.com\/index.php\/wp-json\/wp\/v2\/posts\/23837\/revisions\/23839"}],"wp:featuredmedia":[{"embeddable":true,"href":"https:\/\/samantharadionline.com\/index.php\/wp-json\/wp\/v2\/media\/23838"}],"wp:attachment":[{"href":"https:\/\/samantharadionline.com\/index.php\/wp-json\/wp\/v2\/media?parent=23837"}],"wp:term":[{"taxonomy":"category","embeddable":true,"href":"https:\/\/samantharadionline.com\/index.php\/wp-json\/wp\/v2\/categories?post=23837"},{"taxonomy":"post_tag","embeddable":true,"href":"https:\/\/samantharadionline.com\/index.php\/wp-json\/wp\/v2\/tags?post=23837"}],"curies":[{"name":"wp","href":"https:\/\/api.w.org\/{rel}","templated":true}]}}