{"id":23831,"date":"2026-03-09T15:20:21","date_gmt":"2026-03-09T19:20:21","guid":{"rendered":"https:\/\/samantharadionline.com\/?p=23831"},"modified":"2026-03-09T15:20:21","modified_gmt":"2026-03-09T19:20:21","slug":"iran-no-tiene-capacidad-para-una-guerra-prolongada-por-el-estrangulamiento-del-suministro-de-drones-y-misiles","status":"publish","type":"post","link":"https:\/\/samantharadionline.com\/index.php\/2026\/03\/09\/iran-no-tiene-capacidad-para-una-guerra-prolongada-por-el-estrangulamiento-del-suministro-de-drones-y-misiles\/","title":{"rendered":"\u201cIr\u00e1n no tiene capacidad para una guerra prolongada por el estrangulamiento del suministro de drones y misiles\u00bb"},"content":{"rendered":"\n<p class=\"has-medium-font-size\"><em>La Rep\u00fablica Isl\u00e1mica de Ir\u00e1n ha optado por la continuidad con el nombramiento como nuevo l\u00edder supremo de Mojtaba Jamenei, hijo de Al\u00ed Jamenei eliminado por Estados Unidos e Israel. Analizamos su perfil, el mensaje que los Guardianes de la Revoluci\u00f3n est\u00e1n mandando y qu\u00e9 significa este nombramiento cuando la guerra en Ir\u00e1n se est\u00e1 instalando. Entrevista con la analista en pol\u00edtica internacional Marta Gonz\u00e1lez Isidoro, experta en la regi\u00f3n.<\/em><\/p>\n\n\n\n<figure class=\"wp-block-image\"><img decoding=\"async\" src=\"https:\/\/listindiario.com\/files\/image_60_60\/uploads\/2024\/07\/02\/66847150a5ccb.jpeg\" alt=\"Avatar del Rosa Luna\"\/><\/figure>\n\n\n\n<p><strong> RFI: \u00bfQui\u00e9n es y qu\u00e9 se puede esperar de\u00a0Mojtaba Jamenei?<\/strong><\/p>\n\n\n\n<p><strong>Marta Gonz\u00e1lez Isidoro:<\/strong>\u00a0El nombramiento de Mojtaba como l\u00edder supremo no ha sido una sorpresa. De hecho, ya desde 2024 la sucesi\u00f3n en la Rep\u00fablica Isl\u00e1mica era una cuesti\u00f3n urgente en la medida en que crec\u00edan todas estas amenazas de guerra y adem\u00e1s se agravaba la salud de\u00a0Al\u00ed Jamenei. Los partidarios de Mojtaba buscaban ya entonces en 2024 una garant\u00eda de sucesi\u00f3n de un l\u00edder o de un personaje cualificado, mientras que los cr\u00edticos se\u00f1alaban en \u00e9l precisamente su incapacidad para prevenir o gestionar las crisis nacionales o internacionales. Es un candidato propuesto por la Guardia Revolucionaria. Quienes conocen realmente a este personaje desde el interior del r\u00e9gimen le pintan como un ser fan\u00e1tico, apocal\u00edptico, intransigente, muy vinculado a la represi\u00f3n de las protestas y con una reputaci\u00f3n bastante alejada de cualquier tipo de compromiso.<\/p>\n\n\n\n<figure class=\"wp-block-image\"><img decoding=\"async\" src=\"https:\/\/s.rfi.fr\/media\/display\/04a59150-1bca-11f1-adcf-005056a97e36\/w:1024\/WhatsApp-Image-2026-03-09-at-16-08-30.jpeg\" alt=\"La analista de pol\u00edtica internacional Marta Gonz\u00e1lez Isidoro.\"\/><figcaption class=\"wp-element-caption\">La analista de pol\u00edtica internacional Marta Gonz\u00e1lez Isidoro.&nbsp;\u00a9 Archivo personal<\/figcaption><\/figure>\n\n\n\n<p>No s\u00e9 si estamos hablando de una persona capacitada para continuar la Rep\u00fablica Isl\u00e1mica tal y como est\u00e1 planteada, porque su nombramiento lo que supone es el fortalecimiento precisamente de la Guardia Revolucionaria a expensas de antiguos miembros de la \u00e9lite de la Rep\u00fablica, incluyendo a los sectores m\u00e1s moderados o sectores del clero. Es un serio competidor de Ali Larijani, que es precisamente el personaje que en la sombra ha dirigido los hilos del poder. Por lo tanto, no s\u00e9 hasta qu\u00e9 punto le querr\u00e1 tener cerca para controlarlo, para neutralizarlo o bien para compartir el poder. Puesto que Mojtaba no tiene el visto bueno de todos los sectores de la Rep\u00fablica en este momento, su capacidad para ejercer mando y control en ese sentido es muy limitada y la Guardia Revolucionaria est\u00e1 muy mermada. Vamos a ver si es capaz de aguantar mucho tiempo con vida, porque es un objetivo tanto para\u00a0Israel\u00a0como para\u00a0Estados Unidos. Efectivamente, su nombramiento indica que la Guardia Revolucionaria lo que intenta proyectar es supervivencia y desaf\u00edo en lugar de compromiso. No s\u00e9 hasta qu\u00e9 punto el r\u00e9gimen teocr\u00e1tico de la Rep\u00fablica Isl\u00e1mica, tal y como se dise\u00f1\u00f3 en 1979, est\u00e1 garantizado con el hijo de Jamenei. \u00a0<\/p>\n\n\n\n<figure class=\"wp-block-image\"><img decoding=\"async\" src=\"https:\/\/s.rfi.fr\/media\/display\/4fadc94e-1b2d-11f1-b7b7-005056bfb2b6\/w:1024\/000-A2EB9KL.jpg\" alt=\"Veh\u00edculos circulan por una autopista, pasando frente a una estatua conmemorativa y una valla publicitaria que representa al difunto l\u00edder supremo iran\u00ed, Al\u00ed Jamenei, ante densas columnas de humo negro, en Teher\u00e1n, este domingo 8 de marzo de 2026.\"\/><figcaption class=\"wp-element-caption\">Veh\u00edculos circulan por una autopista, pasando frente a una estatua conmemorativa y una valla publicitaria que representa al difunto l\u00edder supremo iran\u00ed, Al\u00ed Jamenei, ante densas columnas de humo negro, en Teher\u00e1n, este domingo 8 de marzo de 2026.&nbsp;AFP &#8211; &#8211;<\/figcaption><\/figure>\n\n\n\n<p><strong>RFI: Parece que esta guerra, que comenz\u00f3 hace diez d\u00edas, va a durar. Ir\u00e1n dice que puede aguantar seis meses. \u00bfQu\u00e9 capacidad militar real tiene?<\/strong><\/p>\n\n\n\n<p><strong>Marta Gonz\u00e1lez Isidoro<\/strong>: La capacidad misil\u00edstica y de\u00a0drones\u00a0que tiene\u00a0Ir\u00e1n\u00a0est\u00e1 seriamente mermada. De hecho, el objetivo de esta segunda fase de la guerra que empez\u00f3 en junio del a\u00f1o pasado es acabar con la capacidad nuclear y misil\u00edstica de Ir\u00e1n. Ir\u00e1n tiene una capacidad muy elevada de misiles de corto y largo alcance que ponen en jaque a la regi\u00f3n, pero est\u00e1 muy mermada. Lo que realmente preocupa es la capacidad del programa de drones, que es uno de los m\u00e1s desarrollados fuera de las grandes potencias. Y este programa est\u00e1 dise\u00f1ado precisamente para compensar su inferioridad en la aviaci\u00f3n y en los misiles frente a las capacidades de Estados Unidos y de Israel. Son muy baratos, tienen largo alcance y m\u00e1s o menos tienen una capacidad, seg\u00fan las estimaciones, porque el r\u00e9gimen es muy opaco, de m\u00e1s o menos alrededor de unos 10.000 drones, seg\u00fan estimaciones que hicieron en su d\u00eda\u00a0<em>The Washington Post<\/em>\u00a0y\u00a0<em>The Times<\/em>, que son los dos diarios que han trabajado este asunto. Sabemos que est\u00e1n usando en torno a 50 por d\u00eda. Por lo tanto, la capacidad de tener hasta seis meses es pr\u00e1cticamente imposible.<\/p>\n\n\n\n<figure class=\"wp-block-image\"><img decoding=\"async\" src=\"https:\/\/s.rfi.fr\/media\/display\/daf8638c-c9e4-11f0-a256-005056a90284\/w:1024\/dron%C4%83.jpg\" alt=\"Un dron Shahed expuesto en Teher\u00e1n, Ir\u00e1n septiembre de 2023.\"\/><figcaption class=\"wp-element-caption\">Un dron Shahed expuesto en Teher\u00e1n, Ir\u00e1n septiembre de 2023.&nbsp;\u00a9 Wikimedia Commons<\/figcaption><\/figure>\n\n\n\n<p><strong>RFI: \u00bfQu\u00e9 tipo de drones usa Ir\u00e1n?<\/strong><\/p>\n\n\n\n<p><strong>Marta Gonz\u00e1lez Isidoro:<\/strong>\u00a0Tienen tres tipos de drones. Los que se llaman los drones kamikaze, que tienen un alcance m\u00e1s o menos de entre 1.000 y 2.000 kil\u00f3metros, que son los que est\u00e1n haciendo mucho da\u00f1o ahora. Son muy baratos, cuestan apenas entre 30.000 y 50.000 d\u00f3lares cada uno y es lo que se conoce como las bombas voladoras y son los m\u00e1s espectaculares porque son del tipo Shahed. Son los m\u00e1s espectaculares. Luego tienen los drones de ataque reutilizables, que son muy poquitos en cuanto a almacenaje y a producci\u00f3n, pero son tambi\u00e9n muy espectaculares; son los tipo Predator, muy parecidos a los Ripper norteamericanos, son los Shahed-129, que son los m\u00e1s avanzados, los grandes, los Mohajer-10, que son los grandes que vemos, y estos tienen un alcance ya m\u00e1s grande, m\u00e1s hasta entre 1.800 y 3.000 kil\u00f3metros. Son los que est\u00e1n poniendo en jaque a los pa\u00edses del Golfo porque tienen una carga de entre 100 y 400 bombas o misiles y una autonom\u00eda de 24 horas. Son como m\u00e1s potentes, pero tambi\u00e9n son m\u00e1s f\u00e1cilmente eliminados por parte de las bater\u00edas antia\u00e9reas de los pa\u00edses del Golfo y de Israel. Por lo tanto, su capacidad de repuesto es m\u00e1s complicada. Y luego est\u00e1n los drones de reconocimiento, que son mucho m\u00e1s peque\u00f1os. Se usan sobre todo para la vigilancia. Y ah\u00ed tenemos tambi\u00e9n el Shahed-123, que tiene un alcance de unos 30 kil\u00f3metros, un m\u00e1ximo de 750. Pueden alcanzar, como digo, Israel, Arabia Saud\u00ed y las bases norteamericanas del Golfo y parte de\u00a0Europa\u00a0Oriental. Por lo tanto, el nivel de alerta temprana para todos estos pa\u00edses es muy elevado porque consiguen saturar a trav\u00e9s de este enjambre de drones todas las defensas a\u00e9reas de todos estos pa\u00edses, provocando una guerra econ\u00f3mica, porque interceptar todos estos enjambres de drones provoca la fractura econ\u00f3mica y el colapso econ\u00f3mico de todos los pa\u00edses afectados. Los ataques de precisi\u00f3n no son tan precisos como los misiles israel\u00edes o norteamericanos, pero hacen su da\u00f1o y, sobre todo, lo que provocan es da\u00f1o psicol\u00f3gico en la poblaci\u00f3n civil. Interfieren sobre todo en la guerra electr\u00f3nica y de vigilancia de los sistemas norteamericanos e israel\u00edes del Golfo.<\/p>\n\n\n\n<p>Para mostrar este contenido de Instagram, debe autorizar las cookies de medici\u00f3n de audiencia y publicidad.AceptarGestionar mis opciones<\/p>\n\n\n\n<p><strong>RFI: \u00bfLo m\u00e1s lejos que pueden ir hacia Europa es\u00a0Chipre?<\/strong><\/p>\n\n\n\n<p><strong>Marta Gonz\u00e1lez Isidoro:<\/strong>\u00a0Los drones s\u00ed, pero los misiles de medio y de largo alcance llegan. De hecho, Ir\u00e1n tiene posibilidades de lanzar misiles que llegan hasta las costas del Mediterr\u00e1neo oriental; pueden llegar a las costas de\u00a0Espa\u00f1a. Por lo tanto, el rango es muy elevado.<\/p>\n\n\n\n<figure class=\"wp-block-image\"><img decoding=\"async\" src=\"https:\/\/s.rfi.fr\/media\/display\/86475ada-1bb7-11f1-a2e9-005056a90284\/w:1024\/2026-03-09T014432Z-1943306542-RC2H0KAHWIG6-RTRMADP-3-IRAN-CRISIS-SATELLITE.jpg\" alt=\"Una imagen satelital muestra las entradas destruidas del t\u00fanel que conduce al complejo de misiles en Isfah\u00e1n, el 8 de marzo de 2026.\"\/><figcaption class=\"wp-element-caption\">Una imagen satelital muestra las entradas destruidas del t\u00fanel que conduce al complejo de misiles en Isfah\u00e1n, el 8 de marzo de 2026.&nbsp;\u00a9 Reuters\/Vantor<\/figcaption><\/figure>\n\n\n\n<p><strong>RFI: \u00bfLa guerra se puede alargar mucho?<\/strong><\/p>\n\n\n\n<p><strong>Marta Gonz\u00e1lez Isidoro:<\/strong>\u00a0Va a depender de la voluntad de las partes. Si nos centramos en la capacidad militar, Ir\u00e1n no tiene capacidad para aguantar una guerra prolongada porque tiene ya estrangulados los flujos de reposici\u00f3n de drones, misiles y materiales por parte de\u00a0Rusia\u00a0y de\u00a0China, que son sus proveedores. Y luego, el objetivo fundamental de este conflicto, de esta guerra, ha sido en la primera semana, por parte de Israel y de Estados Unidos, controlar los cielos y reducir la amenaza principalmente hacia Israel y hacia los pa\u00edses del entorno, y por lo tanto han ido directamente a neutralizar las capacidades del r\u00e9gimen iran\u00ed: la eliminaci\u00f3n del l\u00edder supremo, la neutralizaci\u00f3n de los altos cargos del r\u00e9gimen de la\u00a0revoluci\u00f3n\u00a0de la Guardia Revolucionaria, los operativos territoriales, la destrucci\u00f3n de todas las instalaciones gubernamentales y las f\u00e1bricas de armas, el almacenaje de misiles y drones. Por lo tanto, es muy complicado que el r\u00e9gimen pueda abordar una guerra sin reponer las capacidades militares, porque adem\u00e1s hemos visto que tambi\u00e9n se ha reducido su flota naval al 30% y se ha destruido tambi\u00e9n la capacidad aeroespacial. Por lo tanto, es muy optimista por parte de los nuevos l\u00edderes pensar que va a aguantar desde el punto de vista militar. Ahora bien, tenemos que pensar tambi\u00e9n en los tiempos. Los tiempos de Estados Unidos o del presidente Trump est\u00e1n ligados a que se cumplan los objetivos estrat\u00e9gicos en la regi\u00f3n, que no tienen por qu\u00e9 coincidir con los intereses estrat\u00e9gicos de Israel. El presidente Trump est\u00e1 ligado a la opini\u00f3n p\u00fablica norteamericana, que no es favorable a la guerra, a las elecciones de medio mandato el pr\u00f3ximo noviembre y que puede perder la mayor\u00eda en las c\u00e1maras y, por lo tanto, tiene que determinar cu\u00e1l es el objetivo estrat\u00e9gico que se ha marcado sobre Ir\u00e1n: si es mermar las capacidades misil\u00edsticas y la voluntad de seguir con el programa nuclear o si apuesta por un cambio de r\u00e9gimen a medio-largo plazo y mantiene la voluntad de Israel de ir a por todas. Israel est\u00e1 embarcado en una guerra que ellos llaman de resistencia, de liberaci\u00f3n, de independencia y de supervivencia, y est\u00e1n apostando por una guerra que deje a las pr\u00f3ximas generaciones lo suficientemente libres del miedo de tener que librar otra guerra de car\u00e1cter existencial, como la que asumen que esta generaci\u00f3n est\u00e1 viviendo desde el 7 de octubre. Por lo tanto, el tiempo corre en contra de Israel porque Estados Unidos, dentro de dos o tres semanas, puede decir: \u2018Mis objetivos estrat\u00e9gicos se han cumplido, paremos la guerra\u2019. De ah\u00ed que Israel est\u00e9 apretando tanto dentro de Ir\u00e1n para desmantelar cuanto antes toda posibilidad de recambio en el r\u00e9gimen que pueda librar una guerra en un futuro cercano, mermar las capacidades de\u00a0Hezbol\u00e1\u00a0y de\u00a0Ham\u00e1s\u00a0en\u00a0L\u00edbano\u00a0y en\u00a0Gaza\u00a0para neutralizar definitivamente esa amenaza que considera existencial.<\/p>\n\n\n\n<figure class=\"wp-block-image\"><img decoding=\"async\" src=\"https:\/\/s.rfi.fr\/media\/display\/7a873bbe-1aec-11f1-a72e-005056bf30b7\/w:1024\/000-99Y99KE.jpg\" alt=\"Lanzamiento de un misil bal\u00edstico estadounidense PrSM, el 4 de marzo de 2026. El PrSM, que tambi\u00e9n se utiliza con el lanzador Himars, se emplea por primera vez en combate en la guerra de Oriente Medio.\"\/><figcaption class=\"wp-element-caption\">Lanzamiento de un misil bal\u00edstico estadounidense PrSM, el 4 de marzo de 2026. El PrSM, que tambi\u00e9n se utiliza con el lanzador Himars, se emplea por primera vez en combate en la guerra de Oriente Medio.&nbsp;AFP &#8211; &#8211;<\/figcaption><\/figure>\n\n\n\n<p><strong>RFI: Justamente, \u00bfcu\u00e1l es la estrategia actualmente en L\u00edbano de Israel? Ha habido incursi\u00f3n terrestre; han depositado a soldados por helic\u00f3pteros. Antes ya hab\u00edan atacado a Hezbol\u00e1 y hab\u00edan tambi\u00e9n mermado su capacidad, \u00bfqu\u00e9 buscan ahora?<\/strong><\/p>\n\n\n\n<p><strong>Marta Gonz\u00e1lez Isidoro:<\/strong>\u00a0Hezbol\u00e1 ha cometido el error que Israel quer\u00eda que cometiera. Israel ahora mismo est\u00e1 intensificando toda la presi\u00f3n contra Hezbol\u00e1 mientras ayuda al gobierno liban\u00e9s a tomar el control de las zonas que hasta ahora no se hab\u00eda atrevido, ya sea por falta de voluntad o por falta de capacidades de asumir. Hezbol\u00e1 durante todos estos a\u00f1os hab\u00eda creado un Estado dentro del Estado liban\u00e9s y, desde los ataques del 1 de marzo, lo que Israel est\u00e1 intentando es destruir definitivamente las infraestructuras de Hezbol\u00e1. Esta vez est\u00e1 siendo muy implacable con los sectores del L\u00edbano que est\u00e1n controlados por Hezbol\u00e1. En todas las ciudades, en todos los poblados chi\u00edes del pa\u00eds, incluidos los cuatro barrios del sur de Beirut, en este momento las FDI, las Fuerzas de Defensa Israel\u00edes, est\u00e1n ordenando en paralelo la evacuaci\u00f3n de las zonas civiles para evitar da\u00f1os colaterales, pero el objetivo es el que se marc\u00f3 en 2024, que no se ha cumplido con la puesta en marcha del acuerdo de\u00a0paz\u00a0y la tregua. Israel crey\u00f3 que el gobierno liban\u00e9s iba a ser capaz de hacerse con el control de todas las zonas y mandar a Hezbol\u00e1 el norte del r\u00edo Litani. Esta vez Israel est\u00e1 decidido a hacer desaparecer toda la red militar y financiera de Hezbol\u00e1 en el L\u00edbano, pero tambi\u00e9n de todos los gobiernos que controla. Ir\u00e1n, Irak, Siria, L\u00edbano y tambi\u00e9n Gaza. Por lo tanto, est\u00e1 empujando al gobierno liban\u00e9s a que tome el control efectivo del Estado. Al mismo tiempo, est\u00e1 creando con la incursi\u00f3n militar una zona, un b\u00fafer de\u00a0seguridad\u00a0que se va a prolongar hasta que el Gobierno liban\u00e9s tome la iniciativa de efectivamente desarticular a Hezbol\u00e1. No s\u00e9 si ser\u00e1 posible o no, si tendr\u00e1 voluntad o no, pero mientras tanto, Israel est\u00e1 decidido a tener un b\u00fafer de seguridad desde el norte del pa\u00eds, de Israel, hasta el sur del r\u00edo Litani para garantizar que todas las poblaciones de la Galilea, la Galilea oriental y la Galilea occidental est\u00e9n libres de los ataques de Hezbol\u00e1. De hecho, se han lanzado ya en esta semana 27 olas de ataques contra el L\u00edbano, encaminados precisamente a destruir la infraestructura de Hezbol\u00e1 en toda esa zona.<\/p>\n\n\n\n<figure class=\"wp-block-image\"><img decoding=\"async\" src=\"https:\/\/s.rfi.fr\/media\/display\/7c6d6102-1ba4-11f1-a54a-005056a97e36\/w:1024\/2026-03-09T100302Z-807312754-RC2X0KABBZEW-RTRMADP-3-IRAN-CRISIS-LEBANON.jpg\" alt=\"Se eleva humo tras un ataque israel\u00ed en las afueras del sur de Beirut, L\u00edbano, el 9 de marzo de 2026.\"\/><figcaption class=\"wp-element-caption\">Se eleva humo tras un ataque israel\u00ed en las afueras del sur de Beirut, L\u00edbano, el 9 de marzo de 2026.&nbsp;\u00a9 Reuters\/Mohamed Azakir<\/figcaption><\/figure>\n\n\n\n<p><strong>RFI: La Organizaci\u00f3n de Derechos Humanos Human Rights Watch denuncia que Israel est\u00e1 usando f\u00f3sforo blanco en el sur del L\u00edbano. \u00bfQu\u00e9 sabe de estas denuncias?<\/strong><\/p>\n\n\n\n<p><strong>Marta Gonz\u00e1lez Isidoro:&nbsp;<\/strong>Pues que son infundadas, porque el uso de munici\u00f3n de f\u00f3sforo con fines ofensivos est\u00e1 descartado. Eso supondr\u00eda una violaci\u00f3n del derecho internacional y de las leyes de guerra. Israel no utiliza ese tipo de munici\u00f3n porque se acoge al derecho internacional, pero este tipo de munici\u00f3n s\u00ed la utilizan todos los gobiernos y todos los ej\u00e9rcitos del mundo como una forma de iluminar el escenario b\u00e9lico o preb\u00e9lico antes de las operaciones. Y eso es lo que est\u00e1 haciendo Israel, hacer uso de la munici\u00f3n de f\u00f3sforo como \u00fanicamente un medio para iluminar el escenario, el escenario de combate, como hacen todos los ej\u00e9rcitos del mundo.<\/p>\n\n\n\n<p><strong>RFI: \u00bfY eso s\u00ed est\u00e1 autorizado por el derecho internacional?<\/strong><\/p>\n\n\n\n<p><strong>Marta Gonz\u00e1lez Isidoro:&nbsp;<\/strong>Eso s\u00ed, otra cosa es lanzar munici\u00f3n de f\u00f3sforo contra la poblaci\u00f3n civil. Y eso es lo que ni Israel ni ning\u00fan ej\u00e9rcito del mundo, por lo menos democr\u00e1tico, hacen.&nbsp;<\/p>\n\n\n\n<figure class=\"wp-block-image\"><img decoding=\"async\" src=\"https:\/\/s.rfi.fr\/media\/display\/c7861470-1971-11f1-af24-005056a90284\/w:1024\/AP26065199790505.jpg\" alt=\"Un hombre desplazado con su familia, que huye de los ataques a\u00e9reos israel\u00edes en los suburbios del sur de Beirut, en Dahiyeh, enciende una hoguera para calentarse en la cornisa de Beirut, L\u00edbano, el viernes 6 de marzo de 2026.\"\/><figcaption class=\"wp-element-caption\">Un hombre desplazado con su familia, que huye de los ataques a\u00e9reos israel\u00edes en los suburbios del sur de Beirut, en Dahiyeh, enciende una hoguera para calentarse en la cornisa de Beirut, L\u00edbano, el viernes 6 de marzo de 2026.&nbsp;AP &#8211; Hussein Malla<\/figcaption><\/figure>\n","protected":false},"excerpt":{"rendered":"<p>La Rep\u00fablica Isl\u00e1mica de Ir\u00e1n ha optado por la continuidad con el nombramiento como nuevo<\/p>\n","protected":false},"author":1,"featured_media":23832,"comment_status":"open","ping_status":"open","sticky":false,"template":"","format":"standard","meta":{"footnotes":""},"categories":[4],"tags":[],"class_list":["post-23831","post","type-post","status-publish","format-standard","has-post-thumbnail","hentry","category-mundiales"],"_links":{"self":[{"href":"https:\/\/samantharadionline.com\/index.php\/wp-json\/wp\/v2\/posts\/23831","targetHints":{"allow":["GET"]}}],"collection":[{"href":"https:\/\/samantharadionline.com\/index.php\/wp-json\/wp\/v2\/posts"}],"about":[{"href":"https:\/\/samantharadionline.com\/index.php\/wp-json\/wp\/v2\/types\/post"}],"author":[{"embeddable":true,"href":"https:\/\/samantharadionline.com\/index.php\/wp-json\/wp\/v2\/users\/1"}],"replies":[{"embeddable":true,"href":"https:\/\/samantharadionline.com\/index.php\/wp-json\/wp\/v2\/comments?post=23831"}],"version-history":[{"count":1,"href":"https:\/\/samantharadionline.com\/index.php\/wp-json\/wp\/v2\/posts\/23831\/revisions"}],"predecessor-version":[{"id":23833,"href":"https:\/\/samantharadionline.com\/index.php\/wp-json\/wp\/v2\/posts\/23831\/revisions\/23833"}],"wp:featuredmedia":[{"embeddable":true,"href":"https:\/\/samantharadionline.com\/index.php\/wp-json\/wp\/v2\/media\/23832"}],"wp:attachment":[{"href":"https:\/\/samantharadionline.com\/index.php\/wp-json\/wp\/v2\/media?parent=23831"}],"wp:term":[{"taxonomy":"category","embeddable":true,"href":"https:\/\/samantharadionline.com\/index.php\/wp-json\/wp\/v2\/categories?post=23831"},{"taxonomy":"post_tag","embeddable":true,"href":"https:\/\/samantharadionline.com\/index.php\/wp-json\/wp\/v2\/tags?post=23831"}],"curies":[{"name":"wp","href":"https:\/\/api.w.org\/{rel}","templated":true}]}}