{"id":23827,"date":"2026-03-09T15:09:57","date_gmt":"2026-03-09T19:09:57","guid":{"rendered":"https:\/\/samantharadionline.com\/?p=23827"},"modified":"2026-03-09T15:09:58","modified_gmt":"2026-03-09T19:09:58","slug":"ajustaran-salario-minimo-de-empleados-administrativos-de-escuelas","status":"publish","type":"post","link":"https:\/\/samantharadionline.com\/index.php\/2026\/03\/09\/ajustaran-salario-minimo-de-empleados-administrativos-de-escuelas\/","title":{"rendered":"Ajustar\u00e1n salario m\u00ednimo de empleados administrativos de escuelas"},"content":{"rendered":"\n<p class=\"has-medium-font-size\"><em>Hay 500 personas que permanecen con sueldos entre los RD$10,000, raz\u00f3n por la que se buscar\u00eda hacerles un aumento<\/em><\/p>\n\n\n\n<figure class=\"wp-block-image\"><img decoding=\"async\" src=\"https:\/\/listindiario.com\/files\/image_60_60\/uploads\/2024\/07\/02\/66847150a5ccb.jpeg\" alt=\"Avatar del Rosa Luna\"\/><\/figure>\n\n\n\n<p><strong><em>\u00a0<\/em>Rosa Luna, Santo Domingo, RD<\/strong><\/p>\n\n\n\n<p id=\"m98162-98161-98163\">El&nbsp;<strong>ministro de Educaci\u00f3n<\/strong>,<strong>&nbsp;Luis Miguel de Camps<\/strong>, revel\u00f3 que se encuentra en revisi\u00f3n de las n\u00f3minas educativas para mejorar los salarios de personal administrativo y de limpieza en las escuelas del pa\u00eds.<\/p>\n\n\n\n<p id=\"m98167-98166-98168\">Al ser entrevistado en el programa radial&nbsp;<strong>El Sol de la Ma\u00f1ana<\/strong>, de Zol 106.5 FM, el ministro reconoci\u00f3 que, aunque solo 500 personas permanecen con sueldos entre los RD$10,000, busca aumentar los salarios del personal.<\/p>\n\n\n\n<p id=\"m98172-98171-98173\">\u201cHay una cantidad importante que ronda entre los RD$12,000 y RD$14,000, lo cual es insuficiente; ahora lo que nos corresponde es hacer lo propio y ser responsables con ello porque entendemos que eso no solamente es una deuda pendiente, pero no solamente es correcto para la construcci\u00f3n de sentido de pertenencia, y tambi\u00e9n hay que reconocerlo, el sistema educativo lo reclama y requiere porque son personas fundamentales en el ejercicio de las actividades\u201d, manifest\u00f3 el ministro.<\/p>\n\n\n\n<p id=\"m98177-98176-98178\">Destac\u00f3 que desde iniciada su gesti\u00f3n en el Ministerio de Educaci\u00f3n ha sido velar porque los empleados tengan salarios dignos y sean compensados por su aporte para que los planteles educativos funcionen de manera correcta y con criterio.<\/p>\n\n\n\n<h3 class=\"wp-block-heading\">Maestros encuentran plazas en escuelas<\/h3>\n\n\n\n<p id=\"m98182-98181-98183\">El ministro resalt\u00f3 que cerca de 6,000 maestros se encontraban en el banco de elegibles durante m\u00e1s de tres a\u00f1os, esperando que se aperture una oportunidad para ejercer como docentes, y para evitar el c\u00famulo de estos, se realiz\u00f3 un proceso de priorizar aquellos que por a\u00f1os se encontraban a la espera.<\/p>\n\n\n\n<p id=\"m98187-98186-98188\">\u201cAmpliamos el rango de posibilidades de territorio en donde esos docentes pod\u00edan solicitar ser insertados y m\u00e1s de la mitad de ellos fueron insertados\u201d, expres\u00f3.<\/p>\n\n\n\n<p id=\"m98192-98191-98193\">Otra iniciativa del ministerio fue la reducci\u00f3n del ratio de maestros por estudiantes en una primera fase de 300 a 250.<\/p>\n\n\n\n<p id=\"m98197-98196-98198\">\u201cHemos reducido el ratio maestro-estudiante requerido, especialmente para la orientaci\u00f3n y psicolog\u00eda, de forma que haya m\u00e1s orientadores y psic\u00f3logos en las escuelas. El ratio era antes 300 docentes por alumno, un ratio demasiado elevado, y lo estamos reduciendo\u201d, puntualiz\u00f3.<\/p>\n\n\n\n<h3 class=\"wp-block-heading\">centros para ni\u00f1os con neurodivergencia<\/h3>\n\n\n\n<p id=\"m98202-98201-98203\">El ministro Luis Miguel de Camps resalt\u00f3 las labores de la&nbsp;<strong>Direcci\u00f3n de Educaci\u00f3n Especial<\/strong>&nbsp;de la instituci\u00f3n, debido a la creciente cantidad de centros educativos especializados para ni\u00f1os con situaciones de neurodivergencia.<\/p>\n\n\n\n<p id=\"m98207-98206-98208\">\u201cEl Ministerio de Educaci\u00f3n ha ido fortaleciendo su departamento de educaci\u00f3n especial; hace apenas 5 o 4 a\u00f1os hab\u00eda menos de 3 centros con la capacidad de espacios de educaci\u00f3n especial y ahora sobrepasan los 26 en Rep\u00fablica Dominicana\u201d, dijo.<\/p>\n\n\n\n<p id=\"m98212-98211-98213\">En conjunto con el&nbsp;<strong>Centro de Atenci\u00f3n Integral para la Discapacidad<\/strong>&nbsp;(CAID), el departamento de educaci\u00f3n especial del ministerio realiza evaluaciones a los ni\u00f1os para determinar los procesos a seguir para luego ser intervenidos.<\/p>\n\n\n\n<p id=\"m98217-98216-98218\">\u201cEl CAID desarrolla su materia fundamental del diagn\u00f3stico, pero se han estado dise\u00f1ando centros de intervenci\u00f3n terap\u00e9utica del CAID en coordinaci\u00f3n con el Ministerio de Educaci\u00f3n. Luego de que se formalicen los diagn\u00f3sticos, tendr\u00e1n las intervenciones terap\u00e9uticas con el acompa\u00f1amiento educativo\u201d, agreg\u00f3.<\/p>\n","protected":false},"excerpt":{"rendered":"<p>Hay 500 personas que permanecen con sueldos entre los RD$10,000, raz\u00f3n por la que se<\/p>\n","protected":false},"author":1,"featured_media":23828,"comment_status":"open","ping_status":"open","sticky":false,"template":"","format":"standard","meta":{"footnotes":""},"categories":[10],"tags":[],"class_list":["post-23827","post","type-post","status-publish","format-standard","has-post-thumbnail","hentry","category-economica"],"_links":{"self":[{"href":"https:\/\/samantharadionline.com\/index.php\/wp-json\/wp\/v2\/posts\/23827","targetHints":{"allow":["GET"]}}],"collection":[{"href":"https:\/\/samantharadionline.com\/index.php\/wp-json\/wp\/v2\/posts"}],"about":[{"href":"https:\/\/samantharadionline.com\/index.php\/wp-json\/wp\/v2\/types\/post"}],"author":[{"embeddable":true,"href":"https:\/\/samantharadionline.com\/index.php\/wp-json\/wp\/v2\/users\/1"}],"replies":[{"embeddable":true,"href":"https:\/\/samantharadionline.com\/index.php\/wp-json\/wp\/v2\/comments?post=23827"}],"version-history":[{"count":1,"href":"https:\/\/samantharadionline.com\/index.php\/wp-json\/wp\/v2\/posts\/23827\/revisions"}],"predecessor-version":[{"id":23829,"href":"https:\/\/samantharadionline.com\/index.php\/wp-json\/wp\/v2\/posts\/23827\/revisions\/23829"}],"wp:featuredmedia":[{"embeddable":true,"href":"https:\/\/samantharadionline.com\/index.php\/wp-json\/wp\/v2\/media\/23828"}],"wp:attachment":[{"href":"https:\/\/samantharadionline.com\/index.php\/wp-json\/wp\/v2\/media?parent=23827"}],"wp:term":[{"taxonomy":"category","embeddable":true,"href":"https:\/\/samantharadionline.com\/index.php\/wp-json\/wp\/v2\/categories?post=23827"},{"taxonomy":"post_tag","embeddable":true,"href":"https:\/\/samantharadionline.com\/index.php\/wp-json\/wp\/v2\/tags?post=23827"}],"curies":[{"name":"wp","href":"https:\/\/api.w.org\/{rel}","templated":true}]}}