{"id":23818,"date":"2026-03-09T08:36:56","date_gmt":"2026-03-09T12:36:56","guid":{"rendered":"https:\/\/samantharadionline.com\/?p=23818"},"modified":"2026-03-09T08:36:57","modified_gmt":"2026-03-09T12:36:57","slug":"el-pais-alineado-a-los-planes-de-estados-unidos","status":"publish","type":"post","link":"https:\/\/samantharadionline.com\/index.php\/2026\/03\/09\/el-pais-alineado-a-los-planes-de-estados-unidos\/","title":{"rendered":"El pa\u00eds alineado a los planes de Estados Unidos"},"content":{"rendered":"\n<p class=\"has-medium-font-size\"><em>Rep\u00fablica Dominicana fue parte de los pa\u00edses que firm\u00f3, junto a otros casi veinte naciones del hemisferio occidental, un acuerdo para combatir el \u201cnarcoterrorismo\u201d en la conferencia \u201cAm\u00e9rica contra los c\u00e1rteles\u201d<\/em><\/p>\n\n\n\n<figure class=\"wp-block-image\"><img decoding=\"async\" src=\"https:\/\/listindiario.com\/files\/image_60_60\/uploads\/2025\/01\/25\/67959c045be4c.jpeg\" alt=\"Avatar del Lizbeth Chalas\"\/><\/figure>\n\n\n\n<p><strong><em>\u00a0<\/em>Lizbeth Chalas, Santo Domingo, RD<\/strong><\/p>\n\n\n\n<p id=\"m32889-32888-32890\">Si deseamos abordar las caracter\u00edsticas del Gobierno del presidente Luis Abinader, es imposible pasar por alto la estrecha \u201crelaci\u00f3n de cooperaci\u00f3n\u201d que Rep\u00fablica Dominicana ha desarrollado con los Estados Unidos en los \u00faltimos a\u00f1os, principalmente con la Administraci\u00f3n del mandatario estadounidense, Donald Trump.<\/p>\n\n\n\n<p id=\"m32894-32893-32895\">Esa relaci\u00f3n bilateral se ha evidenciado por las constantes visitas de representantes estadounidenses en el pa\u00eds, acuerdos firmados y reuniones estrat\u00e9gicas.<\/p>\n\n\n\n<p id=\"m32899-32898-32900\">Abinader form\u00f3 parte el pasado s\u00e1bado de la Cumbre \u201cEscudo de las Am\u00e9ricas\u201d, donde Trump reuni\u00f3 a doce mandatarios de pa\u00edses latinoamericanos y del Caribe, para la creaci\u00f3n de una Coalici\u00f3n Antic\u00e1rteles de las Am\u00e9ricas, \u201cuna iniciativa para fortalecer la cooperaci\u00f3n regional frente al crimen organizado en la regi\u00f3n\u201d.<\/p>\n\n\n\n<p id=\"m32904-32903-32905\">Tras el foro de l\u00edderes, el mandatario dominicano asegur\u00f3 continuar fortaleciendo los lazos de colaboraci\u00f3n con el pa\u00eds norteamericano, destacando la alineaci\u00f3n de la Rep\u00fablica Dominicana con estrategias de car\u00e1cter econ\u00f3mico, tecnol\u00f3gico, pol\u00edtico y militar de los Estados Unidos.<\/p>\n\n\n\n<p id=\"m32909-32908-32910\">\u201cGracias, presidente Donald Trump. La relaci\u00f3n entre Rep\u00fablica Dominicana y Estados Unidos es hist\u00f3rica y seguiremos trabajando juntos para fortalecer la cooperaci\u00f3n entre nuestras naciones\u201d, escribi\u00f3 el pasado s\u00e1bado el presidente Abinader en sus redes sociales.<\/p>\n\n\n\n<p id=\"m32914-32913-32915\">A la reuni\u00f3n asistieron los jefes de Estado de Argentina, Ecuador, El Salvador, Honduras, Bolivia, Panam\u00e1, Costa Rica, Guyana, Paraguay, Trinidad y Tobago, Chile y Rep\u00fablica Dominicana. Destacando la ausencia de M\u00e9xico, Venezuela, Colombia y Per\u00fa, principales pa\u00edses donde supuestamente operan la mayor\u00eda de los c\u00e1rteles.<\/p>\n\n\n\n<p id=\"m32919-32918-32920\">Abinader tambi\u00e9n inform\u00f3 que en la misma cumbre, sostuvo una reuni\u00f3n bilateral con el secretario de Energ\u00eda de los Estados Unidos, Chris Wright, en la que conversaron sobre \u201ccooperaci\u00f3n energ\u00e9tica, desarrollo sostenible y el fortalecimiento de las relaciones entre ambos pa\u00edses\u201d.<\/p>\n\n\n\n<p id=\"m32924-32923-32925\">Asimismo, el pasado jueves 5 de marzo, Rep\u00fablica Dominicana fue parte de los pa\u00edses que firm\u00f3, junto a otros casi veinte naciones del hemisferio occidental, un acuerdo para combatir el \u201cnarcoterrorismo\u201d en la conferencia \u201cAm\u00e9rica contra los c\u00e1rteles\u201d, en Miami.<\/p>\n\n\n\n<figure class=\"wp-block-image\" id=\"m32929-32928-32930\"><img decoding=\"async\" src=\"https:\/\/listindiario.com\/files\/vertical_main_image\/uploads\/2026\/03\/08\/69ae143b36934.jpeg\" alt=\"\"\/><figcaption class=\"wp-element-caption\">Mark Schiefelbein<\/figcaption><\/figure>\n\n\n\n<p id=\"m32941-32940-32942\"><strong>Operaciones militares de EE.UU. en RD<\/strong><\/p>\n\n\n\n<p id=\"m32946-32945-32947\">El pasado mes de febrero jug\u00f3 un papel importante en la agenda diplom\u00e1tica de pol\u00edtica exterior compartida entre EEUU y Rep\u00fablica Dominicana.<\/p>\n\n\n\n<p id=\"m32951-32950-32952\">A mediados del mes, fueron retirados diez aviones pertenecientes a la Fuerza A\u00e9rea de los Estados Unidos del Aeropuerto Internacional de las Am\u00e9ricas \u201cAILA\u201d, utilizados para realizar operaciones militares con tr\u00e1nsito entre territorio dominicano y Estados Unidos.<\/p>\n\n\n\n<p id=\"m32956-32955-32957\">Los aviones operaban desde una base provisional en el aeropuerto dominicano y en la Base A\u00e9rea de San Isidro, como parte del \u201capoyo log\u00edstico\u201d a la Operaci\u00f3n Southern Spear del Comando Sur del pa\u00eds norteamericano. El mismo mandatario dominicano inform\u00f3 sobre la autorizaci\u00f3n a los Estados Unidos de utilizar \u201czonas restringidas\u201d de las estaciones a\u00e9reas para el transporte de equipos y personal t\u00e9cnico, como parte de los \u201cprotocolos de cooperaci\u00f3n bilateral en materia de seguridad\u201d.<\/p>\n\n\n\n<p id=\"m32961-32960-32962\"><strong>Venezuela<\/strong><\/p>\n\n\n\n<p id=\"m32966-32965-32967\">Ante la captura del expresidente de Venezuela, Nicol\u00e1s Maduro, a principios de enero de este a\u00f1o, se especulaba que estos aviones se encontraban en territorio dominicano para ser usados en la acci\u00f3n militar de EE. UU. en Venezuela.<\/p>\n\n\n\n<p id=\"m32971-32970-32972\">Sin embargo, el ministro de Relaciones Exteriores de la Rep\u00fablica Dominicana, Roberto \u00c1lvarez, aclar\u00f3 que estos aviones no eran de combate ni fueron usados para la captura de Maduro, acusado de narcotr\u00e1fico y terrorismo. \u00a1No, los aviones que est\u00e1n aqu\u00ed en Rep\u00fablica Dominicana no son aviones de combate, son aviones claramente de reabastecimiento de combustible, y eso ha quedado bien claro, que ha sido en la lucha contra el narcotr\u00e1fico, y en ning\u00fan momento, en ning\u00fan momento, ha habido ning\u00fan tipo de ejercicio que tenga que ver absolutamente nada con otro elemento que no sea la lucha contra el narcotr\u00e1fico\u201d, expres\u00f3 en ese entonces \u00c1lvarez.<\/p>\n\n\n\n<p id=\"m32976-32975-32977\">Asimismo, Abinader indic\u00f3 que se opon\u00eda a la proclama de Maduro como presidente, tras las elecciones celebradas en julio de 2024, y expres\u00f3 su disposici\u00f3n de \u201ccolaborar\u201d con el restablecimiento de la democracia y la paz en Venezuela.<\/p>\n\n\n\n<p id=\"m32981-32980-32982\">\u201cLa solidaridad entre los pueblos dominicano y venezolano es hist\u00f3rica. Hoy reiteramos nuestra disposici\u00f3n a colaborar con el restablecimiento de la democracia, la paz y la concordia nacional en Venezuela. Rep\u00fablica Dominicana estar\u00e1 siempre del lado de la democracia. \u201cDonde sea, cuando sea y ante quien sea\u201d, manifest\u00f3.<\/p>\n\n\n\n<p id=\"m32986-32985-32987\">Pero la cooperaci\u00f3n \u201cbilateral\u201d se extiende m\u00e1s all\u00e1 de lo pol\u00edtico, econ\u00f3mico y militar, tambi\u00e9n al \u00e1mbito tecnol\u00f3gico.<\/p>\n\n\n\n<p id=\"m32991-32990-32992\">En febrero, el Gobierno dominicano tambi\u00e9n anunci\u00f3 la construcci\u00f3n de un \u201cpuerto internacional de intercambio digital\u201d por la empresa tecnol\u00f3gica estadounidense Google en territorio nacional. Proyecto que fue declarado por el presidente Luis Abinader de \u201calta prioridad nacional\u201d, por medio de un decreto.<\/p>\n\n\n\n<p id=\"m32996-32995-32997\">Adem\u00e1s, agreg\u00f3 que tambi\u00e9n se construir\u00e1 un \u201canillo internacional de cable submarino\u201d, que conectar\u00e1 a Rep\u00fablica Dominicana con el pa\u00eds norteamericano. Tendr\u00e1 conexi\u00f3n con dos regiones en EEUU: una en Carolina del Sur y otra en Virginia.<\/p>\n\n\n\n<p id=\"m33001-33000-33002\">El proyecto tecnol\u00f3gico conllevar\u00e1 una inversi\u00f3n de 500 millones de d\u00f3lares en su primera fase.<\/p>\n\n\n\n<p id=\"m33006-33005-33007\"><strong>Cumbre y reuni\u00f3n de Abinader destacan relaciones bilaterales<\/strong><\/p>\n\n\n\n<figure class=\"wp-block-image\" id=\"m33011-33010-33012\"><img decoding=\"async\" src=\"https:\/\/listindiario.com\/files\/vertical_main_image\/uploads\/2026\/03\/08\/69ae15917722a.jpeg\" alt=\"El presidente Luis Abinader se reuni\u00f3 con funcionarios.\"\/><figcaption class=\"wp-element-caption\">El presidente Luis Abinader se reuni\u00f3 con funcionarios.<\/figcaption><\/figure>\n\n\n\n<p id=\"m33023-33022-33024\"><strong>Semiconductores<\/strong><\/p>\n\n\n\n<p id=\"m33028-33027-33029\">En materia de comercio e inversi\u00f3n, Estados Unidos reiter\u00f3 su consideraci\u00f3n de mantener a Rep\u00fablica Dominicana como principal socio comercial de la regi\u00f3n, tras recibir a la embajadora de los EEUU en RD, Leah Francis Campos.<\/p>\n\n\n\n<p id=\"m33033-33032-33034\">En un conversatorio entre Campos y el ministro de Industria, Comercio y Mipymes, Yayo Sanz Lovat\u00f3n, abordaron el inter\u00e9s \u201ccompartido\u201d en potencializar la industria de los semiconductores y de las zonas francas.<\/p>\n\n\n\n<p id=\"m33038-33037-33039\">En agosto de 2025, el exministro de Industria, Comercio y Mipymes, V\u00edctor (Ito) Bison\u00f3, present\u00f3 la \u201cEstrategia Nacional de Fomento a la Industria de Semiconductores (ENFIS)\u201d, \u201cuna hoja de ruta que traza el camino para que el pa\u00eds se inserte en las cadenas globales de valor en la manufactura y ensamblaje de semiconductores\u201d.<\/p>\n\n\n\n<p id=\"m33043-33042-33044\">Tres meses despu\u00e9s, el presidente Luis Abinader viaj\u00f3 a California, donde particip\u00f3 en la reuni\u00f3n anual de semiconductores, junto a l\u00edderes de la industria global, para \u201cseguir posicionando a la Rep\u00fablica Dominicana como un centro estrat\u00e9gico de producci\u00f3n de semiconductores y manufactura de alta tecnolog\u00eda\u201d.<\/p>\n\n\n\n<p id=\"m33048-33047-33049\">Y anterior a esa visita, Abinader se desplaz\u00f3 a Washington, EEUU, y visit\u00f3 la Universidad de Purdue, en el Estado de Indiana, para \u201cpreparar un acuerdo de cooperaci\u00f3n que permita que en el futuro la Rep\u00fablica Dominicana est\u00e9 en capacidad de producir semiconductores para exportar a los Estados Unidos\u201d.<\/p>\n\n\n\n<p id=\"m33053-33052-33054\"><strong>Drogas sint\u00e9ticas y seguridad<\/strong><\/p>\n\n\n\n<p id=\"m33058-33057-33059\">Durante la administraci\u00f3n de Joe Biden, expresidente de los EEUU, la Rep\u00fablica Dominicana fue designada como co-l\u00edder de la Coalici\u00f3n Mundial contra las Drogas Sint\u00e9ticas.<\/p>\n\n\n\n<p id=\"m33063-33062-33064\">A principios de 2025, la Embajada de los Estados Unidos en el pa\u00eds celebr\u00f3 los esfuerzos del Gobierno dominicano frente a estas amenazas a la seguridad y la salud p\u00fablica.<\/p>\n\n\n\n<p id=\"m33068-33067-33069\">Asimismo, se anunciaron trabajos conjuntos con la Agencia Antidrogas de los Estados Unidos (DEA) y la Direcci\u00f3n de Control de Drogas (DNCD).<\/p>\n\n\n\n<p id=\"m33073-33072-33074\">En enero de 2026, la embajadora de Estados Unidos en RD, Leah F. Campos, se reuni\u00f3 con el presidente de la DNCD, Jos\u00e9 Manuel Cabrera Ulloa, como una \u201coportunidad para reforzar la cooperaci\u00f3n bilateral en la lucha contra el narcoterrorismo y las operaciones conjuntas en curso\u201d.<\/p>\n\n\n\n<p id=\"m33078-33077-33079\">El organismo a cargo de las sustancias controladas en el pa\u00eds inform\u00f3 que en conjunto con la DEA y la Oficina de Asuntos Internacionales de Narc\u00f3ticos y Aplicaci\u00f3n de la Ley (INL) contin\u00faan uniendo esfuerzos para combatir el tr\u00e1fico de fentanilo y otras drogas sint\u00e9ticas en la regi\u00f3n y Europa.<\/p>\n\n\n\n<p id=\"m33083-33082-33084\">En materia de seguridad, Campos tambi\u00e9n visit\u00f3 en diciembre pasado a la procuradora general de la Rep\u00fablica, Yeni Berenice Reynoso, con quien convers\u00f3 sobre la colaboraci\u00f3n en este \u00e1mbito entre EEUU y RD y la lucha contra el narcotr\u00e1fico y el lavado de activos proveniente del crimen organizado.<\/p>\n\n\n\n<figure class=\"wp-block-image\" id=\"m33088-33087-33089\"><img decoding=\"async\" src=\"https:\/\/listindiario.com\/files\/vertical_main_image\/uploads\/2026\/03\/08\/69ae15b95b3b1.jpeg\" alt=\"El presidente Abinader y el canciller Roberto \u00c1lvarez y dos funcionarios de EE. UU.\"\/><figcaption class=\"wp-element-caption\">El presidente Abinader y el canciller Roberto \u00c1lvarez y dos funcionarios de EE. UU.<\/figcaption><\/figure>\n\n\n\n<p id=\"m33100-33099-33101\"><strong>Tierras raras<\/strong><\/p>\n\n\n\n<p id=\"m33105-33104-33106\">A principios de febrero, la Rep\u00fablica Dominicana particip\u00f3 en la Reuni\u00f3n Ministerial sobre Minerales Cr\u00edticos convocada por el Gobierno de los Estados Unidos de Am\u00e9rica, y se postul\u00f3 como actor dentro de la cadena de suministro de estos materiales.<\/p>\n\n\n\n<p id=\"m33110-33109-33111\">El vicepresidente de Estados Unidos, James David \u201cJ.D.\u201d Vance, y el secretario de Estado, Marco Rubio, resaltaron la importancia de disponer de \u201credes internacionales confiables\u201d para poder suplir las necesidades de minerales cr\u00edticos, entre estos las tierras raras.<\/p>\n\n\n\n<p id=\"m33115-33114-33116\">En febrero de 2025, Rubio tambi\u00e9n sostuvo un encuentro con el presidente Luis Abinader, en el que destac\u00f3 el inter\u00e9s de Washington por el yacimiento de tierras raras en el pa\u00eds.<\/p>\n\n\n\n<p id=\"m33120-33119-33121\"><strong>Puerto espacial de Oviedo<\/strong><\/p>\n\n\n\n<p id=\"m33125-33124-33126\">En su rendici\u00f3n de cuentas el pasado 27 de febrero, Abinader anunci\u00f3 el desarrollo de un puerto espacial comercial en Oviedo, Pedernales, junto a la empresa estadounidense Launch On Demand (LOD).<\/p>\n\n\n\n<p id=\"m33130-33129-33131\">Seg\u00fan explic\u00f3 el mandatario, se trata \u201cde una infraestructura pionera que abre las puertas de nuestro pa\u00eds a la econom\u00eda espacial global\u201d, cuya inversi\u00f3n se estima en m\u00e1s de 600 millones de d\u00f3lares.<\/p>\n\n\n\n<p id=\"m33135-33134-33136\">Adem\u00e1s, asegur\u00f3 que antes de mayo de 2028 se lanzar\u00e1 un cohete al espacio desde la referida provincia sure\u00f1a.<\/p>\n\n\n\n<p id=\"m33140-33139-33141\"><strong>Aranceles<\/strong><\/p>\n\n\n\n<p id=\"m33145-33144-33146\">Sin embargo, a pesar de la estrecha relaci\u00f3n diplom\u00e1tica entre ambas naciones, Rep\u00fablica Dominicana figura entre los pa\u00edses a los que se les fue impuesta la pol\u00edtica arancelaria del 10% por la Administraci\u00f3n Trump.<\/p>\n\n\n\n<p id=\"m33150-33149-33151\">Esta medida se traduce en una acci\u00f3n desfavorable contra el comercio dominicano, debido a su microeconom\u00eda ante las grandes potencias; adem\u00e1s, seg\u00fan economistas, esto ejercer\u00eda presi\u00f3n sobre zonas francas, la manufactura, inversi\u00f3n extranjera y la entrada de divisas.<\/p>\n\n\n\n<p id=\"m33155-33154-33156\"><strong>Rubio a RD<\/strong><\/p>\n\n\n\n<p id=\"m33160-33159-33161\">El pasado 27 de febrero, D\u00eda de la Independencia Nacional dominicana, el secretario de Estado de los EE. UU., Marco Rubio, envi\u00f3 un mensaje de felicitaciones, en el que destacaba la unidad de ambas naciones por \u201cprioridades compartidas\u201d.<\/p>\n\n\n\n<p id=\"m33165-33164-33166\">La Rep\u00fablica Dominicana y Estados Unidos mantienen relaciones diplom\u00e1ticas desde hace casi un siglo y medio. RD es considerado para EEUU un aliado clave en la regi\u00f3n del Caribe.<\/p>\n","protected":false},"excerpt":{"rendered":"<p>Rep\u00fablica Dominicana fue parte de los pa\u00edses que firm\u00f3, junto a otros casi veinte naciones<\/p>\n","protected":false},"author":1,"featured_media":23819,"comment_status":"open","ping_status":"open","sticky":false,"template":"","format":"standard","meta":{"footnotes":""},"categories":[12],"tags":[],"class_list":["post-23818","post","type-post","status-publish","format-standard","has-post-thumbnail","hentry","category-nacionales"],"_links":{"self":[{"href":"https:\/\/samantharadionline.com\/index.php\/wp-json\/wp\/v2\/posts\/23818","targetHints":{"allow":["GET"]}}],"collection":[{"href":"https:\/\/samantharadionline.com\/index.php\/wp-json\/wp\/v2\/posts"}],"about":[{"href":"https:\/\/samantharadionline.com\/index.php\/wp-json\/wp\/v2\/types\/post"}],"author":[{"embeddable":true,"href":"https:\/\/samantharadionline.com\/index.php\/wp-json\/wp\/v2\/users\/1"}],"replies":[{"embeddable":true,"href":"https:\/\/samantharadionline.com\/index.php\/wp-json\/wp\/v2\/comments?post=23818"}],"version-history":[{"count":1,"href":"https:\/\/samantharadionline.com\/index.php\/wp-json\/wp\/v2\/posts\/23818\/revisions"}],"predecessor-version":[{"id":23820,"href":"https:\/\/samantharadionline.com\/index.php\/wp-json\/wp\/v2\/posts\/23818\/revisions\/23820"}],"wp:featuredmedia":[{"embeddable":true,"href":"https:\/\/samantharadionline.com\/index.php\/wp-json\/wp\/v2\/media\/23819"}],"wp:attachment":[{"href":"https:\/\/samantharadionline.com\/index.php\/wp-json\/wp\/v2\/media?parent=23818"}],"wp:term":[{"taxonomy":"category","embeddable":true,"href":"https:\/\/samantharadionline.com\/index.php\/wp-json\/wp\/v2\/categories?post=23818"},{"taxonomy":"post_tag","embeddable":true,"href":"https:\/\/samantharadionline.com\/index.php\/wp-json\/wp\/v2\/tags?post=23818"}],"curies":[{"name":"wp","href":"https:\/\/api.w.org\/{rel}","templated":true}]}}