{"id":23815,"date":"2026-03-09T08:32:03","date_gmt":"2026-03-09T12:32:03","guid":{"rendered":"https:\/\/samantharadionline.com\/?p=23815"},"modified":"2026-03-09T08:32:03","modified_gmt":"2026-03-09T12:32:03","slug":"ekrem-imamoglu-exalcalde-de-estambul-y-rival-de-erdogan-se-sienta-en-el-banquillo","status":"publish","type":"post","link":"https:\/\/samantharadionline.com\/index.php\/2026\/03\/09\/ekrem-imamoglu-exalcalde-de-estambul-y-rival-de-erdogan-se-sienta-en-el-banquillo\/","title":{"rendered":"Ekrem Imamoglu, exalcalde de Estambul y rival de Erdogan, se sienta en el banquillo"},"content":{"rendered":"\n<p class=\"has-medium-font-size\"><em>El exalcalde de Estambul Ekrem Imamoglu lleva casi un a\u00f1o encarcelado. Este lunes 9 de marzo de 2026 comparece por primera vez ante la justicia turca por acusaciones de corrupci\u00f3n. El principal rival del presidente Erdogan denuncia un \u201cjuicio pol\u00edtico\u201d destinado a impedirle presentarse a las pr\u00f3ximas elecciones presidenciales<\/em><\/p>\n\n\n\n<p><strong>Por: RFI<\/strong><\/p>\n\n\n\n<p><em>Por Anne Andlauer, corresponsal de RFI em Ankara<\/em><\/p>\n\n\n\n<p>Ekrem Imamoglu sabe que este lunes 9 de marzo comienza una aut\u00e9ntica marat\u00f3n judicial. Se enfrenta a lo que la prensa progubernamental lleva meses describiendo como \u201cel caso de corrupci\u00f3n del siglo\u201d. La acusaci\u00f3n, de m\u00e1s de 3.700 p\u00e1ginas, describe al exalcalde de Estambul como fundador y l\u00edder de una \u201corganizaci\u00f3n criminal\u201d culpable de haber desviado nada menos que 160.000 millones de liras, es decir, unos 3.000 millones de euros. Cita 142 cargos, entre los que se incluyen \u201ccorrupci\u00f3n activa\u201d y \u201cpasiva\u201d, \u201cextorsi\u00f3n\u201d, \u201cfraude en licitaciones\u201d, \u201cestafa en detrimento de instituciones y organismos p\u00fablicos\u201d o \u201cblanqueo de capitales\u201d. Ekrem Imamoglu se enfrenta a m\u00e1s de 2.300 a\u00f1os de prisi\u00f3n.<\/p>\n\n\n\n<h2 class=\"wp-block-heading\">El juicio excepcional del opositor m\u00e1s popular de Erdogan<\/h2>\n\n\n\n<p>M\u00e1s de 400 personas comparecen con \u00e9l en este juicio que podr\u00eda durar varios a\u00f1os. Dado el n\u00famero de acusados y de cargos, el tribunal prev\u00e9 un juicio de 4.600 d\u00edas, es decir, doce a\u00f1os y medio. La justicia tiene tiempo y tambi\u00e9n espacio: junto a la prisi\u00f3n de M\u00e1rmara, donde est\u00e1 encarcelado Ekrem Imamoglu, se est\u00e1 construyendo una nueva sala de audiencias con capacidad para 3.000 personas. El juicio comienza este lunes en un tribunal m\u00e1s peque\u00f1o, tambi\u00e9n contiguo a la prisi\u00f3n, pero se prev\u00e9 que se traslade pronto, una vez finalizadas las obras.<\/p>\n\n\n\n<p>Desde el primer d\u00eda, el principal rival del presidente Recep Tayyip Erdogan denuncia un \u201cjuicio pol\u00edtico\u201d. Seg\u00fan la fiscal\u00eda de Estambul, Ekrem Imamoglu habr\u00eda actuado para \u201ctomar el control\u201d de su partido, el CHP, y \u201crecaudar fondos para presentar su candidatura a las pr\u00f3ximas elecciones presidenciales\u201d. Ekrem Imamoglu denuncia que se trata de un caso fabricado, que se basa esencialmente en el testimonio de \u201ctestigos an\u00f3nimos\u201d o de empresarios y responsables \u201carrepentidos\u201d que han aceptado testificar a cambio de que se retiren los cargos contra ellos. Ekrem Imamoglu repite que solo ha cometido un delito: el de ser capaz de derrotar a Recep Tayyip Erdogan en las pr\u00f3ximas elecciones, que se celebrar\u00e1n a m\u00e1s tardar en mayo de 2028.<\/p>\n","protected":false},"excerpt":{"rendered":"<p>El exalcalde de Estambul Ekrem Imamoglu lleva casi un a\u00f1o encarcelado. Este lunes 9 de<\/p>\n","protected":false},"author":1,"featured_media":23816,"comment_status":"open","ping_status":"open","sticky":false,"template":"","format":"standard","meta":{"footnotes":""},"categories":[4],"tags":[],"class_list":["post-23815","post","type-post","status-publish","format-standard","has-post-thumbnail","hentry","category-mundiales"],"_links":{"self":[{"href":"https:\/\/samantharadionline.com\/index.php\/wp-json\/wp\/v2\/posts\/23815","targetHints":{"allow":["GET"]}}],"collection":[{"href":"https:\/\/samantharadionline.com\/index.php\/wp-json\/wp\/v2\/posts"}],"about":[{"href":"https:\/\/samantharadionline.com\/index.php\/wp-json\/wp\/v2\/types\/post"}],"author":[{"embeddable":true,"href":"https:\/\/samantharadionline.com\/index.php\/wp-json\/wp\/v2\/users\/1"}],"replies":[{"embeddable":true,"href":"https:\/\/samantharadionline.com\/index.php\/wp-json\/wp\/v2\/comments?post=23815"}],"version-history":[{"count":1,"href":"https:\/\/samantharadionline.com\/index.php\/wp-json\/wp\/v2\/posts\/23815\/revisions"}],"predecessor-version":[{"id":23817,"href":"https:\/\/samantharadionline.com\/index.php\/wp-json\/wp\/v2\/posts\/23815\/revisions\/23817"}],"wp:featuredmedia":[{"embeddable":true,"href":"https:\/\/samantharadionline.com\/index.php\/wp-json\/wp\/v2\/media\/23816"}],"wp:attachment":[{"href":"https:\/\/samantharadionline.com\/index.php\/wp-json\/wp\/v2\/media?parent=23815"}],"wp:term":[{"taxonomy":"category","embeddable":true,"href":"https:\/\/samantharadionline.com\/index.php\/wp-json\/wp\/v2\/categories?post=23815"},{"taxonomy":"post_tag","embeddable":true,"href":"https:\/\/samantharadionline.com\/index.php\/wp-json\/wp\/v2\/tags?post=23815"}],"curies":[{"name":"wp","href":"https:\/\/api.w.org\/{rel}","templated":true}]}}