{"id":23806,"date":"2026-03-09T08:23:38","date_gmt":"2026-03-09T12:23:38","guid":{"rendered":"https:\/\/samantharadionline.com\/?p=23806"},"modified":"2026-03-09T08:23:39","modified_gmt":"2026-03-09T12:23:39","slug":"la-izquierda-de-petro-se-consolida-en-el-congreso","status":"publish","type":"post","link":"https:\/\/samantharadionline.com\/index.php\/2026\/03\/09\/la-izquierda-de-petro-se-consolida-en-el-congreso\/","title":{"rendered":"La izquierda de Petro se consolida en el Congreso"},"content":{"rendered":"\n<p class=\"has-medium-font-size\"><em>El oficialismo se proyecta como la primera minor\u00eda del Congreso en una disputa cerrada con la derecha, marcando el ritmo de las campa\u00f1as de cara a las presidenciales del 31 de mayo<\/em><\/p>\n\n\n\n<p><strong>Por: Diana Jallon (Colombia)<\/strong><\/p>\n\n\n\n<p>Las elecciones legislativas celebradas en Colombia dejan un Congreso fragmentado en el que el oficialista Pacto Hist\u00f3rico, la coalici\u00f3n del presidente Petro, se consolida como la principal fuerza en el Senado con cerca del 22% de los votos, mientras que el opositor Centro Democr\u00e1tico, quedo en segundo lugar con el casi 16%.<\/p>\n\n\n\n<p>De esta manera, ning\u00fan bloque alcanza mayor\u00eda, lo que anticipa un parlamento dividido que, aunque le da al oficialismo una mayor\u00eda, no le otorga la fuerza para gobernar sin alianzas, aunque para el candidato de izquierda Iv\u00e1n Cepeda su partido sigue siendo la mayor fuerza pol\u00edtica del pa\u00eds.<\/p>\n\n\n\n<p>\u201cLo que hemos sentido y vivido en el pa\u00eds se confirma hoy en las urnas y en las mesas de votaci\u00f3n. Somos la principal fuerza pol\u00edtica de Colombia\u201d, dijo. \u00abHoy comienza nuestro segundo tiempo con una bancada fuerte\u00bb, agreg\u00f3.<\/p>\n\n\n\n<p>La jornada dej\u00f3 al ex presidente \u00c1lvaro Uribe sin su esca\u00f1o en el Senado, quedando fuera del Congreso por primera vez en su carrera pol\u00edtica.<\/p>\n\n\n\n<p>De cara a las elecciones presidenciales de mayo, la ganadora de la llamada gran consulta fue la senadora del opositor Centro Democr\u00e1tico, Paloma Valencia, quien medir\u00e1 fuerzas con el senador Iv\u00e1n Cepeda, un resultado que revive la esperanza en los votantes de derecha, como Richard Lara.<\/p>\n\n\n\n<p>\u201cQue vuelva el pa\u00eds a tener un orden a trav\u00e9s de los grupos que no sean izquierda. No est\u00e1n gobernando bien, entonces que deseo que vuelva a tomar el rumbo que identifica a Colombia\u201d.<\/p>\n\n\n\n<p>Para otros volantes, como Diego Ria\u00f1o, estas elecciones arrojaron resultados \u201cnormales, aceptables, era lo que se esperaba.<\/p>\n\n\n\n<p>El Partido Comunes que agrupaba a los ex integrantes de la guerrilla de las Farc no obtuvo ning\u00fan esca\u00f1o. La jornada electoral se desarroll\u00f3 sin incidentes graves.<\/p>\n","protected":false},"excerpt":{"rendered":"<p>El oficialismo se proyecta como la primera minor\u00eda del Congreso en una disputa cerrada con<\/p>\n","protected":false},"author":1,"featured_media":23807,"comment_status":"open","ping_status":"open","sticky":false,"template":"","format":"standard","meta":{"footnotes":""},"categories":[4],"tags":[],"class_list":["post-23806","post","type-post","status-publish","format-standard","has-post-thumbnail","hentry","category-mundiales"],"_links":{"self":[{"href":"https:\/\/samantharadionline.com\/index.php\/wp-json\/wp\/v2\/posts\/23806","targetHints":{"allow":["GET"]}}],"collection":[{"href":"https:\/\/samantharadionline.com\/index.php\/wp-json\/wp\/v2\/posts"}],"about":[{"href":"https:\/\/samantharadionline.com\/index.php\/wp-json\/wp\/v2\/types\/post"}],"author":[{"embeddable":true,"href":"https:\/\/samantharadionline.com\/index.php\/wp-json\/wp\/v2\/users\/1"}],"replies":[{"embeddable":true,"href":"https:\/\/samantharadionline.com\/index.php\/wp-json\/wp\/v2\/comments?post=23806"}],"version-history":[{"count":1,"href":"https:\/\/samantharadionline.com\/index.php\/wp-json\/wp\/v2\/posts\/23806\/revisions"}],"predecessor-version":[{"id":23808,"href":"https:\/\/samantharadionline.com\/index.php\/wp-json\/wp\/v2\/posts\/23806\/revisions\/23808"}],"wp:featuredmedia":[{"embeddable":true,"href":"https:\/\/samantharadionline.com\/index.php\/wp-json\/wp\/v2\/media\/23807"}],"wp:attachment":[{"href":"https:\/\/samantharadionline.com\/index.php\/wp-json\/wp\/v2\/media?parent=23806"}],"wp:term":[{"taxonomy":"category","embeddable":true,"href":"https:\/\/samantharadionline.com\/index.php\/wp-json\/wp\/v2\/categories?post=23806"},{"taxonomy":"post_tag","embeddable":true,"href":"https:\/\/samantharadionline.com\/index.php\/wp-json\/wp\/v2\/tags?post=23806"}],"curies":[{"name":"wp","href":"https:\/\/api.w.org\/{rel}","templated":true}]}}