{"id":23800,"date":"2026-03-08T18:17:57","date_gmt":"2026-03-08T22:17:57","guid":{"rendered":"https:\/\/samantharadionline.com\/?p=23800"},"modified":"2026-03-08T18:18:01","modified_gmt":"2026-03-08T22:18:01","slug":"iran-elige-nuevo-guia-supremo-y-trump-dice-que-no-durara-mucho-sin-su-aprobacion","status":"publish","type":"post","link":"https:\/\/samantharadionline.com\/index.php\/2026\/03\/08\/iran-elige-nuevo-guia-supremo-y-trump-dice-que-no-durara-mucho-sin-su-aprobacion\/","title":{"rendered":"Ir\u00e1n elige nuevo gu\u00eda supremo y Trump dice que \u201cno durar\u00e1 mucho\u201d sin su aprobaci\u00f3n"},"content":{"rendered":"\n<p class=\"has-medium-font-size\"><em>Ir\u00e1n anunci\u00f3 este domingo que eligi\u00f3 a un sucesor del gu\u00eda supremo Al\u00ed Jamenei, muerto en el primer d\u00eda de la ofensiva de Estados Unidos e Israel contra la rep\u00fablica isl\u00e1mica, el 28 de febrero. Horas despu\u00e9s de ese anuncio, Trump minimiz\u00f3 la decisi\u00f3n iran\u00ed y asegur\u00f3 que nadie puede tomar el cargo de Jamenei sin su aprobaci\u00f3n<\/em><\/p>\n\n\n\n<p><strong>Por: RFI<\/strong><\/p>\n\n\n\n<p>La Asamblea de Expertos, un \u00f3rgano iran\u00ed encargado de elegir al m\u00e1ximo dirigente del pa\u00eds, no revel\u00f3 qui\u00e9n sustituir\u00e1 a Jamenei, que estaba en el poder desde 1989. En la \u00faltima semana, circularon varios nombres para ese puesto, reservado a un religioso, incluido el de su hijo, Mojtaba Jamenei, considerado una de las personalidades m\u00e1s influyentes, y el de Hasan Jomeini, nieto del fundador de la rep\u00fablica isl\u00e1mica, el ayatol\u00e1 Ruhol\u00e1 Jomeini.<\/p>\n\n\n\n<p>El presidente estadounidense, Donald Trump declar\u00f3 a ABC News que el pr\u00f3ximo l\u00edder de Ir\u00e1n \u00abtendr\u00e1 que obtener nuestra aprobaci\u00f3n\u201d, de lo contrario \u201cno durar\u00e1 mucho\u00bb.&nbsp;<\/p>\n\n\n\n<p>Previamente, el ministro de Relaciones Exteriores de Ir\u00e1n, Abbas Araghchi, hab\u00eda declarado&nbsp; que debe ser \u00abel pueblo iran\u00ed\u00bb, y no Donald Trump, quien elija a su nuevo l\u00edder y exigi\u00f3 que Trump se disculpe por iniciar la guerra en Medio Oriente.<\/p>\n\n\n\n<p>\u00abNo permitimos que nadie interfiera en nuestros asuntos internos. Es responsabilidad del pueblo iran\u00ed elegir a su nuevo l\u00edder\u00bb, declar\u00f3 Abbas Araghchi en el programa \u00abMeet the Press\u00bb de la NBC. En esta intervenci\u00f3n medi\u00e1tica, Araghchi consider\u00f3 que Trump \u00abdeber\u00eda disculparse con la gente de la regi\u00f3n y con el pueblo iran\u00ed por los asesinatos y la destrucci\u00f3n que han causado\u00bb.<\/p>\n\n\n\n<p>\u00abFueron los estadounidenses quienes iniciaron esta guerra contra nosotros, atac\u00e1ndonos, y nos estamos defendiendo. Es obvio que nuestros misiles no pueden alcanzar suelo estadounidense\u00bb, dijo Araghchi. \u00abLo que s\u00ed podemos hacer es atacar las bases e instalaciones estadounidenses a nuestro alrededor, que lamentablemente se encuentran en territorio de nuestros vecinos\u00bb.<\/p>\n\n\n\n<p><strong>Una semana de conflicto<\/strong><\/p>\n\n\n\n<p>Trump ha afirmado que los misiles iran\u00edes podr\u00edan \u00abpronto\u00bb alcanzar Estados Unidos, aunque una evaluaci\u00f3n de inteligencia estadounidense de 2025 indic\u00f3 que Teher\u00e1n no ten\u00eda misiles bal\u00edsticos intercontinentales y que podr\u00eda tardar hasta 2035 en desarrollar 60 de esas armas.<\/p>\n\n\n\n<p>Washington inform\u00f3 que ha llevado a cabo 3 000 ataques, mientras el ej\u00e9rcito israel\u00ed contabiliza 3 400 desde que empez\u00f3 la guerra. Por su parte, el r\u00e9gimen iran\u00ed responde lanzando misiles y drones contra Israel y los estados del Golfo que albergan intereses estadounidenses.<\/p>\n\n\n\n<p>El portavoz de los Guardianes de la Revoluci\u00f3n, Al\u00ed Mohamad Naini, sostuvo que \u00ablas fuerzas armadas [iran\u00edes] son capaces de continuar al menos seis meses de guerra intensa al ritmo actual de las operaciones\u00bb.<\/p>\n\n\n\n<p>El presidente iran\u00ed, Masud Pezeshkian, advirti\u00f3 que si Estados Unidos e Israel intentan utilizar el territorio de un pa\u00eds de la regi\u00f3n para lanzar una agresi\u00f3n contra Ir\u00e1n \u00abnos veremos obligados a responder\u00bb, dijo en la televisi\u00f3n estatal.<\/p>\n\n\n\n<p>El jefe del Consejo Supremo de Seguridad Nacional iran\u00ed, Ari Larijani, consider\u00f3 que Estados Unidos se equivoc\u00f3 al prever una resistencia de corta duraci\u00f3n. \u00abPensaban que ser\u00eda como en Venezuela: golpear\u00edan, tomar\u00edan el control y se acabar\u00eda\u00bb.<\/p>\n","protected":false},"excerpt":{"rendered":"<p>Ir\u00e1n anunci\u00f3 este domingo que eligi\u00f3 a un sucesor del gu\u00eda supremo Al\u00ed Jamenei, muerto<\/p>\n","protected":false},"author":1,"featured_media":23801,"comment_status":"open","ping_status":"open","sticky":false,"template":"","format":"standard","meta":{"footnotes":""},"categories":[4],"tags":[],"class_list":["post-23800","post","type-post","status-publish","format-standard","has-post-thumbnail","hentry","category-mundiales"],"_links":{"self":[{"href":"https:\/\/samantharadionline.com\/index.php\/wp-json\/wp\/v2\/posts\/23800","targetHints":{"allow":["GET"]}}],"collection":[{"href":"https:\/\/samantharadionline.com\/index.php\/wp-json\/wp\/v2\/posts"}],"about":[{"href":"https:\/\/samantharadionline.com\/index.php\/wp-json\/wp\/v2\/types\/post"}],"author":[{"embeddable":true,"href":"https:\/\/samantharadionline.com\/index.php\/wp-json\/wp\/v2\/users\/1"}],"replies":[{"embeddable":true,"href":"https:\/\/samantharadionline.com\/index.php\/wp-json\/wp\/v2\/comments?post=23800"}],"version-history":[{"count":1,"href":"https:\/\/samantharadionline.com\/index.php\/wp-json\/wp\/v2\/posts\/23800\/revisions"}],"predecessor-version":[{"id":23802,"href":"https:\/\/samantharadionline.com\/index.php\/wp-json\/wp\/v2\/posts\/23800\/revisions\/23802"}],"wp:featuredmedia":[{"embeddable":true,"href":"https:\/\/samantharadionline.com\/index.php\/wp-json\/wp\/v2\/media\/23801"}],"wp:attachment":[{"href":"https:\/\/samantharadionline.com\/index.php\/wp-json\/wp\/v2\/media?parent=23800"}],"wp:term":[{"taxonomy":"category","embeddable":true,"href":"https:\/\/samantharadionline.com\/index.php\/wp-json\/wp\/v2\/categories?post=23800"},{"taxonomy":"post_tag","embeddable":true,"href":"https:\/\/samantharadionline.com\/index.php\/wp-json\/wp\/v2\/tags?post=23800"}],"curies":[{"name":"wp","href":"https:\/\/api.w.org\/{rel}","templated":true}]}}