{"id":23797,"date":"2026-03-08T18:14:43","date_gmt":"2026-03-08T22:14:43","guid":{"rendered":"https:\/\/samantharadionline.com\/?p=23797"},"modified":"2026-03-08T18:14:44","modified_gmt":"2026-03-08T22:14:44","slug":"trump-el-proximo-lider-de-iran-no-durara-mucho","status":"publish","type":"post","link":"https:\/\/samantharadionline.com\/index.php\/2026\/03\/08\/trump-el-proximo-lider-de-iran-no-durara-mucho\/","title":{"rendered":"Trump, el pr\u00f3ximo l\u00edder de Ir\u00e1n \u00abno durar\u00e1 mucho\u00bb"},"content":{"rendered":"\n<p class=\"has-medium-font-size\"><em>En medio del suspenso sobre la identidad del sucesor de Jamenei, el canciller iran\u00ed Ab\u00e1s Araqchi, declar\u00f3 que debe ser \u00abel pueblo iran\u00ed\u00bb, y no Trump, quien elija a su nuevo l\u00edder<\/em><\/p>\n\n\n\n<figure class=\"wp-block-image\"><img decoding=\"async\" src=\"https:\/\/listindiario.com\/files\/image_60_60\/uploads\/2025\/06\/12\/684b39171bfd7.jpeg\" alt=\"Avatar del Agencia AFP\"\/><\/figure>\n\n\n\n<p><strong><em>\u00a0<\/em>Agencia AFP, Teher\u00e1n, Ir\u00e1n<\/strong><\/p>\n\n\n\n<p id=\"m12198-12197-12199\">El presidente de&nbsp;<strong>Estados Unidos<\/strong>,&nbsp;<strong>Donald Trump<\/strong>, advirti\u00f3 este domingo que el nuevo l\u00edder supremo de Ir\u00e1n \u00ab<strong>no durar\u00e1 mucho<\/strong>\u00bb si no cuenta con su venia, despu\u00e9s de que las autoridades iran\u00edes anunciaran que la&nbsp;<strong>Asamblea de Expertos<\/strong>&nbsp;eligi\u00f3 al sucesor de&nbsp;<strong>Al\u00ed Jamenei<\/strong>.<\/p>\n\n\n\n<p id=\"m12203-12202-12204\">En el noveno d\u00eda de guerra, la Asamblea de Expertos de Ir\u00e1n afirm\u00f3 que los cl\u00e9rigos encargados de elegir al m\u00e1ximo dirigente del pa\u00eds lograron un consenso, pero varias horas despu\u00e9s de este anuncio sigue sin revelarse qui\u00e9n suceder\u00e1 al ayatol\u00e1 Jamenei.<\/p>\n\n\n\n<p id=\"m12208-12207-12209\">Jamenei, de 86 a\u00f1os, muri\u00f3 el 28 de febrero en un bombardeo de Estados Unidos e Israel que desat\u00f3 la guerra que se extiende por&nbsp;<strong>Oriente Medio y m\u00e1s all\u00e1 de la regi\u00f3n<\/strong>, y agita los temores de una crisis energ\u00e9tica global.<\/p>\n\n\n\n<p id=\"m12213-12212-12214\">En la \u00faltima semana, circularon varios nombres para ese puesto, reservado a un religioso, incluido el de su hijo,&nbsp;<strong>Mojtaba Jamenei<\/strong>, de 56 a\u00f1os considerado&nbsp;<strong>una de las personalidades m\u00e1s influyentes<\/strong>.<\/p>\n\n\n\n<p id=\"m12218-12217-12219\">Trump ya descalific\u00f3 durante la semana a Mojtaba Jamenei afirmando que es un \u00ab<strong>peso ligero<\/strong>\u00ab.<\/p>\n\n\n\n<p id=\"m12223-12222-12224\">\u00ab<strong>Tendr\u00e1 que obtener nuestra aprobaci\u00f3n<\/strong>\u00ab, declar\u00f3 Trump a&nbsp;<strong>ABC News<\/strong>. \u00abSi no la obtiene, no durar\u00e1 mucho\u00bb.<\/p>\n\n\n\n<p id=\"m12228-12227-12229\">En cualquier caso, Israel ya anunci\u00f3 que el nuevo l\u00edder ser\u00e1 \u00abun objetivo\u00bb, tras el ataque que acab\u00f3 con la vida del ayatol\u00e1 que estuvo al mando de Ir\u00e1n desde 1989.<\/p>\n\n\n\n<p id=\"m12233-12232-12234\">Durante la jornada, una espesa nube de humo cubri\u00f3 Teher\u00e1n en la oscuridad, despu\u00e9s de que Israel golpeara dep\u00f3sitos de crudo.<\/p>\n\n\n\n<p id=\"m12238-12237-12239\">\u00abEl aire se volvi\u00f3 irrespirable\u00bb, relat\u00f3 una habitante de Teher\u00e1n de 35 a\u00f1os. \u00abAl principio, yo apoyaba esta guerra. Despu\u00e9s de la muerte de Jamenei yo celebr\u00e9 con mis amigos\u00bb.<\/p>\n\n\n\n<p id=\"m12243-12242-12244\">\u00abPero desde ayer (&#8230;) la gente cuenta que&nbsp;<strong>no queda ni gasolina en las estaciones de servicio<\/strong>\u00ab, cont\u00f3.<\/p>\n\n\n\n<p id=\"m12248-12247-12249\">Este ataque que dej\u00f3 cuatro muertos fue el primero reportado contra infraestructuras petroleras desde el inicio de la guerra.<\/p>\n\n\n\n<p id=\"m12253-12252-12254\">Seg\u00fan el \u00faltimo balance del Ministerio iran\u00ed de Salud, m\u00e1s de&nbsp;<strong>1<\/strong>,<strong>200 personas murieron<\/strong>&nbsp;y m\u00e1s de&nbsp;<strong>10<\/strong>,<strong>000<\/strong>&nbsp;civiles&nbsp;<strong>resultaron heridos<\/strong>. AFP no pudo verificar estas cifras.<\/p>\n\n\n\n<h3 class=\"wp-block-heading\">Ir\u00e1n amenaza con subida del petr\u00f3leo<\/h3>\n\n\n\n<p id=\"m12258-12257-12259\">El ej\u00e9rcito de Ir\u00e1n advirti\u00f3 este domingo que golpear\u00e1 instalaciones petroleras en la regi\u00f3n si Israel contin\u00faa los ataques contra su infraestructura energ\u00e9tica.<\/p>\n\n\n\n<p id=\"m12263-12262-12264\">\u00abSi pueden tolerar que el petr\u00f3leo suba a m\u00e1s de 200 d\u00f3lares por barril, contin\u00faen con este juego\u00bb, declar\u00f3 Ebrahim Zolfaghari, un portavoz del comando militar central de Ir\u00e1n.<\/p>\n\n\n\n<p id=\"m12268-12267-12269\">En medio del suspenso sobre la identidad del sucesor de Jamenei, el canciller iran\u00ed Ab\u00e1s Araqchi, declar\u00f3 que debe ser \u00ab<strong>el pueblo iran\u00ed<\/strong>\u00ab,<strong>&nbsp;y no Trump<\/strong>, quien elija a su nuevo l\u00edder.<\/p>\n\n\n\n<p id=\"m12273-12272-12274\">\u00abNo permitimos que nadie interfiera en nuestros asuntos internos\u00bb, afirm\u00f3 Araqchi en el programa \u00ab<strong>Meet the Press<\/strong>\u00bb de la NBC.<\/p>\n\n\n\n<p id=\"m12278-12277-12279\">El portavoz de los Guardianes de la Revoluci\u00f3n, Al\u00ed Mohamad Naini, sostuvo que las fuerzas armadas de Ir\u00e1n tienen capacidad para \u00abcontinuar al menos seis meses de guerra intensa al ritmo actual\u00bb.<\/p>\n\n\n\n<h3 class=\"wp-block-heading\">M\u00e1s de medio mill\u00f3n de desplazados en L\u00edbano<\/h3>\n\n\n\n<p id=\"m12283-12282-12284\">En L\u00edbano, que fue arrastrado a la guerra el lunes despu\u00e9s de que la milicia proiran\u00ed Hezbol\u00e1 lanzara un ataque contra Israel para \u00abvengar\u00bb la muerte de Jamenei, los bombardeos israel\u00edes sacudieron de nuevo Beirut.<\/p>\n\n\n\n<p id=\"m12288-12287-12289\">Un ataque de Israel golpe\u00f3 un hotel en el centro de Beirut, el primer ataque de este tipo desde el inicio de la ofensiva, que se hab\u00eda centrado en los bastiones de Hezbol\u00e1 en los suburbios.<\/p>\n\n\n\n<p id=\"m12293-12292-12294\">El ej\u00e9rcito de Israel indic\u00f3 que lanz\u00f3 un ataque de precisi\u00f3n contra el hotel donde estaban reunidos mandos de los&nbsp;<strong>Guardianes de la Revoluci\u00f3n<\/strong>&nbsp;y afirm\u00f3 que murieron cinco miembros de este cuerpo militar, tres de ellos comandantes de la Fuerza Quds, una unidad de \u00e9lite.<\/p>\n\n\n\n<p id=\"m12298-12297-12299\">El balance de fallecidos en L\u00edbano desde el inicio de los ataques el lunes&nbsp;<strong>es de 394 personas<\/strong>, incluidos&nbsp;<strong>83 ni\u00f1os<\/strong>&nbsp;y&nbsp;<strong>42 mujeres<\/strong>, seg\u00fan el ministro de Salud. En total, 517.000 personas fueron desplazadas.<\/p>\n\n\n\n<h3 class=\"wp-block-heading\">Macron habl\u00f3 con Trump y con el presidente de Ir\u00e1n&nbsp;<\/h3>\n\n\n\n<p id=\"m12303-12302-12304\">Ir\u00e1n responde a los ataques con bombardeos contra Israel y los pa\u00edses de Oriente Medio que albergan intereses estadounidenses.<\/p>\n\n\n\n<p id=\"m12308-12307-12309\">En Arabia Saudita, segundo productor mundial de petr\u00f3leo, un proyectil dej\u00f3 dos muertos y 12 heridos en la provincia de Al Jarj, adyacente a la capital Riad.<\/p>\n\n\n\n<p id=\"m12313-12312-12314\">Los Guardianes de la Revoluci\u00f3n afirmaron que atacaron con misiles Tel Aviv, el desierto del Negev y bases estadounidenses en la regi\u00f3n.<\/p>\n\n\n\n<p id=\"m12318-12317-12319\">El&nbsp;<strong>presidente de Francia<\/strong>,&nbsp;<strong>Emmanuel Macron<\/strong>, anunci\u00f3 que habl\u00f3 este domingo con Donald Trump y con el mandatario iran\u00ed, Masud Pezeshkian, y afirm\u00f3 que subray\u00f3 \u00abla necesidad de que&nbsp;<strong>Ir\u00e1n cese de inmediato sus ataques<\/strong>&nbsp;contra los pa\u00edses de la regi\u00f3n\u00bb.<\/p>\n","protected":false},"excerpt":{"rendered":"<p>En medio del suspenso sobre la identidad del sucesor de Jamenei, el canciller iran\u00ed Ab\u00e1s<\/p>\n","protected":false},"author":1,"featured_media":23798,"comment_status":"open","ping_status":"open","sticky":false,"template":"","format":"standard","meta":{"footnotes":""},"categories":[4],"tags":[],"class_list":["post-23797","post","type-post","status-publish","format-standard","has-post-thumbnail","hentry","category-mundiales"],"_links":{"self":[{"href":"https:\/\/samantharadionline.com\/index.php\/wp-json\/wp\/v2\/posts\/23797","targetHints":{"allow":["GET"]}}],"collection":[{"href":"https:\/\/samantharadionline.com\/index.php\/wp-json\/wp\/v2\/posts"}],"about":[{"href":"https:\/\/samantharadionline.com\/index.php\/wp-json\/wp\/v2\/types\/post"}],"author":[{"embeddable":true,"href":"https:\/\/samantharadionline.com\/index.php\/wp-json\/wp\/v2\/users\/1"}],"replies":[{"embeddable":true,"href":"https:\/\/samantharadionline.com\/index.php\/wp-json\/wp\/v2\/comments?post=23797"}],"version-history":[{"count":1,"href":"https:\/\/samantharadionline.com\/index.php\/wp-json\/wp\/v2\/posts\/23797\/revisions"}],"predecessor-version":[{"id":23799,"href":"https:\/\/samantharadionline.com\/index.php\/wp-json\/wp\/v2\/posts\/23797\/revisions\/23799"}],"wp:featuredmedia":[{"embeddable":true,"href":"https:\/\/samantharadionline.com\/index.php\/wp-json\/wp\/v2\/media\/23798"}],"wp:attachment":[{"href":"https:\/\/samantharadionline.com\/index.php\/wp-json\/wp\/v2\/media?parent=23797"}],"wp:term":[{"taxonomy":"category","embeddable":true,"href":"https:\/\/samantharadionline.com\/index.php\/wp-json\/wp\/v2\/categories?post=23797"},{"taxonomy":"post_tag","embeddable":true,"href":"https:\/\/samantharadionline.com\/index.php\/wp-json\/wp\/v2\/tags?post=23797"}],"curies":[{"name":"wp","href":"https:\/\/api.w.org\/{rel}","templated":true}]}}