{"id":23790,"date":"2026-03-08T10:56:20","date_gmt":"2026-03-08T14:56:20","guid":{"rendered":"https:\/\/samantharadionline.com\/?p=23790"},"modified":"2026-03-08T10:56:20","modified_gmt":"2026-03-08T14:56:20","slug":"iran-afirma-que-puede-afrontar-seis-meses-de-guerra-contra-eeuu-e-israel","status":"publish","type":"post","link":"https:\/\/samantharadionline.com\/index.php\/2026\/03\/08\/iran-afirma-que-puede-afrontar-seis-meses-de-guerra-contra-eeuu-e-israel\/","title":{"rendered":"Ir\u00e1n afirma que puede afrontar seis meses de guerra contra EEUU e Israel"},"content":{"rendered":"\n<p class=\"has-medium-font-size\"><em>Este s\u00e1bado 7 de marzo se cumpli\u00f3 una semana del inicio del conflicto entre los aliados Estados Unidos e Israel contra Ir\u00e1n. Los Guardianes de la Revoluci\u00f3n iran\u00ed aseguraron este domingo que tienen la capacidad de luchar durante al menos seis meses contra los aliados que mantienen operaciones en la regi\u00f3n desde el pasado 28 de febrero.<\/em><\/p>\n\n\n\n<p><strong>Por: RFI<\/strong><\/p>\n\n\n\n<p>\u201cLas fuerzas armadas de la Rep\u00fablica Isl\u00e1mica de Ir\u00e1n son capaces de continuar al menos seis meses de guerra intensa al ritmo actual de las operaciones\u00bb, asegur\u00f3 Ali Mohamad Naini, portavoz de los Guardianes, el ej\u00e9rcito ideol\u00f3gico de la rep\u00fablica isl\u00e1mica, citado por la agencia de noticias Fars.<\/p>\n\n\n\n<p>Por su parte, Estados Unidos e Israel atacaron el s\u00e1bado un dep\u00f3sito de crudo al sur de Teher\u00e1n, seg\u00fan la prensa estatal iran\u00ed, el primer ataque registrado contra infraestructuras petroleras de Ir\u00e1n desde el inicio del conflicto. Los ataques tambi\u00e9n afectaron a un dep\u00f3sito de combustible en el noroeste de la capital, seg\u00fan un periodista de la AFP que vio llamas y humo elev\u00e1ndose desde el lugar.<\/p>\n\n\n\n<p><strong>Conflicto regional<\/strong><\/p>\n\n\n\n<p>Este conflicto se ha extendido al L\u00edbano donde operan aliados de Ir\u00e1n. Israel afirm\u00f3 haber llevado a cabo un \u00abataque de precisi\u00f3n\u00bb contra \u00abimportantes comandantes\u00bb de la Fuerza Quds, la rama de operaciones exteriores de los Guardianes iran\u00edes, a los que se\u00f1al\u00f3 de preparar \u00abataques terroristas\u00bb, en la noche del s\u00e1bado y a unos 1.500 km en Beirut,<\/p>\n\n\n\n<p>Seg\u00fan el Ministerio de Salud liban\u00e9s, Israel bombarde\u00f3 un centro hotelero en pleno centro de Beirut y caus\u00f3 cuatro muertos y 10 heridos.<\/p>\n\n\n\n<p>El ataque tuvo como objetivo el hotel Ramada, en el barrio costero de Raouch\u00e9, una zona tur\u00edstica que hasta ahora se hab\u00eda librado de los ataques israel\u00edes contra el movimiento chi\u00ed proiran\u00ed Hezbol\u00e1.<\/p>\n\n\n\n<p>La guerra en Medio Oriente, que este domingo entr\u00f3 en el noveno d\u00eda, tambi\u00e9n dio lugar a nuevos ataques en otros pa\u00edses. La capital iran\u00ed amaneci\u00f3 envuelta en una espesa humareda negra proveniente de dep\u00f3sitos petroleros atacados. En la capital de los Emiratos \u00c1rabes Unidos, Abu Dabi, se siguen registrando explosiones al igual que en la capital de Israel, Tel Aviv.\u00a0 En L\u00edbano, este domingo dos soldados israel\u00edes murieron en los combates contra el grupo islamista Hezbol\u00e1, aliado de Ir\u00e1n.\u00a0<\/p>\n","protected":false},"excerpt":{"rendered":"<p>Este s\u00e1bado 7 de marzo se cumpli\u00f3 una semana del inicio del conflicto entre los<\/p>\n","protected":false},"author":1,"featured_media":23791,"comment_status":"open","ping_status":"open","sticky":false,"template":"","format":"standard","meta":{"footnotes":""},"categories":[4],"tags":[],"class_list":["post-23790","post","type-post","status-publish","format-standard","has-post-thumbnail","hentry","category-mundiales"],"_links":{"self":[{"href":"https:\/\/samantharadionline.com\/index.php\/wp-json\/wp\/v2\/posts\/23790","targetHints":{"allow":["GET"]}}],"collection":[{"href":"https:\/\/samantharadionline.com\/index.php\/wp-json\/wp\/v2\/posts"}],"about":[{"href":"https:\/\/samantharadionline.com\/index.php\/wp-json\/wp\/v2\/types\/post"}],"author":[{"embeddable":true,"href":"https:\/\/samantharadionline.com\/index.php\/wp-json\/wp\/v2\/users\/1"}],"replies":[{"embeddable":true,"href":"https:\/\/samantharadionline.com\/index.php\/wp-json\/wp\/v2\/comments?post=23790"}],"version-history":[{"count":1,"href":"https:\/\/samantharadionline.com\/index.php\/wp-json\/wp\/v2\/posts\/23790\/revisions"}],"predecessor-version":[{"id":23792,"href":"https:\/\/samantharadionline.com\/index.php\/wp-json\/wp\/v2\/posts\/23790\/revisions\/23792"}],"wp:featuredmedia":[{"embeddable":true,"href":"https:\/\/samantharadionline.com\/index.php\/wp-json\/wp\/v2\/media\/23791"}],"wp:attachment":[{"href":"https:\/\/samantharadionline.com\/index.php\/wp-json\/wp\/v2\/media?parent=23790"}],"wp:term":[{"taxonomy":"category","embeddable":true,"href":"https:\/\/samantharadionline.com\/index.php\/wp-json\/wp\/v2\/categories?post=23790"},{"taxonomy":"post_tag","embeddable":true,"href":"https:\/\/samantharadionline.com\/index.php\/wp-json\/wp\/v2\/tags?post=23790"}],"curies":[{"name":"wp","href":"https:\/\/api.w.org\/{rel}","templated":true}]}}