{"id":23784,"date":"2026-03-08T10:51:00","date_gmt":"2026-03-08T14:51:00","guid":{"rendered":"https:\/\/samantharadionline.com\/?p=23784"},"modified":"2026-03-08T10:51:00","modified_gmt":"2026-03-08T14:51:00","slug":"dia-internacional-de-la-mujer-el-8m-una-lucha-interminable","status":"publish","type":"post","link":"https:\/\/samantharadionline.com\/index.php\/2026\/03\/08\/dia-internacional-de-la-mujer-el-8m-una-lucha-interminable\/","title":{"rendered":"D\u00eda Internacional de la Mujer: El 8M, una lucha interminable"},"content":{"rendered":"\n<p class=\"has-medium-font-size\"><em>Este 8 de marzo de 2026, el D\u00eda Internacional de la Mujer, es celebrado alrededor del planeta para honrar las luchas por una sociedad m\u00e1s igualitaria y contra las violencias de g\u00e9nero. En este programa especial dedicado al 8M, los llevamos a Latinoam\u00e9rica y a Europa de la mano de nuestros periodistas para descubrir historias de peque\u00f1as y grandes victorias, pero tambi\u00e9n de graves vulnerabilidades y fuertes retrocesos.\u00a0<\/em><\/p>\n\n\n\n<p><strong>Por: Melissa Barra<\/strong><\/p>\n\n\n\n<p>En este programa usted escuchar\u00e1 la historia de la&nbsp;<strong>Agrupaci\u00f3n Ciudadana por la Despenalizaci\u00f3n del Aborto<\/strong>&nbsp;que cerr\u00f3 sus puertas en El Salvador ante la presi\u00f3n del gobierno conservador de Nayib Bukele. Durante dos d\u00e9cadas la ONG defendi\u00f3 y acompa\u00f1\u00f3 a las mujeres encarceladas por haber abortado, pues en este pa\u00eds de Centroam\u00e9rica la interrupci\u00f3n del embarazo puede ser considerada como un \u201chomicidio agravado\u201d con penas de hasta 50 a\u00f1os de prisi\u00f3n.&nbsp;<\/p>\n\n\n\n<p>Para mostrar este contenido de Facebook, debe autorizar las cookies de medici\u00f3n de audiencia y publicidad.AceptarGestionar mis opciones<\/p>\n\n\n\n<p>El FBI tambi\u00e9n ha encontrado archivos del caso Epstein en Am\u00e9rica Latina que dejaron al descubierto una red de trata de menores de Guatemala, Honduras, M\u00e9xico.&nbsp;<strong>Reportaje desde Honduras de nuestra corresponsal Celia Pousset.<\/strong><\/p>\n\n\n\n<p>Desde Colombia, usted escuchar\u00e1 a la congresista Alexandra V\u00e1squez quien busca que su pa\u00eds erradique la ablaci\u00f3n.&nbsp;&nbsp;<\/p>\n\n\n\n<p>En el bloque dedicado a las victorias y batallas del 8M en Europa, usted escuchar\u00e1 un informe desde Reino Unido, donde por primera vez en 500 a\u00f1os una mujer tom\u00f3 el mayor cargo espiritual de la iglesia anglicana. En los Juegos Ol\u00edmpicos de Invierno de Mil\u00e1n-Cortina estuvo la esquiadora mexicana Sarah Schleper quien cont\u00f3 a RFI la historia de su vida entre la nieve.&nbsp;&nbsp;<\/p>\n\n\n\n<p>Nuestro programa especial termina en Francia con la voz de la cantante francesa Clara Ys\u00e9, cuya canci\u00f3n Soberanas (Souveraines, en franc\u00e9s), se ha convertido en un himno para todas las mujeres del mundo.<\/p>\n","protected":false},"excerpt":{"rendered":"<p>Este 8 de marzo de 2026, el D\u00eda Internacional de la Mujer, es celebrado alrededor<\/p>\n","protected":false},"author":1,"featured_media":23785,"comment_status":"open","ping_status":"open","sticky":false,"template":"","format":"standard","meta":{"footnotes":""},"categories":[4],"tags":[],"class_list":["post-23784","post","type-post","status-publish","format-standard","has-post-thumbnail","hentry","category-mundiales"],"_links":{"self":[{"href":"https:\/\/samantharadionline.com\/index.php\/wp-json\/wp\/v2\/posts\/23784","targetHints":{"allow":["GET"]}}],"collection":[{"href":"https:\/\/samantharadionline.com\/index.php\/wp-json\/wp\/v2\/posts"}],"about":[{"href":"https:\/\/samantharadionline.com\/index.php\/wp-json\/wp\/v2\/types\/post"}],"author":[{"embeddable":true,"href":"https:\/\/samantharadionline.com\/index.php\/wp-json\/wp\/v2\/users\/1"}],"replies":[{"embeddable":true,"href":"https:\/\/samantharadionline.com\/index.php\/wp-json\/wp\/v2\/comments?post=23784"}],"version-history":[{"count":1,"href":"https:\/\/samantharadionline.com\/index.php\/wp-json\/wp\/v2\/posts\/23784\/revisions"}],"predecessor-version":[{"id":23786,"href":"https:\/\/samantharadionline.com\/index.php\/wp-json\/wp\/v2\/posts\/23784\/revisions\/23786"}],"wp:featuredmedia":[{"embeddable":true,"href":"https:\/\/samantharadionline.com\/index.php\/wp-json\/wp\/v2\/media\/23785"}],"wp:attachment":[{"href":"https:\/\/samantharadionline.com\/index.php\/wp-json\/wp\/v2\/media?parent=23784"}],"wp:term":[{"taxonomy":"category","embeddable":true,"href":"https:\/\/samantharadionline.com\/index.php\/wp-json\/wp\/v2\/categories?post=23784"},{"taxonomy":"post_tag","embeddable":true,"href":"https:\/\/samantharadionline.com\/index.php\/wp-json\/wp\/v2\/tags?post=23784"}],"curies":[{"name":"wp","href":"https:\/\/api.w.org\/{rel}","templated":true}]}}