{"id":23528,"date":"2026-03-03T08:21:52","date_gmt":"2026-03-03T12:21:52","guid":{"rendered":"https:\/\/samantharadionline.com\/?p=23528"},"modified":"2026-03-03T08:21:53","modified_gmt":"2026-03-03T12:21:53","slug":"mueren-418-personas-en-accidentes-viales-en-periodo-enero-y-febrero-de-este-ano","status":"publish","type":"post","link":"https:\/\/samantharadionline.com\/index.php\/2026\/03\/03\/mueren-418-personas-en-accidentes-viales-en-periodo-enero-y-febrero-de-este-ano\/","title":{"rendered":"Mueren 418 personas en accidentes viales en periodo enero y febrero de este a\u00f1o"},"content":{"rendered":"\n<p class=\"has-medium-font-size\"><em>Esta realidad se ha visto reflejada en las constantes publicaciones sobre accidentes vehiculares<\/em><\/p>\n\n\n\n<figure class=\"wp-block-image\"><img decoding=\"async\" src=\"https:\/\/listindiario.com\/files\/image_60_60\/uploads\/2025\/11\/13\/691634b9127af.jpeg\" alt=\"Avatar del Nayrobi Cruz\"\/><\/figure>\n\n\n\n<p><strong><em>\u00a0<\/em>Nayrobi Cruz, Santo Domingo, RD\u00a0<\/strong><\/p>\n\n\n\n<p id=\"m9974-9973-9975\">Seg\u00fan los datos presentados por el Observatorio Nacional del Registro Civil (Onarec), instituci\u00f3n que se encarga del an\u00e1lisis y transparencia de los procesos del&nbsp;<strong>Registro del Estado Civil<\/strong>, este a\u00f1o cuenta con un total de 9,028&nbsp;<strong>defunciones&nbsp;<\/strong>registradas de las cuales 418 corresponden a&nbsp;<strong>accidentes de tr\u00e1nsito<\/strong>.<\/p>\n\n\n\n<p id=\"m9979-9978-9980\">El feriado del D\u00eda de la Independencia estuvo marcado por diversos&nbsp;<strong>accidentes&nbsp;<\/strong>que provocaron la muerte de siete personas y m\u00e1s de 20 heridos.<\/p>\n\n\n\n<p id=\"m9984-9983-9985\">De acuerdo a las estad\u00edsticas que se encuentran organizadas por municipios y, cuya \u00faltima actualizaci\u00f3n fue el primero de marzo, los lugares que ocupan los primeros cinco puestos debido a que tienen un mayor n\u00famero de muertes son: Santiago de los Caballeros, con un total de 32 muertes; SDE, con 28; SDN, con 23; La Vega, con 19 y Bonao con 18 decesos.&nbsp;<\/p>\n\n\n\n<p id=\"m9989-9988-9990\">Asimismo, la tendencia de los datos presentes en la estad\u00edstica de&nbsp;<strong>Onarec&nbsp;<\/strong>se inclinan al g\u00e9nero masculino. El total de&nbsp;<strong>defunciones masculinas<\/strong>&nbsp;por&nbsp;<strong>accidentes viales<\/strong>&nbsp;ascienden a un total de 365 muertes lo que corresponde al 87.32% de los fallecimientos provocados por el peligro de las calles.<\/p>\n\n\n\n<p id=\"m9994-9993-9995\">En el caso de las mujeres, los n\u00fameros son menos alarmantes y es que el total correspondiente a los&nbsp;<strong>descensos femeninos<\/strong>&nbsp;son de 53 v\u00edctimas; lo que abarca el 12.68% de este tipo de muertes.<\/p>\n\n\n\n<h3 class=\"wp-block-heading\">Accidentes en 2026<\/h3>\n\n\n\n<p id=\"m9999-9998-10000\">A inicios de 2026, el Observatorio Permanente de Seguridad Vial advirti\u00f3 que los principales factores de riesgo en el transito son las colisiones m\u00faltiples y el horario nocturno.&nbsp;<\/p>\n\n\n\n<p id=\"m10004-10003-10005\">Esta realidad se ha visto reflejada en las constantes publicaciones sobre accidentes vehiculares registradas en distintos puntos del pa\u00eds durante los primeros meses del a\u00f1o.<\/p>\n\n\n\n<p id=\"m10009-10008-10010\">La avenida Circunvalaci\u00f3n Norte fue escenario del fallecimiento de una madre e hija, quienes se dirig\u00edan desde el sector Hato Mayor hacia Cienfuegos, en Santiago.&nbsp;<\/p>\n\n\n\n<p id=\"m10014-10013-10015\">Las v\u00edctimas fueron identificadas como Katherine Francisco, de 26 a\u00f1os, y Esther Francisco de un a\u00f1o. Adem\u00e1s, el accidente dej\u00f3 herido a dos menores de 11 y tres a\u00f1os.<\/p>\n\n\n\n<p id=\"m10019-10018-10020\">En Santo Domingo Oeste, en Herrera, Blasina Jos\u00e9 de B\u00e1ez de 50 a\u00f1os y Ana Rosa Carvajal de 83, resultaron heridas tras ser atropelladas por un hombre identificado como Aquilino Ramos.&nbsp;<\/p>\n\n\n\n<p id=\"m10024-10023-10025\">A Ramos se le fue impuesta una garant\u00eda econ\u00f3mica de un mill\u00f3n de peso, presentaci\u00f3n peri\u00f3dica e impedimento de salida como medidas de coerci\u00f3n.<\/p>\n\n\n\n<p id=\"m10029-10028-10030\">Seg\u00fan el expediente presentado por el fiscal Sandy Santana, Aquilino Ramos se encontraba en presunto estado de embriaguez al momento del hecho.<\/p>\n\n\n\n<p id=\"m10034-10033-10035\">En el cruce que comunica a los municipios Las Salinas en Barahona y Crist\u00f3bal, perteneciente a la provincia Independencia, dos personas perdieron la vida en un accidente vehicular.&nbsp;<\/p>\n\n\n\n<p id=\"m10039-10038-10040\">Seg\u00fan indica una nota, la v\u00eda presenta condiciones cr\u00edticas, lo que ha provocado diversas advertencias por parte de transportistas de la zona.<\/p>\n\n\n\n<p id=\"m10044-10043-10045\">El bolet\u00edn operativo del Centro de Operaciones de emergencias (COE) present\u00f3 el fallecimiento de una persona durante las celebraciones del D\u00eda de Nuestra Se\u00f1ora de la Altagracia.<\/p>\n\n\n\n<p id=\"m10049-10048-10050\">\u201cEn este Operativo Altagraciano se registraron seis accidentes de tr\u00e1nsito de los cuales dos por motocicletas, un carro y uno por autob\u00fas, una yipeta y una persona fallecida por accidentes de tr\u00e1nsito, fuera del dispositivo de seguridad\u201d, indic\u00f3 el COE en su bolet\u00edn del 22 de enero.<\/p>\n\n\n\n<p id=\"m10054-10053-10055\">El jueves 22 de enero sucedieron tres accidentes vehiculares en Santiago y en la autopista 6 de Noviembre.<\/p>\n","protected":false},"excerpt":{"rendered":"<p>Esta realidad se ha visto reflejada en las constantes publicaciones sobre accidentes vehiculares \u00a0Nayrobi Cruz,<\/p>\n","protected":false},"author":1,"featured_media":23529,"comment_status":"open","ping_status":"open","sticky":false,"template":"","format":"standard","meta":{"footnotes":""},"categories":[12],"tags":[],"class_list":["post-23528","post","type-post","status-publish","format-standard","has-post-thumbnail","hentry","category-nacionales"],"_links":{"self":[{"href":"https:\/\/samantharadionline.com\/index.php\/wp-json\/wp\/v2\/posts\/23528","targetHints":{"allow":["GET"]}}],"collection":[{"href":"https:\/\/samantharadionline.com\/index.php\/wp-json\/wp\/v2\/posts"}],"about":[{"href":"https:\/\/samantharadionline.com\/index.php\/wp-json\/wp\/v2\/types\/post"}],"author":[{"embeddable":true,"href":"https:\/\/samantharadionline.com\/index.php\/wp-json\/wp\/v2\/users\/1"}],"replies":[{"embeddable":true,"href":"https:\/\/samantharadionline.com\/index.php\/wp-json\/wp\/v2\/comments?post=23528"}],"version-history":[{"count":1,"href":"https:\/\/samantharadionline.com\/index.php\/wp-json\/wp\/v2\/posts\/23528\/revisions"}],"predecessor-version":[{"id":23530,"href":"https:\/\/samantharadionline.com\/index.php\/wp-json\/wp\/v2\/posts\/23528\/revisions\/23530"}],"wp:featuredmedia":[{"embeddable":true,"href":"https:\/\/samantharadionline.com\/index.php\/wp-json\/wp\/v2\/media\/23529"}],"wp:attachment":[{"href":"https:\/\/samantharadionline.com\/index.php\/wp-json\/wp\/v2\/media?parent=23528"}],"wp:term":[{"taxonomy":"category","embeddable":true,"href":"https:\/\/samantharadionline.com\/index.php\/wp-json\/wp\/v2\/categories?post=23528"},{"taxonomy":"post_tag","embeddable":true,"href":"https:\/\/samantharadionline.com\/index.php\/wp-json\/wp\/v2\/tags?post=23528"}],"curies":[{"name":"wp","href":"https:\/\/api.w.org\/{rel}","templated":true}]}}