{"id":23135,"date":"2026-02-15T09:15:25","date_gmt":"2026-02-15T13:15:25","guid":{"rendered":"https:\/\/samantharadionline.com\/?p=23135"},"modified":"2026-02-15T09:15:26","modified_gmt":"2026-02-15T13:15:26","slug":"lula-busca-la-reeleccion-en-octubre","status":"publish","type":"post","link":"https:\/\/samantharadionline.com\/index.php\/2026\/02\/15\/lula-busca-la-reeleccion-en-octubre\/","title":{"rendered":"Lula  busca la reelecci\u00f3n en octubre"},"content":{"rendered":"\n<p class=\"has-medium-font-size\"><em>El carnaval empieza este domingo, dedicado a exaltar la figura del presidente brasile\u00f1o. En un a\u00f1o electoral en el que Lula busca su reelecci\u00f3n, desde la oposici\u00f3n denuncian proselitismo financiado con dineros p\u00fablicos<\/em><\/p>\n\n\n\n<p><strong>R F I, Brasil.<\/strong><\/p>\n\n\n\n<p id=\"m112918-112917-112919\"><strong>El Carnaval de R\u00edo de Janeiro en Brasil<\/strong>&nbsp;arranca este viernes con pol\u00e9mica. Una de las escuelas de samba que desfilan en el Samb\u00f3dromo decidi\u00f3 hacer un homenaje al<strong>&nbsp;presidente Lula da Silva<\/strong>. Las carrozas, disfraces, la canci\u00f3n\u2026 todo estar\u00e1 dedicado a exaltar su biograf\u00eda.<\/p>\n\n\n\n<p id=\"m112923-112922-112924\">Un partido de la oposici\u00f3n, el partido Novo, recurri\u00f3 a la Justicia alegando que podr\u00eda tratarse de un delito electoral por campa\u00f1a anticipada. Recordemos que<strong>&nbsp;Brasil celebra elecciones presidenciales en octubre<\/strong>&nbsp;y Lula parte como favorito en las encuestas.<\/p>\n\n\n\n<p id=\"m112928-112927-112929\">El partido alegaba que las escuelas de samba reciben ayudas de dinero p\u00fablico, por lo que habr\u00eda conflicto de inter\u00e9s y&nbsp;<strong>Lula se estar\u00eda beneficiando de toda la exposici\u00f3n medi\u00e1tica que tendr\u00e1 el desfile<\/strong>.<\/p>\n\n\n\n<p id=\"m112933-112932-112934\">\u00abNo es propaganda, es un homenaje. Mucha gente de nuestra escuela logr\u00f3 formarse gracias a las pol\u00edticas p\u00fablicas del presidente\u00bb, declar\u00f3 Hamilton Junior, uno de los directores de Acad\u00e9micos.<\/p>\n\n\n\n<p id=\"m112938-112937-112939\">Durante el ensayo abierto al p\u00fablico, una gran pantalla sobre un cami\u00f3n mostr\u00f3 im\u00e1genes montadas del expresidente Jair Bolsonaro con uniforme de presidiario o con las manos manchadas de sangre.<\/p>\n\n\n\n<p id=\"m112943-112942-112944\">De momento, la Justicia Electoral ha desestimado el recurso y ha dicho que habr\u00e1 que esperar a ver qu\u00e9 ocurrir\u00e1 durante el desfile, el domingo por la noche.<\/p>\n\n\n\n<p id=\"m112948-112947-112949\">Lo que s\u00ed se sabe es que Lula estar\u00e1 presente en un palco en la grada del Samb\u00f3dromo y que su esposa, la primera dama Janja da Silva, desfilar\u00e1 entre los miles de integrantes.<\/p>\n\n\n\n<p id=\"m112953-112952-112954\">M\u00e1s all\u00e1 de la intriga por el desfile dedicado a Lula el Carnaval de R\u00edo arranca este viernes con altas temperaturas y la ceremonia de entrega de las llaves a la ciudad al rey Momo.<\/p>\n\n\n\n<p id=\"m112958-112957-112959\">A partir de ah\u00ed, cinco noches de desfiles en el Samb\u00f3dromo, m\u00e1s de 500 comparsas callejeras en las calles y unos siete millones de personas tomando la ciudad, seg\u00fan estimaciones de la alcald\u00eda.<\/p>\n","protected":false},"excerpt":{"rendered":"<p>El carnaval empieza este domingo, dedicado a exaltar la figura del presidente brasile\u00f1o. En un<\/p>\n","protected":false},"author":1,"featured_media":23136,"comment_status":"open","ping_status":"open","sticky":false,"template":"","format":"standard","meta":{"footnotes":""},"categories":[4],"tags":[],"class_list":["post-23135","post","type-post","status-publish","format-standard","has-post-thumbnail","hentry","category-mundiales"],"_links":{"self":[{"href":"https:\/\/samantharadionline.com\/index.php\/wp-json\/wp\/v2\/posts\/23135","targetHints":{"allow":["GET"]}}],"collection":[{"href":"https:\/\/samantharadionline.com\/index.php\/wp-json\/wp\/v2\/posts"}],"about":[{"href":"https:\/\/samantharadionline.com\/index.php\/wp-json\/wp\/v2\/types\/post"}],"author":[{"embeddable":true,"href":"https:\/\/samantharadionline.com\/index.php\/wp-json\/wp\/v2\/users\/1"}],"replies":[{"embeddable":true,"href":"https:\/\/samantharadionline.com\/index.php\/wp-json\/wp\/v2\/comments?post=23135"}],"version-history":[{"count":1,"href":"https:\/\/samantharadionline.com\/index.php\/wp-json\/wp\/v2\/posts\/23135\/revisions"}],"predecessor-version":[{"id":23137,"href":"https:\/\/samantharadionline.com\/index.php\/wp-json\/wp\/v2\/posts\/23135\/revisions\/23137"}],"wp:featuredmedia":[{"embeddable":true,"href":"https:\/\/samantharadionline.com\/index.php\/wp-json\/wp\/v2\/media\/23136"}],"wp:attachment":[{"href":"https:\/\/samantharadionline.com\/index.php\/wp-json\/wp\/v2\/media?parent=23135"}],"wp:term":[{"taxonomy":"category","embeddable":true,"href":"https:\/\/samantharadionline.com\/index.php\/wp-json\/wp\/v2\/categories?post=23135"},{"taxonomy":"post_tag","embeddable":true,"href":"https:\/\/samantharadionline.com\/index.php\/wp-json\/wp\/v2\/tags?post=23135"}],"curies":[{"name":"wp","href":"https:\/\/api.w.org\/{rel}","templated":true}]}}