{"id":22873,"date":"2026-02-02T20:04:03","date_gmt":"2026-02-03T00:04:03","guid":{"rendered":"https:\/\/samantharadionline.com\/?p=22873"},"modified":"2026-02-02T20:04:03","modified_gmt":"2026-02-03T00:04:03","slug":"envian-a-prision-a-joven-acusada-de-ultimar-a-su-hermana-en-sfm","status":"publish","type":"post","link":"https:\/\/samantharadionline.com\/index.php\/2026\/02\/02\/envian-a-prision-a-joven-acusada-de-ultimar-a-su-hermana-en-sfm\/","title":{"rendered":"Env\u00edan a prisi\u00f3n a joven acusada de ultimar a su hermana en SFM"},"content":{"rendered":"\n<p class=\"has-medium-font-size\"><em>El hecho ocurri\u00f3 la noche del 28 de enero, en el sector Ta\u00edna, San Francisco de Macor\u00eds, Provincia Duarte, donde se produjo un altercado entre ambas hermanas, Anelsy Ceballos y Ankelsy Valerio<\/em><\/p>\n\n\n\n<p><strong><em>\u00a0<\/em>Hensy Mart\u00ednez,\u00a0Rafelina Hidalgo, Hermanas Mirabal, RD.\u00a0<\/strong><\/p>\n\n\n\n<p id=\"m14587-14586-14588\">La Oficina Judicial de Servicios de Atenci\u00f3n Permanente de&nbsp;<strong>San Francisco de Macor\u00eds<\/strong>&nbsp;impuso tres meses de&nbsp;<strong>prisi\u00f3n preventiva<\/strong>&nbsp;como medida de coerci\u00f3n contra&nbsp;<strong>Ankelsy Valerio De Jes\u00fas<\/strong>, acusada de causar la muerte por heridas de bala a su hermana&nbsp;<strong>Anelsy Ceballos De Jes\u00fas<\/strong>, de 13 a\u00f1os de edad.<\/p>\n\n\n\n<p id=\"m14592-14591-14593\">La imputada deber\u00e1 cumplir la medida en la&nbsp;<strong>Fortaleza Juana N\u00fa\u00f1ez<\/strong>, ubicada en el municipio de Salcedo, mientras el Ministerio P\u00fablico contin\u00faa el proceso de investigaci\u00f3n y re\u00fane los elementos probatorios para la presentaci\u00f3n del acto conclusivo.<\/p>\n\n\n\n<p id=\"m14597-14596-14598\"><strong>Freddy Fa\u00f1a<\/strong>, abogado de la acusada, ofreci\u00f3 detalles sobre algunas de las pruebas incorporadas al expediente, las cuales, seg\u00fan indic\u00f3, arrojan datos relevantes sobre el caso.<\/p>\n\n\n\n<p id=\"m14602-14601-14603\">\u201cEn la solicitud ha salido a relucir una certificaci\u00f3n que establece que la joven recibi\u00f3 un solo impacto de bala, y no varios, como se ha dicho\u201d, declar\u00f3 el jurista.<\/p>\n\n\n\n<p id=\"m14607-14606-14608\">Asimismo, Fa\u00f1a se\u00f1al\u00f3 que seg\u00fan la declaraci\u00f3n de un testigo, la imputada tambi\u00e9n result\u00f3 herida en el momento en que ocurrieron los hechos.<\/p>\n\n\n\n<p id=\"m14612-14611-14613\">En otro aspecto, el abogado inform\u00f3 que&nbsp;<strong>la madre de ambas j\u00f3venes no compareci\u00f3 a la audiencia<\/strong>&nbsp;y decidi\u00f3 no constituirse como querellante ni denunciante dentro del proceso judicial.<\/p>\n\n\n\n<h3 class=\"wp-block-heading\">El suceso<\/h3>\n\n\n\n<p id=\"m14617-14616-14618\">El hecho ocurri\u00f3 la noche del 28 de enero, en el sector Ta\u00edna,&nbsp;<strong>San Francisco de Macor\u00eds<\/strong>, Provincia Duarte, donde se produjo un altercado entre ambas hermanas, Anelsy Ceballos y Ankelsy Valerio.<\/p>\n\n\n\n<p id=\"m14622-14621-14623\">Seg\u00fan alega Ankelsy, su cu\u00f1ado ,&nbsp;<strong>Enmanuel Nu\u00f1ez<\/strong>, maltrataba a su hermana menor por lo que ella intent\u00f3 defenderla de sus abusos, con quien tambi\u00e9n hab\u00eda tenido discusiones previas por lo mismo.<\/p>\n\n\n\n<p id=\"m14627-14626-14628\">La joven narr\u00f3 que al momento del altercado con su cu\u00f1ado, se acord\u00f3 de un arma que hab\u00eda encontrado en una casa abandonada y cuando la us\u00f3 nunca fue con intenci\u00f3n de herir a su hermana, sino en contra de su cu\u00f1ado.<\/p>\n\n\n\n<p id=\"m14632-14631-14633\">Al momento de la hermana ver que ella iba a disparar se coloc\u00f3 de escudo recibiendo el impacto de bala.<\/p>\n","protected":false},"excerpt":{"rendered":"<p>El hecho ocurri\u00f3 la noche del 28 de enero, en el sector Ta\u00edna, San Francisco<\/p>\n","protected":false},"author":1,"featured_media":22874,"comment_status":"open","ping_status":"open","sticky":false,"template":"","format":"standard","meta":{"footnotes":""},"categories":[12],"tags":[],"class_list":["post-22873","post","type-post","status-publish","format-standard","has-post-thumbnail","hentry","category-nacionales"],"_links":{"self":[{"href":"https:\/\/samantharadionline.com\/index.php\/wp-json\/wp\/v2\/posts\/22873","targetHints":{"allow":["GET"]}}],"collection":[{"href":"https:\/\/samantharadionline.com\/index.php\/wp-json\/wp\/v2\/posts"}],"about":[{"href":"https:\/\/samantharadionline.com\/index.php\/wp-json\/wp\/v2\/types\/post"}],"author":[{"embeddable":true,"href":"https:\/\/samantharadionline.com\/index.php\/wp-json\/wp\/v2\/users\/1"}],"replies":[{"embeddable":true,"href":"https:\/\/samantharadionline.com\/index.php\/wp-json\/wp\/v2\/comments?post=22873"}],"version-history":[{"count":1,"href":"https:\/\/samantharadionline.com\/index.php\/wp-json\/wp\/v2\/posts\/22873\/revisions"}],"predecessor-version":[{"id":22875,"href":"https:\/\/samantharadionline.com\/index.php\/wp-json\/wp\/v2\/posts\/22873\/revisions\/22875"}],"wp:featuredmedia":[{"embeddable":true,"href":"https:\/\/samantharadionline.com\/index.php\/wp-json\/wp\/v2\/media\/22874"}],"wp:attachment":[{"href":"https:\/\/samantharadionline.com\/index.php\/wp-json\/wp\/v2\/media?parent=22873"}],"wp:term":[{"taxonomy":"category","embeddable":true,"href":"https:\/\/samantharadionline.com\/index.php\/wp-json\/wp\/v2\/categories?post=22873"},{"taxonomy":"post_tag","embeddable":true,"href":"https:\/\/samantharadionline.com\/index.php\/wp-json\/wp\/v2\/tags?post=22873"}],"curies":[{"name":"wp","href":"https:\/\/api.w.org\/{rel}","templated":true}]}}