{"id":22870,"date":"2026-02-02T20:01:49","date_gmt":"2026-02-03T00:01:49","guid":{"rendered":"https:\/\/samantharadionline.com\/?p=22870"},"modified":"2026-02-02T20:01:49","modified_gmt":"2026-02-03T00:01:49","slug":"abinader-felicita-a-la-presidenta-electa-de-costa-rica-la-derechista-laura-fernandez","status":"publish","type":"post","link":"https:\/\/samantharadionline.com\/index.php\/2026\/02\/02\/abinader-felicita-a-la-presidenta-electa-de-costa-rica-la-derechista-laura-fernandez\/","title":{"rendered":"Abinader felicita a la presidenta electa de Costa Rica, la derechista Laura Fern\u00e1ndez"},"content":{"rendered":"\n<p class=\"has-medium-font-size\"><em>La derechista ocupar\u00e1 la posici\u00f3n el pr\u00f3ximo 8 de mayo, para el periodo 2026-2030<\/em><\/p>\n\n\n\n<p><strong>LD, Santo Domingo, RD.\u00a0<\/strong><\/p>\n\n\n\n<p id=\"m77376-77375-77377\">El presidente Luis Abinader, quien se encuentra en Dub\u00e1i, Emiratos \u00c1rabes Unidos, felicit\u00f3 a trav\u00e9s de la red social de X (antiguo Twitter) a la presidenta electa de Costa Rica, Laura Fern\u00e1ndez, quien alcanz\u00f3 la victoria con el 48,3% de los votos.<\/p>\n\n\n\n<p id=\"m77381-77380-77382\">Esta polit\u00f3loga, derechista ocupar\u00e1 la posici\u00f3n el pr\u00f3ximo&nbsp;<strong>8 de mayo, para el periodo 2026-2030<\/strong>.<\/p>\n\n\n\n<p id=\"m77386-77385-77387\">En el escrito Abinader reiter\u00f3 el compromiso de Rep\u00fablica Dominicana de seguir trabando con&nbsp;<strong>Costa Rica en Alianza para el Desarrollo en Democracia.<\/strong><\/p>\n\n\n\n<p id=\"m77391-77390-77392\">\u201cMis felicitaciones a la presidenta electa de Costa Rica, @laurapresi2026, por su victoria con amplio respaldo popular, y por la ejemplar participaci\u00f3n ciudadana. Reitero nuestro compromiso de seguir consolidando nuestra Alianza para el Desarrollo en Democracia, como hemos hecho con el presidente @RodrigoChavesR\u201d, escribi\u00f3.<\/p>\n\n\n\n<p id=\"m77396-77395-77397\">Desde septiembre de 2021, Costa Rica, Panam\u00e1 y Rep\u00fablica Dominicana han firmado varios compromisos frente a desaf\u00edos de la regi\u00f3n, en especial la&nbsp;<strong>situaci\u00f3n de Hait\u00ed, Venezuela y Nicaragua,<\/strong>&nbsp;bajo el nombre de Alianza para el Desarrollo en Democracia (ADD).&nbsp;<\/p>\n\n\n\n<p id=\"m77401-77400-77402\">En 2022 a esta iniciativa se uni\u00f3 m\u00e1s adelante&nbsp;<strong>Ecuador.<\/strong><\/p>\n\n\n\n<p id=\"m77406-77405-77407\">La nueva presidenta electa de Costa Rica, ha manifestado con sus 39 a\u00f1os, que el cambio en su pa\u00eds&nbsp;<strong>\u201cser\u00e1 profundo e irreversible<\/strong>\u201d, adem\u00e1s de que cambiar\u00e1n \u201cciertas reglas del juego pol\u00edtico\u201d.&nbsp;<\/p>\n","protected":false},"excerpt":{"rendered":"<p>La derechista ocupar\u00e1 la posici\u00f3n el pr\u00f3ximo 8 de mayo, para el periodo 2026-2030 LD,<\/p>\n","protected":false},"author":1,"featured_media":22871,"comment_status":"open","ping_status":"open","sticky":false,"template":"","format":"standard","meta":{"footnotes":""},"categories":[12],"tags":[],"class_list":["post-22870","post","type-post","status-publish","format-standard","has-post-thumbnail","hentry","category-nacionales"],"_links":{"self":[{"href":"https:\/\/samantharadionline.com\/index.php\/wp-json\/wp\/v2\/posts\/22870","targetHints":{"allow":["GET"]}}],"collection":[{"href":"https:\/\/samantharadionline.com\/index.php\/wp-json\/wp\/v2\/posts"}],"about":[{"href":"https:\/\/samantharadionline.com\/index.php\/wp-json\/wp\/v2\/types\/post"}],"author":[{"embeddable":true,"href":"https:\/\/samantharadionline.com\/index.php\/wp-json\/wp\/v2\/users\/1"}],"replies":[{"embeddable":true,"href":"https:\/\/samantharadionline.com\/index.php\/wp-json\/wp\/v2\/comments?post=22870"}],"version-history":[{"count":1,"href":"https:\/\/samantharadionline.com\/index.php\/wp-json\/wp\/v2\/posts\/22870\/revisions"}],"predecessor-version":[{"id":22872,"href":"https:\/\/samantharadionline.com\/index.php\/wp-json\/wp\/v2\/posts\/22870\/revisions\/22872"}],"wp:featuredmedia":[{"embeddable":true,"href":"https:\/\/samantharadionline.com\/index.php\/wp-json\/wp\/v2\/media\/22871"}],"wp:attachment":[{"href":"https:\/\/samantharadionline.com\/index.php\/wp-json\/wp\/v2\/media?parent=22870"}],"wp:term":[{"taxonomy":"category","embeddable":true,"href":"https:\/\/samantharadionline.com\/index.php\/wp-json\/wp\/v2\/categories?post=22870"},{"taxonomy":"post_tag","embeddable":true,"href":"https:\/\/samantharadionline.com\/index.php\/wp-json\/wp\/v2\/tags?post=22870"}],"curies":[{"name":"wp","href":"https:\/\/api.w.org\/{rel}","templated":true}]}}