{"id":22788,"date":"2026-01-30T09:24:50","date_gmt":"2026-01-30T13:24:50","guid":{"rendered":"https:\/\/samantharadionline.com\/?p=22788"},"modified":"2026-01-30T09:24:51","modified_gmt":"2026-01-30T13:24:51","slug":"explican-por-que-ambulancias-permanecen-en-emergencia","status":"publish","type":"post","link":"https:\/\/samantharadionline.com\/index.php\/2026\/01\/30\/explican-por-que-ambulancias-permanecen-en-emergencia\/","title":{"rendered":"Explican por qu\u00e9 ambulancias permanecen en emergencia"},"content":{"rendered":"\n<p class=\"has-medium-font-size\"><em>Jos\u00e9 Luis Bautista, director del hospital Jos\u00e9 Mar\u00eda Cabral y B\u00e1ez, destac\u00f3 que el equipo que dirige est\u00e1 enfocado en brindar servicios con calidad a los pacientes<\/em><\/p>\n\n\n\n<figure class=\"wp-block-image\"><img decoding=\"async\" src=\"https:\/\/listindiario.com\/files\/image_60_60\/uploads\/2025\/12\/22\/6949aeae91960.jpeg\" alt=\"Avatar del Hensy Mart\u00ednez\"\/><\/figure>\n\n\n\n<p><strong><em>\u00a0<\/em>Hensy Mart\u00ednez, Santiago, RD\u00a0<\/strong><\/p>\n\n\n\n<p id=\"m25890-25889-25891\">Ante la denuncia realizada por List\u00edn Diario sobre la retenci\u00f3n de ambulancias del Sistema Nacional de Atenci\u00f3n a&nbsp;<strong>Emergencias&nbsp;<\/strong>y Seguridad&nbsp;<strong>911<\/strong>, la Cruz Roja y otras entidades en el \u00e1rea de emergencias del Hospital Regional Universitario<strong>&nbsp;Jos\u00e9 Mar\u00eda Cabral<\/strong>&nbsp;y&nbsp;<strong>Baez<\/strong>,&nbsp;<strong>Jos\u00e9 Luis Bautista Sosa<\/strong>, director del centro, explic\u00f3 que esta situaci\u00f3n responde a la alta demanda que tiene el hospital por ser un centro de referencia para la regi\u00f3n.<\/p>\n\n\n\n<p id=\"m25895-25894-25896\">\u201cNosotros estamos prestos a brindar los servicios de calidad y humanizados; pero ustedes saben que este hospital recibe pacientes de las 14 provincias, podemos poner cien camas y las cien camas las vamos a llenar\u201d, explic\u00f3.<\/p>\n\n\n\n<p id=\"m25900-25899-25901\">Bautista destac\u00f3 que el equipo que dirige est\u00e1 enfocado en dar los servicios con calidad, ya que entiende que la demanda del centro es tan alta que es muy dif\u00edcil suplirla.<\/p>\n\n\n\n<p id=\"m25905-25904-25906\">\u201cLa poblaci\u00f3n debe de entender que el gran flujo de pacientes que viene ac\u00e1, quiz\u00e1s no podemos darle una respuesta inmediata y eso nos hace retrasar un poquito lo que es ofrecerle una cama desde que llega\u201d, enfatiz\u00f3 el director del centro.<\/p>\n\n\n\n<p id=\"m25910-25909-25911\">En cuanto al uso de las&nbsp;<strong>camillas&nbsp;<\/strong>de las&nbsp;<strong>ambulancias&nbsp;<\/strong>dentro del hospital, Bautista explic\u00f3 que hay un protocolo a seguir desde que el paciente llega a la emergencia.<\/p>\n\n\n\n<p id=\"m25915-25914-25916\">\u201cNosotros, primero tenemos que evaluar el paciente, luego de que se eval\u00faa determinamos si se ingresa o no se ingresa, pero ese paciente si no est\u00e1 la camilla disponible lo dejamos dentro de la emergencia en la camilla de la ambulancia\u201d, afirm\u00f3.<\/p>\n\n\n\n<p id=\"m25920-25919-25921\">Bautista manifest\u00f3 que los pacientes permanecen en las camillas de las ambulancias, y por ende, las ambulancias son retenidas durante el tiempo que sea necesario para completar las evaluaciones m\u00e9dicas, proceso que se realiza sino tienen camillas disponibles, a fin de evitar posibles lesiones adicionales. \u201cEs preferible que en esa misma camilla nosotros vamos y le hacemos los estudios y ya luego, si se determina que se va a ingresar, lo colocamos en una camilla nuestra y se despacha la ambulancia\u201d, explic\u00f3.<\/p>\n\n\n\n<h3 class=\"wp-block-heading\">pacientes referidos&nbsp;<\/h3>\n\n\n\n<p id=\"m25925-25924-25926\">Explic\u00f3 que los pacientes pueden llegar al Cabral y B\u00e1ez por una emergencia o porque son referidos y en ambos casos el protocolo es distinto.<\/p>\n\n\n\n<p id=\"m25930-25929-25931\">\u201cEntiendan que hay dos formas de que los pacientes puedan llegar ac\u00e1, una es por el 911 y otra por el CRUE. El CRUE s\u00ed planifica los traslados hacia el hospital, cuando llegan esos pacientes nosotros s\u00ed tenemos que tener una cama para ese paciente porque ya fue coordinado. Ahora bien si el paciente nos llega con una ambulancia privada, muchas veces ventilado yo no tengo ese cub\u00edculo disponible, tengo que retener un poco ese paciente ah\u00ed hasta que yo pueda organizar ese espacio donde se va a poner ese paciente\u201d.<\/p>\n\n\n\n<p id=\"m25935-25934-25936\">En el caso planteado por este medio, de un paciente referido desde el hospital de Navarrete y que la ambulancia que lo traslad\u00f3 permaneci\u00f3 en el centro desde las 9:00 de la ma\u00f1ana hasta pasada a las 4:00 de la tarde, explic\u00f3 que no se agotaron los protocolos antes de ser trasladado.<\/p>\n\n\n\n<p id=\"m25940-25939-25941\">\u201cEse paciente que hace referencia de Navarrete no estaba coordinado con nuestra instituci\u00f3n para ese traslado en ese momento, entonces hubo un fallo en coordinar ese traslado desde Navarrete para referirnos ese paciente al hospital Jos\u00e9 Mar\u00eda Cabral y B\u00e1ez, pero a\u00fan as\u00ed se le brind\u00f3 la atenci\u00f3n m\u00e9dica\u201d.<\/p>\n\n\n\n<h3 class=\"wp-block-heading\">otras ambulancias&nbsp;<\/h3>\n\n\n\n<p id=\"m25945-25944-25946\">Al culminar la exposici\u00f3n del director del hospital, este medio se percat\u00f3 de dos ambulancias que permanec\u00edan aparcadas en el \u00e1rea de emergencia, de la cuales una acababa de llegar y la otra, se encontraba en el lugar desde antes de iniciado del encuentro con los medios.<\/p>\n\n\n\n<p id=\"m25950-25949-25951\">Adem\u00e1s, el director explic\u00f3 que muchos pacientes llegan con la expectativa de contar con una cama de inmediato, lo cual, admiti\u00f3, no siempre es posible debido a la alta ocupaci\u00f3n.<\/p>\n\n\n\n<p id=\"m25955-25954-25956\">\u201cLas camas est\u00e1n para el primer paciente que llegue; si est\u00e1n disponibles, no se van a guardar para ning\u00fan paciente privado\u201d, puntualiz\u00f3.<\/p>\n\n\n\n<h3 class=\"wp-block-heading\">pacientes extranjeros&nbsp;<\/h3>\n\n\n\n<p id=\"m25960-25959-25961\">Finalmente, Bautista Sosa se refiri\u00f3 al tema del cobro a extranjeros, se\u00f1alando que todo paciente tiene garantizado el acceso a los servicios de salud, aunque en el caso de los ciudadanos de otros pa\u00edses se les aplica una cuota de recuperaci\u00f3n.<\/p>\n\n\n\n<p id=\"m25965-25964-25966\">Indic\u00f3 que los montos var\u00edan seg\u00fan el tipo de atenci\u00f3n, estableciendo tarifas como RD$2,500 por emergencias y RD$3,500 por d\u00eda cama, lo que incluye medicamentos, alimentaci\u00f3n y servicios b\u00e1sicos.<\/p>\n\n\n\n<p id=\"m25970-25969-25971\">\u201cEs una cuota m\u00ednima para decir que se est\u00e1 cobrando algo\u201d, concluy\u00f3.<\/p>\n\n\n\n<h3 class=\"wp-block-heading\">protocolo del 911<\/h3>\n\n\n\n<p id=\"m25975-25974-25976\">El protocolo que sigue el personal que trabaja en la ambulancia, ya sea del 911 o de la Cruz Roja, indica que no pueden ni deben moverse del lugar hasta que su paciente sea recibid, esto implica que deben permencer all\u00ed, por horas inexactas.<\/p>\n\n\n\n<p id=\"m25980-25979-25981\">\u201cSi se vac\u00eda una camilla en la emergencia, nosotros presionamos para que nos reciban, porque si no, se olvidan de ti, puedes pasar el d\u00eda entero esperando\u201d, expres\u00f3 un miembro del servicio de ambulancias, cuya identidad es resguardada por motivos de seguridad.<\/p>\n\n\n\n<p id=\"m25985-25984-25986\">\u201cMuchas veces llevamos a los pacientes y no tienen ox\u00edgeno en la emergencia. Uno trae el paciente, tomando el riesgo de venir r\u00e1pido, y ellos lo dejan ah\u00ed en una camilla, a veces no le hacen ni caso al paciente\u201d, indic\u00f3.<\/p>\n\n\n\n<p id=\"m25990-25989-25991\">Personal de ambulancias explicaron a este medio que antes de llegar al Cabral y B\u00e1ez con un paciente trasferido, el centro de salud hace la gesti\u00f3n primero, asegur\u00e1ndose que el hospital de tercer nivel tiene el espacio y las condiciones para recibirlo. Sin embargo, cuando llegan, no son recibidos de inmediato.<\/p>\n\n\n\n<p id=\"m25995-25994-25996\">\u201cLlaman primero, aqu\u00ed te dicen que s\u00ed, que lo mandes y cuando uno llega, nadie est\u00e1 esperando. Saben que lo tienen que recibir, pero no lo hacen\u201d, puntualizaron.<\/p>\n\n\n\n<p id=\"m26000-25999-26001\">Aseguraron que esta situaci\u00f3n se replica en la mayor\u00eda de hospitales p\u00fablicos de Santiago y otras partes. En las cl\u00ednicas privadas, lo m\u00e1ximo que una ambulancia puede esperar es media hora.<\/p>\n\n\n\n<p id=\"m26005-26004-26006\">Asimismo, establecieron que la excepci\u00f3n se presenta solo en la maternidad del Hospital Presidente Estella Ure\u00f1a y el Hospital Infantil Regional Universitario doctor Arturo Grull\u00f3n, debido a que las embarazadas y ni\u00f1os siempre son prioritarios.<\/p>\n\n\n\n<p>Hospital&nbsp;<\/p>\n\n\n\n<h3 class=\"wp-block-heading\">\u00c1reas hospitalarias&nbsp;<\/h3>\n\n\n\n<p><strong>Capacidad.<\/strong><br>Autoridades del centro de salud presentaron durante el recorrido realizado con la prensa, las innovaciones de diferentes \u00e1reas como la Emergencia, Hemodinamia y Odontolog\u00eda, las cuales cuentan con equipaciones totalmente nuevas.<br><br><strong>Disponibles.<\/strong><br>El \u00e1rea de emergencia cuenta con un total de 33 camas disponibles, de las cuales 25 pertenecen a observaci\u00f3n de emergencia, 5 para la recepci\u00f3n de pacientes y otras tres distribiudas entre triage y rayos X.<\/p>\n","protected":false},"excerpt":{"rendered":"<p>Jos\u00e9 Luis Bautista, director del hospital Jos\u00e9 Mar\u00eda Cabral y B\u00e1ez, destac\u00f3 que el equipo<\/p>\n","protected":false},"author":1,"featured_media":22789,"comment_status":"open","ping_status":"open","sticky":false,"template":"","format":"standard","meta":{"footnotes":""},"categories":[12],"tags":[],"class_list":["post-22788","post","type-post","status-publish","format-standard","has-post-thumbnail","hentry","category-nacionales"],"_links":{"self":[{"href":"https:\/\/samantharadionline.com\/index.php\/wp-json\/wp\/v2\/posts\/22788","targetHints":{"allow":["GET"]}}],"collection":[{"href":"https:\/\/samantharadionline.com\/index.php\/wp-json\/wp\/v2\/posts"}],"about":[{"href":"https:\/\/samantharadionline.com\/index.php\/wp-json\/wp\/v2\/types\/post"}],"author":[{"embeddable":true,"href":"https:\/\/samantharadionline.com\/index.php\/wp-json\/wp\/v2\/users\/1"}],"replies":[{"embeddable":true,"href":"https:\/\/samantharadionline.com\/index.php\/wp-json\/wp\/v2\/comments?post=22788"}],"version-history":[{"count":1,"href":"https:\/\/samantharadionline.com\/index.php\/wp-json\/wp\/v2\/posts\/22788\/revisions"}],"predecessor-version":[{"id":22790,"href":"https:\/\/samantharadionline.com\/index.php\/wp-json\/wp\/v2\/posts\/22788\/revisions\/22790"}],"wp:featuredmedia":[{"embeddable":true,"href":"https:\/\/samantharadionline.com\/index.php\/wp-json\/wp\/v2\/media\/22789"}],"wp:attachment":[{"href":"https:\/\/samantharadionline.com\/index.php\/wp-json\/wp\/v2\/media?parent=22788"}],"wp:term":[{"taxonomy":"category","embeddable":true,"href":"https:\/\/samantharadionline.com\/index.php\/wp-json\/wp\/v2\/categories?post=22788"},{"taxonomy":"post_tag","embeddable":true,"href":"https:\/\/samantharadionline.com\/index.php\/wp-json\/wp\/v2\/tags?post=22788"}],"curies":[{"name":"wp","href":"https:\/\/api.w.org\/{rel}","templated":true}]}}