{"id":22780,"date":"2026-01-30T09:17:05","date_gmt":"2026-01-30T13:17:05","guid":{"rendered":"https:\/\/samantharadionline.com\/?p=22780"},"modified":"2026-01-30T09:17:06","modified_gmt":"2026-01-30T13:17:06","slug":"pronostican-clima-soleado-para-hoy-viernes","status":"publish","type":"post","link":"https:\/\/samantharadionline.com\/index.php\/2026\/01\/30\/pronostican-clima-soleado-para-hoy-viernes\/","title":{"rendered":"Pronostican clima soleado para hoy viernes"},"content":{"rendered":"\n<p class=\"has-medium-font-size\"><em>Las temperaturas se sentir\u00e1n calurosas durante el d\u00eda y durante la noche y madrugada estar\u00e1n entre agradables y frescas<\/em><\/p>\n\n\n\n<p><strong>RLD, Santo Domingo, RD<\/strong><\/p>\n\n\n\n<p id=\"m57787-57786-57788\">El&nbsp;<strong>Instituto Dominicano de Meteorolog\u00eda<\/strong>&nbsp;(Indomet) inform\u00f3 que hoy viernes un&nbsp;<strong>clima soleado&nbsp;<\/strong>y con escasas precipitaciones se presentar\u00e1 en el pa\u00eds mientras que las la Altagracia, El Seibo, La Romana, San Pedro de Macor\u00eds,&nbsp;<strong>Santo Domingo<\/strong>, San Crist\u00f3bal, Peravia, contar\u00e1n con&nbsp;<strong>chubascos locales<\/strong>&nbsp;al final de la tarde y durante la noche.<\/p>\n\n\n\n<p id=\"m57792-57791-57793\">Las temperaturas se sentir\u00e1n calurosas durante el d\u00eda y durante la noche y madrugada estar\u00e1n entre agradables y frescas con presencia de nieblas o neblinas matutinas en las zonas monta\u00f1osa y valles del interior.<\/p>\n\n\n\n<p id=\"m57797-57796-57798\">La m\u00ednima ser\u00e1 entre 21 \u00b0C y 23 \u00b0C y la m\u00e1xima entre 30 \u00b0C y 32 \u00b0C<\/p>\n\n\n\n<p id=\"m57802-57801-57803\">Para el s\u00e1bado y el domingo se esperan&nbsp;<strong>aguaceros moderados&nbsp;<\/strong>y fuertes debido a una nueva&nbsp;<strong>vaguada<\/strong>&nbsp;asociada a un sistema frontal en las provincias de San Crist\u00f3bal, Santo Domingo, Pedernales, Barahona, Azua, Peravia, San Jos\u00e9 de Ocoa, San Pedro de Macor\u00eds, La Romana y La Altagracia, entre otras.<\/p>\n","protected":false},"excerpt":{"rendered":"<p>Las temperaturas se sentir\u00e1n calurosas durante el d\u00eda y durante la noche y madrugada estar\u00e1n<\/p>\n","protected":false},"author":1,"featured_media":22781,"comment_status":"open","ping_status":"open","sticky":false,"template":"","format":"standard","meta":{"footnotes":""},"categories":[12],"tags":[],"class_list":["post-22780","post","type-post","status-publish","format-standard","has-post-thumbnail","hentry","category-nacionales"],"_links":{"self":[{"href":"https:\/\/samantharadionline.com\/index.php\/wp-json\/wp\/v2\/posts\/22780","targetHints":{"allow":["GET"]}}],"collection":[{"href":"https:\/\/samantharadionline.com\/index.php\/wp-json\/wp\/v2\/posts"}],"about":[{"href":"https:\/\/samantharadionline.com\/index.php\/wp-json\/wp\/v2\/types\/post"}],"author":[{"embeddable":true,"href":"https:\/\/samantharadionline.com\/index.php\/wp-json\/wp\/v2\/users\/1"}],"replies":[{"embeddable":true,"href":"https:\/\/samantharadionline.com\/index.php\/wp-json\/wp\/v2\/comments?post=22780"}],"version-history":[{"count":1,"href":"https:\/\/samantharadionline.com\/index.php\/wp-json\/wp\/v2\/posts\/22780\/revisions"}],"predecessor-version":[{"id":22782,"href":"https:\/\/samantharadionline.com\/index.php\/wp-json\/wp\/v2\/posts\/22780\/revisions\/22782"}],"wp:featuredmedia":[{"embeddable":true,"href":"https:\/\/samantharadionline.com\/index.php\/wp-json\/wp\/v2\/media\/22781"}],"wp:attachment":[{"href":"https:\/\/samantharadionline.com\/index.php\/wp-json\/wp\/v2\/media?parent=22780"}],"wp:term":[{"taxonomy":"category","embeddable":true,"href":"https:\/\/samantharadionline.com\/index.php\/wp-json\/wp\/v2\/categories?post=22780"},{"taxonomy":"post_tag","embeddable":true,"href":"https:\/\/samantharadionline.com\/index.php\/wp-json\/wp\/v2\/tags?post=22780"}],"curies":[{"name":"wp","href":"https:\/\/api.w.org\/{rel}","templated":true}]}}