{"id":22762,"date":"2026-01-29T18:28:14","date_gmt":"2026-01-29T22:28:14","guid":{"rendered":"https:\/\/samantharadionline.com\/?p=22762"},"modified":"2026-01-29T18:28:14","modified_gmt":"2026-01-29T22:28:14","slug":"se-entrega-acusada-de-ultimar-a-su-hermana-de-14-en-sfm","status":"publish","type":"post","link":"https:\/\/samantharadionline.com\/index.php\/2026\/01\/29\/se-entrega-acusada-de-ultimar-a-su-hermana-de-14-en-sfm\/","title":{"rendered":"Se entrega acusada de ultimar a su hermana de 14 en SFM"},"content":{"rendered":"\n<p class=\"has-medium-font-size\"><em>Se produjo luego de que las autoridades activaran su b\u00fasqueda mediante un aviso de \u00abSe Busca\u00bb, tras el hecho ocurrido la noche del mi\u00e9rcoles en el sector Taina de San Francisco de Macor\u00eds<\/em><\/p>\n\n\n\n<p><strong>RLD, Santo Domingo, RD\u00a0<\/strong><\/p>\n\n\n\n<p id=\"m7589-7588-7590\">La\u00a0<strong>Polic\u00eda Nacional<\/strong>\u00a0inform\u00f3 que\u00a0Ankelsy Valerio de Jes\u00fas, de 22 a\u00f1os, se entreg\u00f3 voluntariamente la tarde de este jueves en la ciudad de La Vega, tras ser buscada por la muerte de su hermana de 14 a\u00f1os,\u00a0<strong>Aneisy Ceballos de Jes\u00fas<\/strong>.<\/p>\n\n\n\n<p id=\"m7594-7593-7595\">La entrega se produjo luego de que las autoridades activaran su b\u00fasqueda mediante un aviso de \u00abSe Busca\u00bb, tras el hecho ocurrido la noche del mi\u00e9rcoles en el sector Taina de&nbsp;<strong>San Francisco de Macor\u00eds<\/strong>.<\/p>\n\n\n\n<p id=\"m7599-7598-7600\">Seg\u00fan inform\u00f3 el vocero de la<strong>&nbsp;Polic\u00eda Nacional<\/strong>, Diego Pesqueira, la joven ser\u00e1 trasladada desde La Vega hasta San Francisco de Macor\u00eds.&nbsp;<\/p>\n\n\n\n<p id=\"m7604-7603-7605\">El m\u00e9dico legista certific\u00f3 quela causa de la&nbsp;<strong>muerte fue shock hemorr\u00e1gico<\/strong>&nbsp;por herida de proyectil de arma de fuego.<\/p>\n\n\n\n<p id=\"m7609-7608-7610\">En la escena fueron colectados casquillos calibr\u00e9 9mm y tres armas blancas.<\/p>\n\n\n\n<p id=\"m7614-7613-7615\">En el mismo hecho result\u00f3&nbsp;<strong>herido de gravedad<\/strong>&nbsp;<strong>Enmanuel N\u00fa\u00f1ez Batista<\/strong>, de 20 a\u00f1os, quien permanece ingresado recibiendo atenciones m\u00e9dicas.<\/p>\n\n\n\n<p id=\"m7619-7618-7620\">De acuerdo con las investigaciones preliminares, el hecho se produjo en las periferias de una residencia, en momentos en que se origin\u00f3 una ri\u00f1a entre ambas hermanas.<\/p>\n","protected":false},"excerpt":{"rendered":"<p>Se produjo luego de que las autoridades activaran su b\u00fasqueda mediante un aviso de \u00abSe<\/p>\n","protected":false},"author":1,"featured_media":22763,"comment_status":"open","ping_status":"open","sticky":false,"template":"","format":"standard","meta":{"footnotes":""},"categories":[12],"tags":[],"class_list":["post-22762","post","type-post","status-publish","format-standard","has-post-thumbnail","hentry","category-nacionales"],"_links":{"self":[{"href":"https:\/\/samantharadionline.com\/index.php\/wp-json\/wp\/v2\/posts\/22762","targetHints":{"allow":["GET"]}}],"collection":[{"href":"https:\/\/samantharadionline.com\/index.php\/wp-json\/wp\/v2\/posts"}],"about":[{"href":"https:\/\/samantharadionline.com\/index.php\/wp-json\/wp\/v2\/types\/post"}],"author":[{"embeddable":true,"href":"https:\/\/samantharadionline.com\/index.php\/wp-json\/wp\/v2\/users\/1"}],"replies":[{"embeddable":true,"href":"https:\/\/samantharadionline.com\/index.php\/wp-json\/wp\/v2\/comments?post=22762"}],"version-history":[{"count":1,"href":"https:\/\/samantharadionline.com\/index.php\/wp-json\/wp\/v2\/posts\/22762\/revisions"}],"predecessor-version":[{"id":22764,"href":"https:\/\/samantharadionline.com\/index.php\/wp-json\/wp\/v2\/posts\/22762\/revisions\/22764"}],"wp:featuredmedia":[{"embeddable":true,"href":"https:\/\/samantharadionline.com\/index.php\/wp-json\/wp\/v2\/media\/22763"}],"wp:attachment":[{"href":"https:\/\/samantharadionline.com\/index.php\/wp-json\/wp\/v2\/media?parent=22762"}],"wp:term":[{"taxonomy":"category","embeddable":true,"href":"https:\/\/samantharadionline.com\/index.php\/wp-json\/wp\/v2\/categories?post=22762"},{"taxonomy":"post_tag","embeddable":true,"href":"https:\/\/samantharadionline.com\/index.php\/wp-json\/wp\/v2\/tags?post=22762"}],"curies":[{"name":"wp","href":"https:\/\/api.w.org\/{rel}","templated":true}]}}