{"id":22759,"date":"2026-01-29T18:25:35","date_gmt":"2026-01-29T22:25:35","guid":{"rendered":"https:\/\/samantharadionline.com\/?p=22759"},"modified":"2026-01-29T18:25:36","modified_gmt":"2026-01-29T22:25:36","slug":"jose-ramirez-no-estara-en-el-clasico-mundial-por-un-tema-personal","status":"publish","type":"post","link":"https:\/\/samantharadionline.com\/index.php\/2026\/01\/29\/jose-ramirez-no-estara-en-el-clasico-mundial-por-un-tema-personal\/","title":{"rendered":"Jos\u00e9 Ram\u00edrez no estar\u00e1 en el Cl\u00e1sico Mundial por un tema personal"},"content":{"rendered":"\n<p class=\"has-medium-font-size\"><em>\u201cEn el caso particular de Jos\u00e9, por una situaci\u00f3n personal, \u00e9l no va a participar en el Cl\u00e1sico. Ha sido una decisi\u00f3n dif\u00edcil para \u00e9l\u00bb, inform\u00f3 Nelson Cruz, gerente general de la selecci\u00f3n de Rep\u00fablica Dominicana<\/em><\/p>\n\n\n\n<p><strong>Pedro Brice\u00f1o\u00a0|\u00a0Josu\u00e9 Batista Ram\u00edrezSanto Domingo, RD\u00a0<\/strong><\/p>\n\n\n\n<p id=\"m91157-91156-91158\">El gerente general de la selecci\u00f3n de Rep\u00fablica Dominicana,&nbsp;<strong>Nelson Cru<\/strong>z, inform\u00f3 a la prensa que el jugador de cuadro de los Guardianes de Cleveland,&nbsp;<strong>Jos\u00e9 Ram\u00edrez<\/strong>, no estar\u00e1 en el venidero&nbsp;<strong>Cl\u00e1sico Mundial de B\u00e9isbol<\/strong>.<\/p>\n\n\n\n<p id=\"m91162-91161-91163\">\u201cEn el caso particular de Jos\u00e9, por una situaci\u00f3n personal, \u00e9l no va a&nbsp;<strong>participar en el Cl\u00e1sico<\/strong>. Ha sido una decisi\u00f3n dif\u00edcil para \u00e9l, porque \u00e9l siempre ha mostrado inter\u00e9s de participar en el Cl\u00e1sico\u201d, inform\u00f3 Cruz.<\/p>\n\n\n\n<p id=\"m91167-91166-91168\">Sin embargo, coment\u00f3 que, si el combinado tricolor logra clasificar a la&nbsp;<strong>segunda ronda<\/strong>&nbsp;del evento, el defensor de la esquina caliente podr\u00eda estar presente con la selecci\u00f3n pero solo en caso de que se produzca una lesi\u00f3n entre los ya confirmados.<\/p>\n\n\n\n<p id=\"m91172-91171-91173\">\u201cEn esta ocasi\u00f3n se escapa de sus manos porque es un tema personal. Esa es la informaci\u00f3n, obviamente, \u00e9l tambi\u00e9n en su momento va a dar&nbsp;<strong>m\u00e1s declaraciones<\/strong>&nbsp;y abundar sobre la situaci\u00f3n que \u00e9l tiene\u201d, coment\u00f3.<\/p>\n\n\n\n<p id=\"m91177-91176-91178\">Este pasado lunes, el cronista deportivo Mixael Rosa inform\u00f3 que Ram\u00edrez se hab\u00eda \u00abdesmontado\u00bb del Cl\u00e1sico Mundial.<\/p>\n\n\n\n<p id=\"m91182-91181-91183\">La Federaci\u00f3n Dominicana de B\u00e9isbol emiti\u00f3 un comunicado en el que dec\u00eda que el pelotero s\u00ed participar\u00eda en el evento mundialista.<\/p>\n\n\n\n<p id=\"m91187-91186-91188\">El periodista Mois\u00e9s Mej\u00eda, de la redacci\u00f3n de deportes de List\u00edn, tambi\u00e9n confirm\u00f3 que el pelotero no iba a participar en el evento.&nbsp;<\/p>\n\n\n\n<figure class=\"wp-block-embed is-type-rich is-provider-twitter wp-block-embed-twitter\"><div class=\"wp-block-embed__wrapper\">\n<blockquote class=\"twitter-tweet\" data-width=\"550\" data-dnt=\"true\"><p lang=\"es\" dir=\"ltr\">De una fuente cercana a Cleveland, me acaban de notificar que el propio equipo fue quien envi\u00f3 la notificaci\u00f3n a Jos\u00e9 Ram\u00edrez sugiri\u00e9ndole no ir al Cl\u00e1sico Mundial.<br><br>Primero en reportar, <a href=\"https:\/\/twitter.com\/marn09?ref_src=twsrc%5Etfw\">@marn09<\/a> <a href=\"https:\/\/t.co\/Z9RDXdfRGK\">pic.twitter.com\/Z9RDXdfRGK<\/a><\/p>&mdash; Mois\u00e9s Mej\u00eda (@moisesmejiah) <a href=\"https:\/\/twitter.com\/moisesmejiah\/status\/2015954669449671002?ref_src=twsrc%5Etfw\">January 27, 2026<\/a><\/blockquote><script async src=\"https:\/\/platform.twitter.com\/widgets.js\" charset=\"utf-8\"><\/script>\n<\/div><\/figure>\n\n\n\n<p id=\"m91197-91196-91198\">Desde el pasado lunes el tema ha estado bajo suspenso a la espera de un nuevo comunicado que aclarar\u00eda la situaci\u00f3n.<\/p>\n\n\n\n<h3 class=\"wp-block-heading\">No se refiri\u00f3 al Cl\u00e1sico<\/h3>\n\n\n\n<p id=\"m91202-91201-91203\">En ese sentido, esta ma\u00f1ana, en Cleveland, durante la presentaci\u00f3n de su extensi\u00f3n de contrato de&nbsp;<strong>siete a\u00f1os y 175 millones de d\u00f3lares&nbsp;<\/strong>con los Guardianes, Ram\u00edrez dijo que prefer\u00eda no referirse al tema y concentrarse en el anuncio de su extensi\u00f3n.<\/p>\n\n\n\n<p id=\"m91207-91206-91208\">\u00abNo quiero&nbsp;<strong>hablar del tema del Cl\u00e1sico<\/strong>&nbsp;ahora mismo. Estamos concentrados en mi contrato y es lo \u00fanico que puedo decirles\u00bb, asever\u00f3.<\/p>\n\n\n\n<p id=\"m91212-91211-91213\">Ram\u00edrez dijo en el pasado que&nbsp;<strong>estaba interesado<\/strong>&nbsp;en representar al pa\u00eds caribe\u00f1o en el evento mundialista, pero varios reportes revelaban lo contrario.<\/p>\n\n\n\n<p id=\"m91217-91216-91218\">Incluso,&nbsp;<strong>Juan N\u00fa\u00f1ez<\/strong>, presidente de la Federaci\u00f3n Dominicana de B\u00e9isbol (Fedom), hab\u00eda asegurado que Ram\u00edrez se manten\u00eda positivo y comprometido con la selecci\u00f3n nacional.<\/p>\n","protected":false},"excerpt":{"rendered":"<p>\u201cEn el caso particular de Jos\u00e9, por una situaci\u00f3n personal, \u00e9l no va a participar<\/p>\n","protected":false},"author":1,"featured_media":22760,"comment_status":"open","ping_status":"open","sticky":false,"template":"","format":"standard","meta":{"footnotes":""},"categories":[14],"tags":[],"class_list":["post-22759","post","type-post","status-publish","format-standard","has-post-thumbnail","hentry","category-deportes"],"_links":{"self":[{"href":"https:\/\/samantharadionline.com\/index.php\/wp-json\/wp\/v2\/posts\/22759","targetHints":{"allow":["GET"]}}],"collection":[{"href":"https:\/\/samantharadionline.com\/index.php\/wp-json\/wp\/v2\/posts"}],"about":[{"href":"https:\/\/samantharadionline.com\/index.php\/wp-json\/wp\/v2\/types\/post"}],"author":[{"embeddable":true,"href":"https:\/\/samantharadionline.com\/index.php\/wp-json\/wp\/v2\/users\/1"}],"replies":[{"embeddable":true,"href":"https:\/\/samantharadionline.com\/index.php\/wp-json\/wp\/v2\/comments?post=22759"}],"version-history":[{"count":1,"href":"https:\/\/samantharadionline.com\/index.php\/wp-json\/wp\/v2\/posts\/22759\/revisions"}],"predecessor-version":[{"id":22761,"href":"https:\/\/samantharadionline.com\/index.php\/wp-json\/wp\/v2\/posts\/22759\/revisions\/22761"}],"wp:featuredmedia":[{"embeddable":true,"href":"https:\/\/samantharadionline.com\/index.php\/wp-json\/wp\/v2\/media\/22760"}],"wp:attachment":[{"href":"https:\/\/samantharadionline.com\/index.php\/wp-json\/wp\/v2\/media?parent=22759"}],"wp:term":[{"taxonomy":"category","embeddable":true,"href":"https:\/\/samantharadionline.com\/index.php\/wp-json\/wp\/v2\/categories?post=22759"},{"taxonomy":"post_tag","embeddable":true,"href":"https:\/\/samantharadionline.com\/index.php\/wp-json\/wp\/v2\/tags?post=22759"}],"curies":[{"name":"wp","href":"https:\/\/api.w.org\/{rel}","templated":true}]}}