{"id":22756,"date":"2026-01-29T11:43:51","date_gmt":"2026-01-29T15:43:51","guid":{"rendered":"https:\/\/samantharadionline.com\/?p=22756"},"modified":"2026-01-29T11:43:52","modified_gmt":"2026-01-29T15:43:52","slug":"joven-de-22-anos-mata-a-su-hermana-de-13-en-san-francisco-de-macoris","status":"publish","type":"post","link":"https:\/\/samantharadionline.com\/index.php\/2026\/01\/29\/joven-de-22-anos-mata-a-su-hermana-de-13-en-san-francisco-de-macoris\/","title":{"rendered":"Joven de 22 a\u00f1os mata a su hermana de 13 en San Francisco de Macor\u00eds"},"content":{"rendered":"\n<p class=\"has-medium-font-size\"><em>La Polic\u00eda Nacional inform\u00f3 que contin\u00faan las investigaciones y exhort\u00f3 a la presunta agresora a entregarse por la v\u00eda que considere pertinente<\/em><\/p>\n\n\n\n<p><strong>LD, Santo Domingo, RD\u00a0<\/strong><\/p>\n\n\n\n<p id=\"m82788-82787-82789\">La&nbsp;<strong>Polic\u00eda Nacional<\/strong>, en coordinaci\u00f3n con el Ministerio P\u00fablico, inform\u00f3 que activ\u00f3 la b\u00fasqueda y captura de una mujer de 22 a\u00f1os, quien ultim\u00f3 por heridas de bala a su hermana de 13 a\u00f1os, durante un conflicto familiar que se encuentra bajo investigaci\u00f3n, ocurrido en el sector Duarte Arriba.<\/p>\n\n\n\n<p id=\"m82793-82792-82794\">La v\u00edctima mortal fue identificada como<strong>&nbsp;Anelsy Ceballos de Jes\u00fas<\/strong>.<\/p>\n\n\n\n<p id=\"m82798-82797-82799\">En el mismo hecho result\u00f3 herido de gravedad&nbsp;<strong>Enmanuel N\u00fa\u00f1ez Batista,<\/strong>&nbsp;de 20 a\u00f1os, quien permanece ingresado recibiendo atenciones m\u00e9dicas.<\/p>\n\n\n\n<p id=\"m82803-82802-82804\">De acuerdo con las investigaciones preliminares, el hecho se produjo en las periferias de una residencia, en momentos en que se origin\u00f3 una ri\u00f1a entre ambas hermanas.<\/p>\n\n\n\n<p id=\"m82808-82807-82809\">\u201cLa presunta autora, identificada como<strong>&nbsp;Ankelsy Valerio de Jes\u00fas<\/strong>, de 22 a\u00f1os, se encuentra pr\u00f3fuga y se le exhorta entregarse por la v\u00eda que entienda pertinente\u201d, expres\u00f3 la Polic\u00eda a trav\u00e9s de un comunicado.<\/p>\n\n\n\n<p id=\"m82813-82812-82814\">El m\u00e9dico legista certific\u00f3 que la causa de la muerte fue shock hemorr\u00e1gico por&nbsp;<strong>herida de proyectil de arma de fuego.<\/strong><\/p>\n\n\n\n<p id=\"m82818-82817-82819\">En la escena fueron colectados casquillos calibre 9mm y tres armas blancas.<\/p>\n\n\n\n<p id=\"m82823-82822-82824\">La Polic\u00eda Nacional inform\u00f3 que contin\u00faan las investigaciones y exhort\u00f3 a la presunta agresora a entregarse por la v\u00eda que considere pertinente.<\/p>\n","protected":false},"excerpt":{"rendered":"<p>La Polic\u00eda Nacional inform\u00f3 que contin\u00faan las investigaciones y exhort\u00f3 a la presunta agresora a<\/p>\n","protected":false},"author":1,"featured_media":22757,"comment_status":"open","ping_status":"open","sticky":false,"template":"","format":"standard","meta":{"footnotes":""},"categories":[12],"tags":[],"class_list":["post-22756","post","type-post","status-publish","format-standard","has-post-thumbnail","hentry","category-nacionales"],"_links":{"self":[{"href":"https:\/\/samantharadionline.com\/index.php\/wp-json\/wp\/v2\/posts\/22756","targetHints":{"allow":["GET"]}}],"collection":[{"href":"https:\/\/samantharadionline.com\/index.php\/wp-json\/wp\/v2\/posts"}],"about":[{"href":"https:\/\/samantharadionline.com\/index.php\/wp-json\/wp\/v2\/types\/post"}],"author":[{"embeddable":true,"href":"https:\/\/samantharadionline.com\/index.php\/wp-json\/wp\/v2\/users\/1"}],"replies":[{"embeddable":true,"href":"https:\/\/samantharadionline.com\/index.php\/wp-json\/wp\/v2\/comments?post=22756"}],"version-history":[{"count":1,"href":"https:\/\/samantharadionline.com\/index.php\/wp-json\/wp\/v2\/posts\/22756\/revisions"}],"predecessor-version":[{"id":22758,"href":"https:\/\/samantharadionline.com\/index.php\/wp-json\/wp\/v2\/posts\/22756\/revisions\/22758"}],"wp:featuredmedia":[{"embeddable":true,"href":"https:\/\/samantharadionline.com\/index.php\/wp-json\/wp\/v2\/media\/22757"}],"wp:attachment":[{"href":"https:\/\/samantharadionline.com\/index.php\/wp-json\/wp\/v2\/media?parent=22756"}],"wp:term":[{"taxonomy":"category","embeddable":true,"href":"https:\/\/samantharadionline.com\/index.php\/wp-json\/wp\/v2\/categories?post=22756"},{"taxonomy":"post_tag","embeddable":true,"href":"https:\/\/samantharadionline.com\/index.php\/wp-json\/wp\/v2\/tags?post=22756"}],"curies":[{"name":"wp","href":"https:\/\/api.w.org\/{rel}","templated":true}]}}