{"id":22752,"date":"2026-01-29T09:32:25","date_gmt":"2026-01-29T13:32:25","guid":{"rendered":"https:\/\/samantharadionline.com\/?p=22752"},"modified":"2026-01-29T09:35:26","modified_gmt":"2026-01-29T13:35:26","slug":"republica-dominicana-avances-estrategicos-y-tensiones-sociales","status":"publish","type":"post","link":"https:\/\/samantharadionline.com\/index.php\/2026\/01\/29\/republica-dominicana-avances-estrategicos-y-tensiones-sociales\/","title":{"rendered":"Rep\u00fablica Dominicana: avances estrat\u00e9gicos y tensiones sociales"},"content":{"rendered":"\n<p class=\"has-medium-font-size\"><em>Noticias nacionales marcan el pulso de la jornada con acuerdos, denuncias y celebraciones<\/em><\/p>\n\n\n\n<p>El presidente Luis Abinader anunci\u00f3 la aprobaci\u00f3n de un proyecto de interconexi\u00f3n el\u00e9ctrica mediante un <strong><a href=\"https:\/\/samantharadionline.com\/index.php\/2026\/01\/29\/cable-electrico-submarino-entre-rd-y-puerto-rico-se-anunciara-en-febrero\/\">cable submarino entre Rep\u00fablica Dominicana y Puerto Rico<\/a><\/strong>, avalado por la administraci\u00f3n estadounidense. Este acuerdo busca fortalecer la seguridad energ\u00e9tica y abrir una nueva etapa de cooperaci\u00f3n regional.<\/p>\n\n\n\n<p>En el \u00e1mbito social, la visita de <strong>Miss Universo F\u00e1tima Bosch<\/strong> al pa\u00eds ha generado expectativa. Su agenda incluye actividades de concienciaci\u00f3n sobre el autismo, en el marco del 70 aniversario de Miss Rep\u00fablica Dominicana.<\/p>\n\n\n\n<p>La justicia sigue en el centro de la atenci\u00f3n. El Ministerio P\u00fablico inform\u00f3 sobre el rescate de <strong>20 mujeres v\u00edctimas de explotaci\u00f3n sexual en Puerto Plata<\/strong>, un operativo que refuerza la lucha contra la trata de personas.<\/p>\n\n\n\n<p>En materia de seguridad fronteriza, el Ej\u00e9rcito apres\u00f3 a un conductor que transportaba <strong>15 indocumentados haitianos<\/strong>, quienes fueron remitidos al Ministerio P\u00fablico para investigaci\u00f3n.<\/p>\n\n\n\n<p>La econom\u00eda tambi\u00e9n ocupa titulares. Industriales solicitaron suspender el ajuste tarifario de la CAASD, argumentando que afecta la competitividad y el bolsillo de los ciudadanos.<\/p>\n\n\n\n<p>En el plano cultural, el historiador Raymundo Gonz\u00e1lez ofreci\u00f3 la conferencia <strong>\u201cDuarte en el imaginario dominicano hoy\u201d<\/strong>, resaltando la vigencia del pensamiento del Padre de la Patria en la construcci\u00f3n de la identidad nacional.<\/p>\n\n\n\n<p>La Oficina Metropolitana de Servicios de Autobuses (OMSA) celebr\u00f3 su <strong>28 aniversario<\/strong> con una misa de acci\u00f3n de gracias en la Catedral Primada de Am\u00e9rica, reafirmando su compromiso con el transporte p\u00fablico.<\/p>\n\n\n\n<p>El clima acompa\u00f1a la jornada con un <strong>d\u00eda mayormente soleado en Santo Domingo<\/strong>, aunque se esperan lluvias d\u00e9biles en la tarde en regiones del norte y noreste, seg\u00fan el Instituto Dominicano de Meteorolog\u00eda.<\/p>\n\n\n\n<p>En el \u00e1mbito pol\u00edtico, la Fuerza del Pueblo denunci\u00f3 un <strong>deterioro del sector agropecuario<\/strong>, se\u00f1alando que la falta de apoyo estatal ha afectado la producci\u00f3n nacional y la seguridad alimentaria.<\/p>\n\n\n\n<p>La Procuradur\u00eda General reiter\u00f3 que la fase <strong>SeNasa 2.0<\/strong> contin\u00faa en marcha, destacando que los servicios buscan garantizar calidad y transparencia en el sistema de salud.<\/p>\n\n\n\n<p>En el sector energ\u00e9tico, la presidenta de Barrick Gold asegur\u00f3 que el alza del oro favorecer\u00e1 al Estado dominicano, mientras empresas locales proyectan duplicar sus inversiones en inteligencia artificial durante 2026.<\/p>\n\n\n\n<p>La agenda institucional incluy\u00f3 una conferencia de prensa de la Asociaci\u00f3n Dominicana de Igualas M\u00e9dicas y ARS (ADIMARS), donde se discutieron propuestas para mejorar la cobertura de salud en el pa\u00eds.<\/p>\n\n\n\n<p>En Cambita, San Crist\u00f3bal, residentes reclamaron <strong>se\u00f1alizaci\u00f3n vial urgente<\/strong> para evitar m\u00e1s muertes por accidentes de tr\u00e1nsito, un problema que refleja la precariedad de la infraestructura en varias comunidades.<\/p>\n\n\n\n<p>Finalmente, el magistrado Henry Molina reiter\u00f3 que la <strong>independencia judicial<\/strong> es un derecho ciudadano, subrayando la necesidad de fortalecer la institucionalidad democr\u00e1tica frente a los desaf\u00edos actuales.<\/p>\n","protected":false},"excerpt":{"rendered":"<p>Noticias nacionales marcan el pulso de la jornada con acuerdos, denuncias y celebraciones El presidente<\/p>\n","protected":false},"author":1,"featured_media":22747,"comment_status":"open","ping_status":"open","sticky":false,"template":"","format":"standard","meta":{"footnotes":""},"categories":[1],"tags":[],"class_list":["post-22752","post","type-post","status-publish","format-standard","has-post-thumbnail","hentry","category-blog"],"_links":{"self":[{"href":"https:\/\/samantharadionline.com\/index.php\/wp-json\/wp\/v2\/posts\/22752","targetHints":{"allow":["GET"]}}],"collection":[{"href":"https:\/\/samantharadionline.com\/index.php\/wp-json\/wp\/v2\/posts"}],"about":[{"href":"https:\/\/samantharadionline.com\/index.php\/wp-json\/wp\/v2\/types\/post"}],"author":[{"embeddable":true,"href":"https:\/\/samantharadionline.com\/index.php\/wp-json\/wp\/v2\/users\/1"}],"replies":[{"embeddable":true,"href":"https:\/\/samantharadionline.com\/index.php\/wp-json\/wp\/v2\/comments?post=22752"}],"version-history":[{"count":2,"href":"https:\/\/samantharadionline.com\/index.php\/wp-json\/wp\/v2\/posts\/22752\/revisions"}],"predecessor-version":[{"id":22755,"href":"https:\/\/samantharadionline.com\/index.php\/wp-json\/wp\/v2\/posts\/22752\/revisions\/22755"}],"wp:featuredmedia":[{"embeddable":true,"href":"https:\/\/samantharadionline.com\/index.php\/wp-json\/wp\/v2\/media\/22747"}],"wp:attachment":[{"href":"https:\/\/samantharadionline.com\/index.php\/wp-json\/wp\/v2\/media?parent=22752"}],"wp:term":[{"taxonomy":"category","embeddable":true,"href":"https:\/\/samantharadionline.com\/index.php\/wp-json\/wp\/v2\/categories?post=22752"},{"taxonomy":"post_tag","embeddable":true,"href":"https:\/\/samantharadionline.com\/index.php\/wp-json\/wp\/v2\/tags?post=22752"}],"curies":[{"name":"wp","href":"https:\/\/api.w.org\/{rel}","templated":true}]}}