{"id":22749,"date":"2026-01-29T09:28:54","date_gmt":"2026-01-29T13:28:54","guid":{"rendered":"https:\/\/samantharadionline.com\/?p=22749"},"modified":"2026-01-29T09:28:54","modified_gmt":"2026-01-29T13:28:54","slug":"cedula-actual-se-emitira-hasta-este-domingo-primero-de-febrero","status":"publish","type":"post","link":"https:\/\/samantharadionline.com\/index.php\/2026\/01\/29\/cedula-actual-se-emitira-hasta-este-domingo-primero-de-febrero\/","title":{"rendered":"C\u00e9dula actual se emitir\u00e1 hasta este domingo primero de febrero"},"content":{"rendered":"\n<p class=\"has-medium-font-size\"><em>Para aquellas personas que en ese periodo requieran el documento de identidad, la junta inform\u00f3 que se entregar\u00e1n, \u201cde manera temporal\u201d, certificaciones de c\u00e9dulas, sin costo, hasta que cierre el proceso de cambio de la nueva c\u00e9dula de identidad, fijado para marzo de 2027<\/em><\/p>\n\n\n\n<p><strong>LD, Santo Domingo RD.\u00a0<\/strong><\/p>\n\n\n\n<p id=\"m9053-9052-9054\">La Junta Central Electoral (JCE) inform\u00f3 que a partir del&nbsp;<strong>domingo primero de febrero paralizar\u00e1n la emisi\u00f3n<\/strong>&nbsp;de la c\u00e9dula con el formato actual.<\/p>\n\n\n\n<p id=\"m9058-9057-9059\">De acuerdo a un comunicado, la finalizaci\u00f3n se realiz\u00f3 debido a que en el periodo de transici\u00f3n del cambio de documento,&nbsp;<strong>se han realizado adecuaciones t\u00e9cnicas, operativas<\/strong>&nbsp;y de interoperabilidad entre el sistema actual y el nuevo modelo.<\/p>\n\n\n\n<p id=\"m9063-9062-9064\">\u201cAdem\u00e1s de la incorporaci\u00f3n de nuevos equipos de grabado l\u00e1ser, con\u00a0<strong>el objetivo de garantizar mayores niveles de seguridad, calidad y eficien<\/strong>cia en la emisi\u00f3n de la<strong>\u00a0nueva c\u00e9dula\u00a0<\/strong>como documento definitivo\u201d, explic\u00f3 la entidad.<\/p>\n\n\n\n<p id=\"m9068-9067-9069\">Para aquellas personas que en ese periodo requieran el documento de identidad, la junta inform\u00f3 que se entregar\u00e1n, \u201cde manera temporal\u201d,&nbsp;<strong>certificaciones de c\u00e9dulas, sin costo, hasta que cierre el proceso<\/strong>&nbsp;de cambio de la nueva c\u00e9dula de identidad, fijado para marzo de 2027.<\/p>\n\n\n\n<p><strong>Lea tambi\u00e9n<\/strong><\/p>\n\n\n\n<p id=\"m9078-9077-9079\">Seg\u00fan indicaron las certificaciones \u201c<strong>cuentan con validez institucional<\/strong>&nbsp;y permiten realizar gestiones administrativas y legales\u201d.<\/p>\n\n\n\n<p id=\"m9083-9082-9084\">\u201cLa emisi\u00f3n de la certificaci\u00f3n de c\u00e9dulas constituye, por tanto,&nbsp;<strong>una medida transitoria y planificada<\/strong>, orientada a garantizar un proceso ordenado hacia el nuevo modelo de c\u00e9dula de identidad y electoral y la c\u00e9dula de identidad\u201d, dijo la JCE.&nbsp;<\/p>\n","protected":false},"excerpt":{"rendered":"<p>Para aquellas personas que en ese periodo requieran el documento de identidad, la junta inform\u00f3<\/p>\n","protected":false},"author":1,"featured_media":22750,"comment_status":"open","ping_status":"open","sticky":false,"template":"","format":"standard","meta":{"footnotes":""},"categories":[12],"tags":[],"class_list":["post-22749","post","type-post","status-publish","format-standard","has-post-thumbnail","hentry","category-nacionales"],"_links":{"self":[{"href":"https:\/\/samantharadionline.com\/index.php\/wp-json\/wp\/v2\/posts\/22749","targetHints":{"allow":["GET"]}}],"collection":[{"href":"https:\/\/samantharadionline.com\/index.php\/wp-json\/wp\/v2\/posts"}],"about":[{"href":"https:\/\/samantharadionline.com\/index.php\/wp-json\/wp\/v2\/types\/post"}],"author":[{"embeddable":true,"href":"https:\/\/samantharadionline.com\/index.php\/wp-json\/wp\/v2\/users\/1"}],"replies":[{"embeddable":true,"href":"https:\/\/samantharadionline.com\/index.php\/wp-json\/wp\/v2\/comments?post=22749"}],"version-history":[{"count":1,"href":"https:\/\/samantharadionline.com\/index.php\/wp-json\/wp\/v2\/posts\/22749\/revisions"}],"predecessor-version":[{"id":22751,"href":"https:\/\/samantharadionline.com\/index.php\/wp-json\/wp\/v2\/posts\/22749\/revisions\/22751"}],"wp:featuredmedia":[{"embeddable":true,"href":"https:\/\/samantharadionline.com\/index.php\/wp-json\/wp\/v2\/media\/22750"}],"wp:attachment":[{"href":"https:\/\/samantharadionline.com\/index.php\/wp-json\/wp\/v2\/media?parent=22749"}],"wp:term":[{"taxonomy":"category","embeddable":true,"href":"https:\/\/samantharadionline.com\/index.php\/wp-json\/wp\/v2\/categories?post=22749"},{"taxonomy":"post_tag","embeddable":true,"href":"https:\/\/samantharadionline.com\/index.php\/wp-json\/wp\/v2\/tags?post=22749"}],"curies":[{"name":"wp","href":"https:\/\/api.w.org\/{rel}","templated":true}]}}