{"id":22746,"date":"2026-01-29T09:26:27","date_gmt":"2026-01-29T13:26:27","guid":{"rendered":"https:\/\/samantharadionline.com\/?p=22746"},"modified":"2026-01-29T09:26:28","modified_gmt":"2026-01-29T13:26:28","slug":"cable-electrico-submarino-entre-rd-y-puerto-rico-se-anunciara-en-febrero","status":"publish","type":"post","link":"https:\/\/samantharadionline.com\/index.php\/2026\/01\/29\/cable-electrico-submarino-entre-rd-y-puerto-rico-se-anunciara-en-febrero\/","title":{"rendered":"Cable el\u00e9ctrico submarino entre RD y Puerto Rico se anunciar\u00e1  en febrero"},"content":{"rendered":"\n<p class=\"has-medium-font-size\"><em>La administraci\u00f3n de Donald Trump concedi\u00f3 el permiso presidencial que requiere el cable el\u00e9ctrico submarino que se propone desarrollar entre Puerto Rico y la Rep\u00fablica Dominicana, cuyo anuncio formal debe realizarse a mediados de febrero<\/em><\/p>\n\n\n\n<figure class=\"wp-block-image\"><img decoding=\"async\" src=\"https:\/\/listindiario.com\/files\/image_60_60\/uploads\/2024\/12\/24\/676b124fa2875.png\" alt=\"Avatar del El Nuevo D\u00eda | GDA\"\/><\/figure>\n\n\n\n<p><strong><em>\u00a0<\/em>El Nuevo D\u00eda | GDA, Puerto Rico<\/strong><\/p>\n\n\n\n<p id=\"m53060-53059-53061\">La administraci\u00f3n de Donald Trump concedi\u00f3 el permiso presidencial que requiere el cable el\u00e9ctrico submarino que se propone desarrollar entre Puerto Rico y la Rep\u00fablica Dominicana, cuyo anuncio formal debe realizarse a mediados de febrero.<\/p>\n\n\n\n<p id=\"m53065-53064-53066\">Luego de que el presidente dominicano Luis Abinader adelantara este mi\u00e9rcoles el aval a la prensa de su pa\u00eds, el presidente de Caribbean Transmissi\u00f3n Development Company (CTDC), Rafael V\u00e9lez Dom\u00ednguez, dijo a&nbsp;<strong>El Nuevo D\u00eda que a\u00fan no se ha recibido una notificaci\u00f3n oficial del Departamento de Energ\u00eda de Estados Unidos<\/strong>&nbsp;(DOE, en ingl\u00e9s), pero que ya se hab\u00edan emitido las comunicaciones de \u201cno objeci\u00f3n\u201d de parte de los departamentos de Estado y Defensa.<\/p>\n\n\n\n<p id=\"m53070-53069-53071\">\u201cNos informaron, oficialmente, que ya r<strong>ecibieron la no objeci\u00f3n del Departamento de Estado y el Departamento de Guerra (Defensa)<\/strong>, y estamos esperando cualquier d\u00eda el permiso presidencial. Ciertamente, el presidente de la Rep\u00fablica Dominicana hizo un anuncio; me imagino que \u00e9l sabe algo que yo no s\u00e9. Oficialmente, no hemos recibido una comunicaci\u00f3n de que tenemos el permiso presidencial\u201d, dijo V\u00e9lez Dom\u00ednguez, tambi\u00e9n presidente de la Asociaci\u00f3n de Industriales de Puerto Rico.<\/p>\n\n\n\n<p id=\"m53075-53074-53076\">Este diario supo, sin embargo, que&nbsp;<strong>el anuncio p\u00fablico se debe realizar el 17 de febrero en la Rep\u00fablica Dominicana<\/strong>, en un evento en que estar\u00edan presentes Abinader y la gobernadora de Puerto Rico, Jenniffer Gonz\u00e1lez, junto a representantes del gobierno de Estados Unidos. En el portal del DOE, agencia que tramit\u00f3 el permiso presidencial \u2013autorizaci\u00f3n que se requiere para el desarrollo del proyecto transfronterizo\u2013, la solicitud de CTDC a\u00fan aparece como \u201cpendiente\u201d de determinaci\u00f3n.<\/p>\n\n\n\n<p id=\"m53080-53079-53081\">V\u00e9lez Dom\u00ednguez puntualiz\u00f3 que, tras completarse el proceso a nivel federal, proceder\u00eda la orden de compra de los equipos para la construcci\u00f3n del cable, que permitir\u00eda transmitir hasta 700 megavatios de energ\u00eda en ambas direcciones.&nbsp;<strong>En la Rep\u00fablica Dominicana, el cable estar\u00eda conectado a una planta nueva de gas natural que desarrollar\u00eda la propia CTDC<\/strong>&nbsp;para uso exclusivo del proyecto, al tiempo que, en Puerto Rico, se vincular\u00eda al sistema el\u00e9ctrico a trav\u00e9s de la subestaci\u00f3n de Mayag\u00fcez.<\/p>\n\n\n\n<p id=\"m53085-53084-53086\">Adem\u00e1s de la adquisici\u00f3n del equipo para el cable y la construcci\u00f3n de la planta, CTDC tendr\u00eda que materializar un acuerdo de compraventa de energ\u00eda con la Autoridad de Energ\u00eda El\u00e9ctrica, as\u00ed como con el suplidor de combustible para el funcionamiento de la central en la Rep\u00fablica Dominicana. Paralelamente,<strong>&nbsp;se tramitar\u00edan otros permisos ante las autoridades de ambos pa\u00edses<\/strong>, que en Puerto Rico incluyen el aval del Negociado de Energ\u00eda y el cumplimiento con regulaciones ambientales.<\/p>\n\n\n\n<p id=\"m53090-53089-53091\">Previamente, CTDC ha estipulado el objetivo de energizar el cable para enero de 2031. Aunque se presume que, inicialmente,&nbsp;<strong>el cable suplir\u00eda parte de la demanda energ\u00e9tica de Puerto Rico<\/strong>, la empresa contempla que, a futuro, sirva tambi\u00e9n para enviar una porci\u00f3n del excedente de producci\u00f3n solar de la isla hacia el vecino pa\u00eds.<\/p>\n\n\n\n<p id=\"m53095-53094-53096\">Adem\u00e1s, \u201chay que levantar el dinero, hablar con los bancos\u201d, dijo V\u00e9lez Dom\u00ednguez, asegurando que ya hay conversaciones con diversas instituciones financieras locales e internacional con&nbsp;<strong>miras a obtener los $2,500 millones que, se estima<\/strong>, son necesarios como inversi\u00f3n inicial.<\/p>\n\n\n\n<p id=\"m53100-53099-53101\"><strong>El empresario recalc\u00f3 que Estados Unidos ya mantiene unas 164 interconexiones el\u00e9ctricas<\/strong>&nbsp;con Canad\u00e1 y M\u00e9xico, pero que el cable entre Puerto Rico y la Rep\u00fablica Dominicana ser\u00eda la primera de su naturaleza en el Caribe.<\/p>\n","protected":false},"excerpt":{"rendered":"<p>La administraci\u00f3n de Donald Trump concedi\u00f3 el permiso presidencial que requiere el cable el\u00e9ctrico submarino<\/p>\n","protected":false},"author":1,"featured_media":22747,"comment_status":"open","ping_status":"open","sticky":false,"template":"","format":"standard","meta":{"footnotes":""},"categories":[10],"tags":[],"class_list":["post-22746","post","type-post","status-publish","format-standard","has-post-thumbnail","hentry","category-economica"],"_links":{"self":[{"href":"https:\/\/samantharadionline.com\/index.php\/wp-json\/wp\/v2\/posts\/22746","targetHints":{"allow":["GET"]}}],"collection":[{"href":"https:\/\/samantharadionline.com\/index.php\/wp-json\/wp\/v2\/posts"}],"about":[{"href":"https:\/\/samantharadionline.com\/index.php\/wp-json\/wp\/v2\/types\/post"}],"author":[{"embeddable":true,"href":"https:\/\/samantharadionline.com\/index.php\/wp-json\/wp\/v2\/users\/1"}],"replies":[{"embeddable":true,"href":"https:\/\/samantharadionline.com\/index.php\/wp-json\/wp\/v2\/comments?post=22746"}],"version-history":[{"count":1,"href":"https:\/\/samantharadionline.com\/index.php\/wp-json\/wp\/v2\/posts\/22746\/revisions"}],"predecessor-version":[{"id":22748,"href":"https:\/\/samantharadionline.com\/index.php\/wp-json\/wp\/v2\/posts\/22746\/revisions\/22748"}],"wp:featuredmedia":[{"embeddable":true,"href":"https:\/\/samantharadionline.com\/index.php\/wp-json\/wp\/v2\/media\/22747"}],"wp:attachment":[{"href":"https:\/\/samantharadionline.com\/index.php\/wp-json\/wp\/v2\/media?parent=22746"}],"wp:term":[{"taxonomy":"category","embeddable":true,"href":"https:\/\/samantharadionline.com\/index.php\/wp-json\/wp\/v2\/categories?post=22746"},{"taxonomy":"post_tag","embeddable":true,"href":"https:\/\/samantharadionline.com\/index.php\/wp-json\/wp\/v2\/tags?post=22746"}],"curies":[{"name":"wp","href":"https:\/\/api.w.org\/{rel}","templated":true}]}}