{"id":22743,"date":"2026-01-29T09:23:20","date_gmt":"2026-01-29T13:23:20","guid":{"rendered":"https:\/\/samantharadionline.com\/?p=22743"},"modified":"2026-01-29T09:23:21","modified_gmt":"2026-01-29T13:23:21","slug":"pld-conocera-protocolo-de-aspiraciones-presidenciales","status":"publish","type":"post","link":"https:\/\/samantharadionline.com\/index.php\/2026\/01\/29\/pld-conocera-protocolo-de-aspiraciones-presidenciales\/","title":{"rendered":"PLD conocer\u00e1 protocolo de aspiraciones presidenciales"},"content":{"rendered":"\n<p class=\"has-medium-font-size\"><em>A inicios de este 2026 el PLD indic\u00f3 que aunque se mantendr\u00e1n apegados a la ley, tanto el TSE como la Junta Central Electoral (JCE) tienen que \u201centender que la realidad obliga a ser m\u00e1s flexibles\u201d<\/em><\/p>\n\n\n\n<figure class=\"wp-block-image\"><img decoding=\"async\" src=\"https:\/\/listindiario.com\/files\/image_60_60\/uploads\/2023\/05\/16\/64638cfd2419c.jpeg\" alt=\"Avatar del Javier Flores\"\/><\/figure>\n\n\n\n<p><strong><em>\u00a0<\/em>Javier Flores<\/strong><\/p>\n\n\n\n<p id=\"m91941-91940-91942\">El Partido de la Liberaci\u00f3n Dominicana (PLD) reunir\u00e1 el domingo 22 de febrero a su Comit\u00e9 Central para conocer el proyecto de protocolo que prepara una comisi\u00f3n especial para las aspiraciones presidenciales de la organizaci\u00f3n y perfilar la lista preliminar de aspirantes a dicha candidatura.<\/p>\n\n\n\n<p id=\"m91946-91945-91947\">La informaci\u00f3n la ofreci\u00f3 Johnny Pujols, secretario general, al resumir para la prensa los temas que trat\u00f3 el Comit\u00e9 Pol\u00edtico en su primera reuni\u00f3n de 2026.<\/p>\n\n\n\n<p id=\"m91951-91950-91952\">Pujols agreg\u00f3 que el jueves 12 del pr\u00f3ximo mes se reunir\u00eda el Comit\u00e9 Pol\u00edtico para decidir la agenda completa de la reuni\u00f3n del Comit\u00e9 Central.<\/p>\n\n\n\n<p id=\"m91956-91955-91957\">Hasta el momento el PLD ha reconocido de manera oficial a cuatro aspirantes a ocupar esa candidatura presidencial; Francisco Javier Garc\u00eda, quien fue el primero en hacer p\u00fablicas sus intenciones; Abel Mart\u00ednez, quien apenas sac\u00f3 sobre el 10% al encabezar la propuesta peledeista de 2024; Francisco Dom\u00ednguez Brito y el exsecretario general del partido, Charlie Mariotti.<\/p>\n\n\n\n<p id=\"m91961-91960-91962\">Aun se espera que se sume el excandidato presidencial, Gonzalo Castillo.<\/p>\n\n\n\n<p id=\"m91966-91965-91967\">Durante el mes de diciembre del pasado a\u00f1o, Andr\u00e9s Navarro, miembro de la comisi\u00f3n encargada de trabajar el Protocolo de Aspirantes Presidenciales, manifest\u00f3 a LIST\u00cdN DIARIO, que el proceso que est\u00e1n preparando es para \u201cidentificar una figura que unifique al PLD de cara a las presidenciales del 2028\u201d.<\/p>\n\n\n\n<p id=\"m91971-91970-91972\">Hace aproximadamente cuatro a\u00f1os, el PLD realiz\u00f3 un proceso similar al cual denominaron como \u201cconsulta popular\u201d; el mismo constaba de una elecci\u00f3n en donde los peledeistas votaban por el aspirante presidencial que m\u00e1s le conven\u00eda en el momento.<\/p>\n\n\n\n<p id=\"m91976-91975-91977\">Abel Mart\u00ednez fue el escogido en ese proceso de consultas y en octubre del 2023, sin oposici\u00f3n alguna, fue oficializado como el candidato presidencial del PLD.<\/p>\n\n\n\n<p id=\"m91981-91980-91982\">A inicios de este 2026 el PLD indic\u00f3 que aunque se mantendr\u00e1n apegados a la ley, tanto el TSE como la Junta Central Electoral (JCE) tienen que \u201centender que la realidad obliga a ser m\u00e1s flexibles\u201d.<\/p>\n\n\n\n<h3 class=\"wp-block-heading\">Reuni\u00f3n del Comit\u00e9 Pol\u00edtico<\/h3>\n\n\n\n<p id=\"m91986-91985-91987\">La reuni\u00f3n se desarroll\u00f3 en el sal\u00f3n Bienvenido Sandoval de la Casa Nacional Reinaldo Pared P\u00e9rez con la participaci\u00f3n de 46 de los 51 miembros, con cinco excusas.<\/p>\n\n\n\n<p id=\"m91991-91990-91992\">El encuentro inici\u00f3 a las 10.20 a. m. cuando se retiraron los fot\u00f3grafos y camar\u00f3grafos de los diferentes medios de comunicaci\u00f3n que entraron al sal\u00f3n a cubrir la actividad y concluy\u00f3 a las 12:50 de la tarde con el resumen a cargo del secretario general.<\/p>\n\n\n\n<p id=\"m91996-91995-91997\">En la l\u00ednea de direcci\u00f3n participaron junto al presidente Danilo Medina, Johnny Pujols, secretario general; la exvicepresidenta Margarita Cede\u00f1o, Abel Mart\u00ednez, pasado candidato presidencial; Tem\u00edstocles Mont\u00e1s, vicepresidente, y Cristina Lizardo.<\/p>\n","protected":false},"excerpt":{"rendered":"<p>A inicios de este 2026 el PLD indic\u00f3 que aunque se mantendr\u00e1n apegados a la<\/p>\n","protected":false},"author":1,"featured_media":22744,"comment_status":"open","ping_status":"open","sticky":false,"template":"","format":"standard","meta":{"footnotes":""},"categories":[12],"tags":[],"class_list":["post-22743","post","type-post","status-publish","format-standard","has-post-thumbnail","hentry","category-nacionales"],"_links":{"self":[{"href":"https:\/\/samantharadionline.com\/index.php\/wp-json\/wp\/v2\/posts\/22743","targetHints":{"allow":["GET"]}}],"collection":[{"href":"https:\/\/samantharadionline.com\/index.php\/wp-json\/wp\/v2\/posts"}],"about":[{"href":"https:\/\/samantharadionline.com\/index.php\/wp-json\/wp\/v2\/types\/post"}],"author":[{"embeddable":true,"href":"https:\/\/samantharadionline.com\/index.php\/wp-json\/wp\/v2\/users\/1"}],"replies":[{"embeddable":true,"href":"https:\/\/samantharadionline.com\/index.php\/wp-json\/wp\/v2\/comments?post=22743"}],"version-history":[{"count":1,"href":"https:\/\/samantharadionline.com\/index.php\/wp-json\/wp\/v2\/posts\/22743\/revisions"}],"predecessor-version":[{"id":22745,"href":"https:\/\/samantharadionline.com\/index.php\/wp-json\/wp\/v2\/posts\/22743\/revisions\/22745"}],"wp:featuredmedia":[{"embeddable":true,"href":"https:\/\/samantharadionline.com\/index.php\/wp-json\/wp\/v2\/media\/22744"}],"wp:attachment":[{"href":"https:\/\/samantharadionline.com\/index.php\/wp-json\/wp\/v2\/media?parent=22743"}],"wp:term":[{"taxonomy":"category","embeddable":true,"href":"https:\/\/samantharadionline.com\/index.php\/wp-json\/wp\/v2\/categories?post=22743"},{"taxonomy":"post_tag","embeddable":true,"href":"https:\/\/samantharadionline.com\/index.php\/wp-json\/wp\/v2\/tags?post=22743"}],"curies":[{"name":"wp","href":"https:\/\/api.w.org\/{rel}","templated":true}]}}