{"id":22735,"date":"2026-01-29T09:15:07","date_gmt":"2026-01-29T13:15:07","guid":{"rendered":"https:\/\/samantharadionline.com\/?p=22735"},"modified":"2026-01-31T09:18:25","modified_gmt":"2026-01-31T13:18:25","slug":"confirman-continuidad-del-manager-y-gerente","status":"publish","type":"post","link":"https:\/\/samantharadionline.com\/index.php\/2026\/01\/29\/confirman-continuidad-del-manager-y-gerente\/","title":{"rendered":"Confirman continuidad del manager y gerente"},"content":{"rendered":"\n<p class=\"has-medium-font-size\"><em>El vicepresidente de operaciones asegur\u00f3 el puesto de Ram\u00f3n Santiago y Carlos Pe\u00f1a.<\/em><\/p>\n\n\n\n<figure class=\"wp-block-image\"><img decoding=\"async\" src=\"https:\/\/listindiario.com\/files\/image_60_60\/uploads\/2023\/09\/20\/650b53fa802ba.jpeg\" alt=\"Avatar del Jorge Luis Torres\"\/><\/figure>\n\n\n\n<p><strong><em>\u00a0<\/em>Jorge Luis Torres<\/strong><\/p>\n\n\n\n<p id=\"m86517-86516-86518\">A diferencia de lo sucedido en el pasado campeonato, esta vez los h\u00e9roes de la cueva s\u00ed se quedan.<\/p>\n\n\n\n<p id=\"m86522-86521-86523\">Luego de una campa\u00f1a de altibajos, coronada con un bicampeonato y la obtenci\u00f3n de la corona 18 de los Leones del Escogido, el vicepresidente de Operaciones, Jos\u00e9 Miguel Bonetti, asegur\u00f3 la continuidad del dirigente Ram\u00f3n Santiago y del gerente general Carlos Pe\u00f1a.<\/p>\n\n\n\n<p id=\"m86527-86526-86528\">El escenario contrasta con la pasada temporada, cuando Albert Pujols y Luis Rojas lideraron la gerencia roja y abandonaron sus cargos poco despu\u00e9s de ganar la Serie del Caribe.<\/p>\n\n\n\n<p id=\"m86532-86531-86533\">Tras la celebraci\u00f3n y la entrega de la Copa Banreservas, Bonetti envi\u00f3 un mensaje directo a los cinco equipos restantes de la LIDOM, al advertir que Santiago y Pe\u00f1a \u201cno estar\u00e1n en la agencia libre\u201d.<\/p>\n\n\n\n<p id=\"m86537-86536-86538\">\u201cLes digo a todos los equipos que tanto Ram\u00f3n Santiago como Carlos Pe\u00f1a siguen. No los llamen, que no van para all\u00e1. Ellos se quedan aqu\u00ed. \u00c1ngel Santana y Jos\u00e9 G\u00f3mez tambi\u00e9n se quedan. Adem\u00e1s, el a\u00f1o que viene igual seremos campeones\u201d, manifest\u00f3 durante la rueda de prensa postcampeonato.<\/p>\n\n\n\n<p id=\"m86542-86541-86543\">Bonetti agreg\u00f3 que los Leones han sido una representaci\u00f3n digna del b\u00e9isbol dominicano durante el torneo.<\/p>\n\n\n\n<p id=\"m86547-86546-86548\">\u201cNosotros no hemos tenido problemas de roster ni de fan\u00e1ticos. Nuestro enfoque es salir a jugar b\u00e9isbol. En 17 a\u00f1os, nadie ha ganado m\u00e1s que Eduardo Najri y yo, y cuando \u00e9l y yo nos marchemos, entonces digan que se jodi\u00f3 el Escogido\u201d, sostuvo.<\/p>\n\n\n\n<p id=\"m86552-86551-86553\">Sobre Albert Pujols, concluy\u00f3 diciendo:<\/p>\n\n\n\n<p id=\"m86557-86556-86558\">\u201cAlbert tiene un reto grande: tiene que ganar. Y si no puede, que me llame\u201d.<\/p>\n\n\n\n<h3 class=\"wp-block-heading\">El campeonato<\/h3>\n\n\n\n<p id=\"m86562-86561-86563\">Esta corona representa la sexta obtenida por los Leones del Escogido en los \u00faltimos 17 a\u00f1os, tras proclamarse campeones en las temporadas 2009-10 ante los Gigantes del Cibao; 2011-12 y 2012-13 frente a las \u00c1guilas Cibae\u00f1as; 2015-16 contra los Tigres del Licey; 2024-25 nuevamente ante el Licey, y 2025-26 frente a los Toros del Este.<\/p>\n\n\n\n<p id=\"m86567-86566-86568\">El premio al Jugador M\u00e1s Valioso recay\u00f3 en el venezolano Alcides Escobar, quien obtuvo 37 votos de primer lugar.<\/p>\n\n\n\n<p id=\"m86572-86571-86573\">Los Leones del Escogido vencieron 1-0 a los Toros del Este en una serie que se extendi\u00f3 a cinco partidos. Cuatro de esos encuentros se definieron por una sola carrera, incluido el \u00fanico triunfo obtenido por los Toros.<\/p>\n\n\n\n<p id=\"m86577-86576-86578\">Al momento de la entrega de anillos, el equipo ten\u00eda r\u00e9cord de 17-24 y ocupaba el \u00faltimo lugar del standing.<\/p>\n","protected":false},"excerpt":{"rendered":"<p>El vicepresidente de operaciones asegur\u00f3 el puesto de Ram\u00f3n Santiago y Carlos Pe\u00f1a. \u00a0Jorge Luis<\/p>\n","protected":false},"author":1,"featured_media":22769,"comment_status":"open","ping_status":"open","sticky":false,"template":"","format":"standard","meta":{"footnotes":""},"categories":[14],"tags":[],"class_list":["post-22735","post","type-post","status-publish","format-standard","has-post-thumbnail","hentry","category-deportes"],"_links":{"self":[{"href":"https:\/\/samantharadionline.com\/index.php\/wp-json\/wp\/v2\/posts\/22735","targetHints":{"allow":["GET"]}}],"collection":[{"href":"https:\/\/samantharadionline.com\/index.php\/wp-json\/wp\/v2\/posts"}],"about":[{"href":"https:\/\/samantharadionline.com\/index.php\/wp-json\/wp\/v2\/types\/post"}],"author":[{"embeddable":true,"href":"https:\/\/samantharadionline.com\/index.php\/wp-json\/wp\/v2\/users\/1"}],"replies":[{"embeddable":true,"href":"https:\/\/samantharadionline.com\/index.php\/wp-json\/wp\/v2\/comments?post=22735"}],"version-history":[{"count":1,"href":"https:\/\/samantharadionline.com\/index.php\/wp-json\/wp\/v2\/posts\/22735\/revisions"}],"predecessor-version":[{"id":22736,"href":"https:\/\/samantharadionline.com\/index.php\/wp-json\/wp\/v2\/posts\/22735\/revisions\/22736"}],"wp:featuredmedia":[{"embeddable":true,"href":"https:\/\/samantharadionline.com\/index.php\/wp-json\/wp\/v2\/media\/22769"}],"wp:attachment":[{"href":"https:\/\/samantharadionline.com\/index.php\/wp-json\/wp\/v2\/media?parent=22735"}],"wp:term":[{"taxonomy":"category","embeddable":true,"href":"https:\/\/samantharadionline.com\/index.php\/wp-json\/wp\/v2\/categories?post=22735"},{"taxonomy":"post_tag","embeddable":true,"href":"https:\/\/samantharadionline.com\/index.php\/wp-json\/wp\/v2\/tags?post=22735"}],"curies":[{"name":"wp","href":"https:\/\/api.w.org\/{rel}","templated":true}]}}